{"id":413,"date":"2023-11-02T17:21:00","date_gmt":"2023-11-02T16:21:00","guid":{"rendered":"https:\/\/lavoiedessansvoix.fr\/lavoie\/2023\/11\/02\/archive-union-populaire-pour-la-palestine\/"},"modified":"2026-04-26T20:27:00","modified_gmt":"2026-04-26T18:27:00","slug":"archive-union-populaire-pour-la-palestine","status":"publish","type":"post","link":"https:\/\/lavoiedessansvoix.fr\/lavoie\/2023\/11\/02\/archive-union-populaire-pour-la-palestine\/","title":{"rendered":"UNION POPULAIRE POUR LA PALESTINE"},"content":{"rendered":"<p>UNION POPULAIRE POUR LA PALESTINE\u00ab Gilets-jaunes \u00bb, vous avez \u00e9t\u00e9 victimes de la brutalit\u00e9 du pouvoir macronien.\u00ab Anti-passe sanitaire \u00bb, qui vous \u00eates battu pour le respect de la libert\u00e9 vaccinale et avez \u00e9t\u00e9 victimes des mensonges insultes et r\u00e9pressions en tout genre de ce m\u00eame pouvoir de brutes.\u00ab Syndicalistes, travailleurs salari\u00e9s \u00bb qui vous \u00eates oppos\u00e9s par millions \u00e0 une r\u00e9forme des retraites iniques que ce pouvoir de \u00ab satrapes \u00bb vous a impos\u00e9 sans vote de l\u2019Assembl\u00e9e Nationale, sans le moindre respect des r\u00e8gles d\u00e9mocratiques.Vous tous, amis et camarades, \u00ab Gilets-Jaunes \u00bb, \u00ab D\u00e9fenseurs des libert\u00e9s \u00bb, \u00ab syndicalistes, gr\u00e9vistes salari\u00e9s, ch\u00f4meurs et exclus \u00bb, le peuple quoi ! vous savez mieux que quiconque la perversit\u00e9 de ce gouvernement.C\u2019est ce m\u00eame gouvernement qui implique la France dans la guerre en Ukraine, jette de l\u2019huile sur le feu au p\u00e9ril des peuples, applique des sanctions \u00e0 la Russie nonobstant l\u2019envol\u00e9 du co\u00fbt de l\u2019\u00e9nergie qui en r\u00e9sulte, laquelle engendre une forte inflation g\u00e9n\u00e9rale des prix qui impacte surtout les plus pauvres.C\u2019est ce m\u00eame pouvoir, qui perdant toute mesure justifie et encourage la sanguinaire op\u00e9ration vengeresse de l\u2019\u00c9tat d\u2019Isra\u00ebl contre le peuple de Gaza.Vous l\u2019avez compris, ce pouvoir de brutes est l\u2019ennemi du peuple, des peuples, de tous les peuples.Ils cautionnent et justifient le crime de guerre et le crime contre l\u2019Humanit\u00e9 qui se produit actuellement dont l\u2019\u00c9tat d\u2019Isra\u00ebl est l\u2019ex\u00e9cuteur et le peuple Gazaoui la victime. Ce pouvoir, notre gouvernement Fran\u00e7ais, l\u2019homme qui d\u00e9tient le titre de \u00ab Pr\u00e9sident de la R\u00e9publique \u00bb, plus cynique que jamais, ne semble-t-il pas vous dire de la sorte : Vois peuple de France que je n\u2019ai pas d\u2019\u00c9tat d\u2019\u00e2me \u00e0 justifier le massacre d\u2019un peuple rebelle, et veuilles-tu bien en tirer la conclusion pour toi-m\u00eame que si tu t\u2019avisais de te r\u00e9volter je t\u2019\u00e9craserai sans m\u00e9nagement tout pareil ?Les peuples sont fr\u00e8res. Les pouvoirs qui les oppriment sont les m\u00eames. En luttant contre l\u2019oppression d\u2019un peuple fr\u00e8re c\u2019est pour vous-m\u00eame que vous luttez. Pour votre dignit\u00e9, pour votre libert\u00e9, pour votre propre \u00e9mancipation, pour la victoire de vos revendications.L\u2019une des causes majeures du moment est l\u2019\u00e9crasement en cours du peuple de Gaza. Il faut arr\u00eater les mains criminelles. Vous tous, amis et camarades, \u00ab Gilets-Jaunes \u00bb, \u00ab D\u00e9fenseurs des libert\u00e9s \u00bb, \u00ab syndicalistes, gr\u00e9vistes salari\u00e9s, ch\u00f4meurs et exclus \u00bb, rejoignez en masse le mouvement populaire de d\u00e9fense du \u00ab\u00a0Petit grand peuple palestinien\u00a0\u00bb.Patrick Seignon. \u00ab lavoiedessansvoix.fr \u00bb. Jeudi 2 bovembre 2023..<\/p>\n","protected":false},"excerpt":{"rendered":"<p>UNION POPULAIRE POUR LA PALESTINE\u00ab Gilets-jaunes \u00bb, vous avez \u00e9t\u00e9 victimes de la brutalit\u00e9 du pouvoir macronien.\u00ab Anti-passe sanitaire \u00bb, [&hellip;]<\/p>\n","protected":false},"author":1,"featured_media":3991,"comment_status":"open","ping_status":"open","sticky":false,"template":"","format":"standard","meta":{"sfsi_plus_gutenberg_text_before_share":"","sfsi_plus_gutenberg_show_text_before_share":"","sfsi_plus_gutenberg_icon_type":"","sfsi_plus_gutenberg_icon_alignemt":"","sfsi_plus_gutenburg_max_per_row":"","site-sidebar-layout":"default","site-content-layout":"","ast-site-content-layout":"default","site-content-style":"default","site-sidebar-style":"default","ast-global-header-display":"","ast-banner-title-visibility":"","ast-main-header-display":"","ast-hfb-above-header-display":"","ast-hfb-below-header-display":"","ast-hfb-mobile-header-display":"","site-post-title":"","ast-breadcrumbs-content":"","ast-featured-img":"","footer-sml-layout":"","ast-disable-related-posts":"","theme-transparent-header-meta":"","adv-header-id-meta":"","stick-header-meta":"","header-above-stick-meta":"","header-main-stick-meta":"","header-below-stick-meta":"","astra-migrate-meta-layouts":"default","ast-page-background-enabled":"default","ast-page-background-meta":{"desktop":{"background-color":"var(--ast-global-color-4)","background-image":"","background-repeat":"repeat","background-position":"center center","background-size":"auto","background-attachment":"scroll","background-type":"","background-media":"","overlay-type":"","overlay-color":"","overlay-opacity":"","overlay-gradient":""},"tablet":{"background-color":"","background-image":"","background-repeat":"repeat","background-position":"center center","background-size":"auto","background-attachment":"scroll","background-type":"","background-media":"","overlay-type":"","overlay-color":"","overlay-opacity":"","overlay-gradient":""},"mobile":{"background-color":"","background-image":"","background-repeat":"repeat","background-position":"center center","background-size":"auto","background-attachment":"scroll","background-type":"","background-media":"","overlay-type":"","overlay-color":"","overlay-opacity":"","overlay-gradient":""}},"ast-content-background-meta":{"desktop":{"background-color":"var(--ast-global-color-5)","background-image":"","background-repeat":"repeat","background-position":"center center","background-size":"auto","background-attachment":"scroll","background-type":"","background-media":"","overlay-type":"","overlay-color":"","overlay-opacity":"","overlay-gradient":""},"tablet":{"background-color":"var(--ast-global-color-5)","background-image":"","background-repeat":"repeat","background-position":"center center","background-size":"auto","background-attachment":"scroll","background-type":"","background-media":"","overlay-type":"","overlay-color":"","overlay-opacity":"","overlay-gradient":""},"mobile":{"background-color":"var(--ast-global-color-5)","background-image":"","background-repeat":"repeat","background-position":"center center","background-size":"auto","background-attachment":"scroll","background-type":"","background-media":"","overlay-type":"","overlay-color":"","overlay-opacity":"","overlay-gradient":""}},"footnotes":""},"categories":[16],"tags":[],"class_list":["post-413","post","type-post","status-publish","format-standard","has-post-thumbnail","hentry","category-archives-cms"],"_links":{"self":[{"href":"https:\/\/lavoiedessansvoix.fr\/lavoie\/wp-json\/wp\/v2\/posts\/413","targetHints":{"allow":["GET"]}}],"collection":[{"href":"https:\/\/lavoiedessansvoix.fr\/lavoie\/wp-json\/wp\/v2\/posts"}],"about":[{"href":"https:\/\/lavoiedessansvoix.fr\/lavoie\/wp-json\/wp\/v2\/types\/post"}],"author":[{"embeddable":true,"href":"https:\/\/lavoiedessansvoix.fr\/lavoie\/wp-json\/wp\/v2\/users\/1"}],"replies":[{"embeddable":true,"href":"https:\/\/lavoiedessansvoix.fr\/lavoie\/wp-json\/wp\/v2\/comments?post=413"}],"version-history":[{"count":1,"href":"https:\/\/lavoiedessansvoix.fr\/lavoie\/wp-json\/wp\/v2\/posts\/413\/revisions"}],"predecessor-version":[{"id":2845,"href":"https:\/\/lavoiedessansvoix.fr\/lavoie\/wp-json\/wp\/v2\/posts\/413\/revisions\/2845"}],"wp:featuredmedia":[{"embeddable":true,"href":"https:\/\/lavoiedessansvoix.fr\/lavoie\/wp-json\/wp\/v2\/media\/3991"}],"wp:attachment":[{"href":"https:\/\/lavoiedessansvoix.fr\/lavoie\/wp-json\/wp\/v2\/media?parent=413"}],"wp:term":[{"taxonomy":"category","embeddable":true,"href":"https:\/\/lavoiedessansvoix.fr\/lavoie\/wp-json\/wp\/v2\/categories?post=413"},{"taxonomy":"post_tag","embeddable":true,"href":"https:\/\/lavoiedessansvoix.fr\/lavoie\/wp-json\/wp\/v2\/tags?post=413"}],"curies":[{"name":"wp","href":"https:\/\/api.w.org\/{rel}","templated":true}]}}