{"id":412,"date":"2023-11-05T09:40:00","date_gmt":"2023-11-05T08:40:00","guid":{"rendered":"https:\/\/lavoiedessansvoix.fr\/lavoie\/2023\/11\/05\/archive-le-parti-communiste-francais-et-le-renegat-roussel\/"},"modified":"2026-04-26T20:26:51","modified_gmt":"2026-04-26T18:26:51","slug":"archive-le-parti-communiste-francais-et-le-renegat-roussel","status":"publish","type":"post","link":"https:\/\/lavoiedessansvoix.fr\/lavoie\/2023\/11\/05\/archive-le-parti-communiste-francais-et-le-renegat-roussel\/","title":{"rendered":"LE PARTI COMMUNISTE FRAN\u00c7AIS  ET LE REN\u00c9GAT ROUSSEL"},"content":{"rendered":"<p>LE PARTI COMMUNISTE FRAN\u00c7AIS ET LE REN\u00c9GAT ROUSSELhttps:\/\/lavoiedessansvoix.fr\/forum\/images\/mac2.JPG(O\u00f9 VA LE PARTI COMMUNISTE SOUS LA CONDUITE DE FABIEN ROUSSEL ?)J\u2019ai d\u00e9j\u00e0 fait cette confidence qu\u2019ont sans doute retenu mes lecteurs les plus assidus, j\u2019ai \u00e9t\u00e9 dans ma jeunesse quatre ann\u00e9es membre du P.C.F. et des jeunesses communistes. C\u2019est par cette porte que je fis mon entr\u00e9e dans la vie militante politique. Aussi est-ce avec d\u00e9solation et une infinie tristesse que j\u2019assiste \u00e0 la d\u00e9cadence morale et politique de celui qui fut un temps \u00ab Mon Parti \u00bb.Donc, si je l\u2019\u00e9trille ici sans m\u00e9nagement, je vous prie de me pardonner aux raisons de cet adage qui dit \u00ab Qui aima bien ch\u00e2tie bien \u00bb.D\u2019autant plus que je n\u2019ignore pas qu\u2019il reste au P.C.F., par-del\u00e0 leur fid\u00e9lit\u00e9, peut-\u00eatre excessive, des femmes et des hommes de grande qualit\u00e9 et dont la probit\u00e9 Ne saurait \u00eatre mise en cause.J\u2019\u00e9crivis en 1986 une plaquette intitul\u00e9e \u00ab Social Bonapartisme et classe ouvri\u00e8re \u00bb, r\u00e9pertori\u00e9e \u00e0 la Biblioth\u00e8que nationale mais dont la diffusion est rest\u00e9e tr\u00e8s confidentielle. D\u00e9j\u00e0 j\u2019y \u00e9tablissais le constat de d\u00e9c\u00e8s du P.C.F.Le processus de putr\u00e9faction des corps politiques est souvent bien plus long que celui des corps organiques. Si la croyance en la r\u00e9surrection des morts appartient \u00e0 la foi, il apparait que les corps politiques putr\u00e9fi\u00e9s peuvent parfois donner des avatars. Ainsi le Parti Radical Socialiste, pilier de notre troisi\u00e8me R\u00e9publique, outre les vers donna de nombreuses r\u00e9surgences sous la 4\u00e8me et jusque sous la 5\u00e8me R\u00e9publique (Parti Radical Valoisien, M.R.G, P.R.G, etc\u2026). Il en va de m\u00eame pour le P.C.F. \u00ab P.C.F. \u00bb, le sigle existe encore et cette existence peut abuser le commun des mortels peu politis\u00e9, pas les militants aguerris. Le parti communiste fran\u00e7ais est bien mort comme je l\u2019avais annonc\u00e9 dans la premi\u00e8re moiti\u00e9 de la d\u00e9cennie 80 du si\u00e8cle dernier. Ce que nous en voyons aujourd\u2019hui ne sont que des illusions, des spectres, des avatars, des projections optiques en trompe-l\u2019\u0153il. Des hologrammes d\u2019outre-tombe.Avec l\u2019av\u00e8nement de Fabien Roussel \u00e0 sa direction, le parti \u00ab de la classe ouvri\u00e8re \u00bb, non plus r\u00e9volutionnaire depuis longtemps, mais encore tout de m\u00eame contestataire et belliqueux, le parti de Marcel Cachin et Maurice Thorez jusque \u00e0 Georges Marchais, est en passe de se transformer en tout autre chose. Ce parti qui eut tant de mal \u00e0 faire la critique du Stalinisme et du culte de la personnalit\u00e9, se trouva d\u00e9sempar\u00e9 lors de l\u2019effondrement du mur de Berlin et de l\u2019URSS. Brouill\u00e9es d\u00e9j\u00e0 par sa pratique politique \u00ab d\u00e9mocrassouillarde \u00bb r\u00e9publicaine et le cr\u00e9tinisme parlementaire, l\u2019attachement \u00e0 l\u2019URSS restait la seule r\u00e9f\u00e9rence qui le reliait encore \u00e0 une culture politique de classe, quoique galvaud\u00e9e. La disparition de celle-ci sonnait le glas de cette formation. Elle y rompait ses derni\u00e8res amarres historiques. Ainsi d\u00e9sempar\u00e9e l\u2019\u00e9pave du P.C.F. \u00e9tait vou\u00e9e \u00e0 une longue d\u00e9rive vers les abysses de la perdition.Le fascisme, l\u2019extr\u00eame droite sont il est vrai des ennemis jur\u00e9s de la classe ouvri\u00e8re, du communisme et de la r\u00e9volution socialiste. Ce n\u2019est toutefois pas aux noms de ceux-ci que le P.C.F. rejette celle qu\u2019il identifie comme \u00ab l\u2019extr\u00eame droite lepeniste \u00bb, mais au nom du principe r\u00e9publicain, cette derni\u00e8re \u00e9tant r\u00e9put\u00e9e \u00ab a \u00bb ou \u00bb anti \u00bb r\u00e9publicaine \u00bb. Ce n\u2019est pas au nom de la classe ouvri\u00e8re non plus, mais au nom du principe d\u00e9mocratique qui appartient au capitalisme lib\u00e9ral. C\u2019est ainsi qu\u2019il peut, d\u00e8s lors appeler son \u00e9lectorat, parmi lequel les travailleurs, \u00e0 voter pour jacques Chirac, son adversaire politique et leur adversaire de classe. Cela se passait en 2002. Le risque d\u2019une victoire \u00e9lectorale de Jean-Marie Le Pen \u00e9tait pourtant alors tout \u00e0 fait illusoire. Cet \u00e9v\u00e8nement fondateur illustre on ne peut mieux la perte de rep\u00e8res qui affecte le .PC..F d\u00e8s ce temps, et peut-\u00eatre avant.LES MARQUEURS DE LA D\u00c9RIVE R\u00c9ACTIONNAIRE ROUSSELIENNE DU P.C.F.1 &#8211; Alignement sans condition sur les positions de l\u2019imp\u00e9rialisme occidental dans la question des printemps arabes. Le parti communiste est ici chez nous un ardent d\u00e9fenseur de la la\u00efcit\u00e9. La la\u00efcit\u00e9, avant celle de l\u2019\u00e9cole de la R\u00e9publique, c\u2019est celle de \u00ab l\u2019\u00c9tat \u00bb.Les pr\u00e9tendus printemps arabes anim\u00e9s de l\u2019ext\u00e9rieur par un r\u00e9seau d\u2019ONG et de connexions internet au service des fabricants imp\u00e9rialistes de r\u00e9volutions de couleur ou fleuries, qui m\u00e9nageaient les pires monarchies r\u00e9actionnaires, s\u2019av\u00e9ra bien vite n\u2019\u00eatre qu\u2019une entreprise de d\u00e9stabilisations des r\u00e9gimes arabes La\u00efques. Une agression imp\u00e9rialiste par l\u2019entremise du cheval de Troie de (mouvement populaire instrumentalis\u00e9s) et ne redoutant pas de faire appel \u00e0 la collaboration active des pires produits de la r\u00e9action arabe que sont les sectes islamistes int\u00e9gristes. Mais le parti communiste ne voulut pas voir cela. Il s\u2019en t\u00eent \u00e0 la diabolisation des \u00ab dictateurs arabes \u00bb \u00e0 la qualit\u00e9 de quoi avaient acc\u00e9d\u00e9 \u00ab Ben Ali, Moubarak, Kadafi (mais pas l\u2019\u00c9mir de Bahre\u00efn ni les rois d\u2019Arabie Saoudite, du Maroc ou de Jordanie), et \u00e0 la juste insurrection des peuples contre ceux-ci. Les mouvements des foules, r\u00e9volt\u00e9es et r\u00e9volutions arabes de ces ann\u00e9es 2011 \u00e0 2016 ne furent au mieux que des soul\u00e8vements populaires instrumentalis\u00e9s quand ce ne furent des provocations mont\u00e9es de toute pi\u00e8ce. Or le parti communiste \u00e9mancip\u00e9 de toute r\u00e9f\u00e9rence de classe, ayant oubli\u00e9 l\u2019existence m\u00eame de l\u2019imp\u00e9rialisme et ses manigances, s\u2019en tint \u00e0 la vision simpliste des m\u00e9chants dictateurs sanguinaires et des gentils peuples insurg\u00e9s, mani\u00e8re en v\u00e9rit\u00e9 de s\u2019aligner sur les positions de son propre imp\u00e9rialisme.2 &#8211; Validation du pi\u00e8ge \u00e9lectoral. Le pas d\u00e9cisif avait \u00e9t\u00e9 fait en 2002. Il y avait donc moins de surprise \u00e0 son renouvellement en 2017. Toujours pour \u00ab faire barrage \u00e0 Le Pen \u00bb, mais cette foi Marine. Fabien Roussel, mais il ne fut pas le seul dans ce que l\u2019on nomme \u00ab la gauche \u00bb, \u00ab l\u2019extr\u00eame \u00bb voire \u00ab R\u00e9volutionnaire \u00bb ( ?) Le P.C.F. ouvertement, d\u2019autres \u00ab en trompe-l\u2019\u0153il \u00bb, appela \u00e0 voter Macron, l\u2019homme qui promettait les pires calamit\u00e9s \u00e0 notre mod\u00e8le social fran\u00e7ais et aux classes laborieuses.3 &#8211; Rejet du peuple r\u00e9el. Le petit \u00ab Jules Pitter \u00bb, parvenu au pouvoir \u00ab par effraction \u00bb, la situation sociale ne tarda pas \u00e0 se g\u00e2ter. Ce fut, moins de deux ans apr\u00e8s l\u2019\u00e9ruption du mouvement \u00ab Gilet-Jaunes \u00bb. Qu\u2019\u00e9tait-ce que ce mouvement ? Une mobilisation populaire, au sens le plus noble du terme, qui r\u00e9unissait dans cet \u00e9lan toutes les cat\u00e9gories de la soci\u00e9t\u00e9 laborieuse. Parmi celles-l\u00e0 certaines qui ont peu coutume de se mobiliser et de lutter. Une alliance de facto entre le monde ouvrier et salari\u00e9, les laiss\u00e9s pour compte, les \u00ab err\u00e9mistes \u00bb et les travailleurs priv\u00e9s d\u2019emploi, les petits agriculteurs, les artisans, les professions lib\u00e9rales, les autoentrepreneurs etc. Une aubaine historique au sens d\u2019un parti qui fonde son action sur la mobilisation populaire. Mais foin de saisir l\u2019aubaine, le parti communiste cracha alors sur ce mouvement voulant y voir une simple \u00e9manation de \u00ab l\u2019extr\u00eame droite \u00bb. Il y avait l\u00e0 sur les ronds-points, dans les rues, le peuple v\u00e9ritable, tel qu\u2019il est dans sa diversit\u00e9, et d\u2019un revers de main brutal le PCF signifiait son d\u00e9dain \u00e0 son \u00e9gard. Le Parti communiste attach\u00e9 \u00e0 une imagerie doctrinale du peuple n\u2019aimait pas le peuple r\u00e9el.4 \u2013 Il comunismo non \u00e8 piu.il partito della libert\u00e0.Quinquennat noir. A la crise des Gilets-jaunes succ\u00e9da celle du \u00ab Covid \u00bb. C\u2019est tout au moins ainsi que l\u2019on a baptis\u00e9 une s\u00e9quence historique qui va de la fin 2019 \u00e0 2021. Ne rentrons pas ici dans la pol\u00e9mique sur les origines, pangolin ou pas, ou la r\u00e9alit\u00e9, \u00e9pid\u00e9mie ou pand\u00e9mie, rhume ou Ebola. \u00c9vitons le d\u00e9bat sur la justification scientiste des mesures gouvernementales, ou sur l\u2019\u00e9norme pactole des labos. Limitons-nous \u00e0 la question des \u00ab\u00a0libert\u00e9s\u00a0\u00bb. Le code de la sant\u00e9 publique dispose que le patient qui doit \u00eatre inform\u00e9s des avantages et inconv\u00e9nients du traitement qu\u2019on lui propose est libre de l\u2019accepter, d\u2019en d\u00e9sirer un autre voire de tout refuser. Si l\u2019individu n\u2019est plus libre de son corps et ne dispose plus de sa sant\u00e9, si l\u2019\u00c9tat en dispose \u00e0 sa place, il n\u2019y a plus de libert\u00e9s du tout. Or le parti communiste, \u00ab parti du peuple et de la libert\u00e9 \u00bb, pr\u00f4na alors la vaccination obligatoire et ne contesta pas l\u2019instauration du passe vaccinal Le parti communiste se d\u00e9tourna de la lutte pour les libert\u00e9s. Cette capitulation en disait long sur la r\u00e9gression id\u00e9ologique et culturelle \u00e0 l\u2019\u0153uvre dans cette formation. \u00ab Bandiera rossa la trionfer\u00e0. Evviva il comunismo e la libert\u00e0. \u00bb Disait le vieux chant r\u00e9volutionnaire italien. Oui, en ce temps le communisme et la libert\u00e9 ne faisaient qu\u2019un. Mais il faut bien l\u2019admettre aujourd\u2019hui, Il comunismo non \u00e8 piu.il partito della libert\u00e0.5 \u2013 Solidarit\u00e9 avec la police.Le 19 mai 2021, des milliers de policiers manifestent devant l\u2019Assembl\u00e9e nationale : ils \u00ab r\u00e9clament plus de moyens et plus de s\u00e9v\u00e9rit\u00e9 contre leurs agresseurs. La classe politique presque au complet, y compris le ministre de l\u2019int\u00e9rieur, a pris part \u00e0 ce rassemblement. \u00bb (source \u00ab Le monde \u00bb.) C\u2019est \u00ab l\u2019Union sacr\u00e9 r\u00e9publicaine \u00bb en osmose avec sa police. Fabien Roussel en fait partie.  Seule .LF.I. a refus\u00e9 d\u2019y prendre part.Il s\u2019agit l\u00e0 d\u2019une affaire tr\u00e8s grave. Pour un homme de \u00ab gauche \u00bb de se solidariser ainsi avec les revendications cat\u00e9gorielles et la vision polici\u00e8re partiale des relations police\/justice. Mais cela est d\u2019autant plus grave si l\u2019on prend en compte le contexte. \u00c9volution du concept de l\u00e9gitime d\u00e9fense et \u00e9largissement de l\u2019usage des armes \u00e0 feu. Les tensions dans les banlieues que la pr\u00e9sence polici\u00e8re et les contr\u00f4les fr\u00e9quents exacerbent. Les nombreuses bavures ayant entrain\u00e9 la mort de plusieurs jeunes gens voire quelques d\u00e9rapages odieux, et jamais punis. La multiplication des cas d\u2019usage des armes \u00e0 feu sous pr\u00e9texte de \u00ab d\u00e9lit de fuite \u00bb. La violente r\u00e9pression encore en m\u00e9moires du mouvement des gilets-jaunes avec \u00e0 la cl\u00e9 plusieurs d\u00e9c\u00e8s, des \u00e9borgnages et des mains arrach\u00e9es ; des brutalit\u00e9s et des arrestations contre des syndicalistes. Des achats massifs d\u2019\u00e9quipements (chars, canons \u00e0 eau, fusils L.B.D, drones, etc.), de consommables : Grenades de d\u00e9sencerclement, grenades assourdissantes, munitions L.B.D, etc.), qui donnent \u00e0 penser que le gouvernement se pr\u00e9pare activement \u00e0 une r\u00e9pression de masse. La multiplication des lois et d\u00e9crets liberticides.Le r\u00e9gime se durcit, s\u2019arme, se montre de plus en plus agressif \u00e0 l\u2019\u00e9gard de sa population. C\u2019est le temps o\u00f9 le secr\u00e9taire national du parti communiste se solidarise avec les policiers qui en demandent toujours plus. Le Parti de la libert\u00e9 et de l\u2019\u00e9mancipation du peuple qui se solidarise avec les forces de r\u00e9pression du capital ? Perplexit\u00e9. Le Parti de la libert\u00e9 et de la lib\u00e9ration, c\u2019\u00e9tait avant. Le temps en est r\u00e9volu. Le Parti de Fabien Roussel se range du c\u00f4t\u00e9 de l\u2019ordre capitaliste et de la r\u00e9pression et tient \u00e0 le faire savoir en s\u2019affichant avec le ministre de l\u2019int\u00e9rieur ce 19 mai 2021.6 \u2013 Dans le sillage des Jouhaux et Briand. Le 24 f\u00e9vrier 2022 Vladimir Poutine d\u00e9clenche ce qu\u2019il appelle \u00ab Op\u00e9ration Militaire Sp\u00e9ciale en Ukraine \u00bb, en acronyme Russe \u00ab S.V.O. \u00bb. Dans la \u00ab D\u00e9claration \u00bb de son Conseil national, 19 mars 2022, le P.C.F. \u00bb stipule : \u00ab En violant l\u2019int\u00e9grit\u00e9 territoriale et la souverainet\u00e9, de l\u2019Ukraine, Vladimir Poutine porte l\u2019enti\u00e8re responsabilit\u00e9 du d\u00e9clenchement de cette guerre \u00bbL\u2019Histoire a-t-elle donc commenc\u00e9e ce 24 f\u00e9vrier fatidique ? Adieu le pass\u00e9, finies les ant\u00e9riorit\u00e9s. Avant le 24 f\u00e9vrier 2022 le P.C.F. n\u2019a-t-il rien retenu, de l\u2019avanc\u00e9e des forces de l\u2019O.T.A.N. toujours plus pr\u00e8s des fronti\u00e8res de la Russie, des manigances et man\u0153uvres des USA et de l\u2019UE pour attirer l\u2019Ukraine dans leur zone d\u2019influence, du coup d\u2019\u00c9tat de la place Ma\u00efdan le 23 f\u00e9vrier 2014, de l\u2019insurrection des R\u00e9publiques de Donetsk et Lougansk contre le nouveau pouvoir central de Kiev, de l\u2019Union de la Crim\u00e9e \u00e0 la f\u00e9d\u00e9ration de Russie, de l\u2019agression du pouvoir \u00ab Ki\u00e9vistes \u00bb contre les R\u00e9publiques proclam\u00e9es du Donbass, du non-respect des accords de Minsk. Le PCF ne veut rien voir de la provocation occidentale, en peu de mots, qui a creus\u00e9es les conditions de cette guerre depuis huit ans et plus, et cr\u00e9e le \u00ab casus-belli \u00bb. Plus grave m\u00eame, et plus horrible encore d\u2019un point de vue moral. Le P..CF. qui appelle les salari\u00e9s Fran\u00e7ais \u00e0 voter pour Macron leur pire ennemi aux raisons de barrer la route \u00e0 \u00ab l\u2019extr\u00eame droite \u00bb, conteste le pr\u00e9texte de \u00ab d\u00e9nazification \u00bb de l\u2019Ukraine invoqu\u00e9 par la Russie, s\u2019obstinant \u00e0 ne voir dans la provocation de Ma\u00efdan que \u00ab la mobilisation d\u00e9mocratique d\u2019un peuple \u00ab d\u00e9sireux de s\u2019\u00e9manciper du joug russe \u00bb* .Le P.C.F. refuse de voir dans Ma\u00efdan un coup d\u2019\u00c9tat de l\u2019extr\u00eame droite ukrainienne, (Secteur droit, commando Azov, \u2026)pourtant bien plus active et agressive que notre \u00ab RN \u00bb d\u2019ici.Alors certes, ayant sur la base de ces attendus historiques biais\u00e9s, prononc\u00e9 sa sentence sans appel contre Poutine et la Russie, le P..F, afin de se donner bonne conscience et de paraitre moins partial, \u00e9voque tout de m\u00eame, mais apr\u00e8s, l\u2019existence de l\u2019extr\u00eame droite ukrainienne, sugg\u00e8re que \u00ab la mobilisation du Ma\u00efdan n\u2019\u00e9tait pas que spontan\u00e9e \u00bb, que l\u2019O.T.A.N. avait pouss\u00e9 ses pions un peu loin etc. Mais, \u00ab force de la chose jug\u00e9e \u00bb le verdict n\u2019en subira aucun all\u00e8gement. \u00ab Le grand m\u00e9chant Ours \u00bb s\u2019est Poutine, et la Russie a tous les torts.Sur la question de la guerre et de la paix, par-del\u00e0 le discours \u00ab peace and-love \u00bb fadasse, le P.C.F. de Fabien Roussel, au seuil d\u2019une possible troisi\u00e8me guerre mondiale, s\u2019est en v\u00e9rit\u00e9 rang\u00e9 dans \u00ab l\u2019Union sacr\u00e9 \u00bb avec son propre imp\u00e9rialisme, comme le firent en 1914 ses pr\u00e9d\u00e9cesseurs peu reluisants, Briand et Jouhaux.7 &#8211; Roussel envoi l\u2019ascenseur \u00e0 Macron. Le quinquennat noir d\u2019Emmanuel Macron (2017\/2022) fut donc une catastrophe pour le peuple de ce pays. Voil\u00e0 pourtant que celui-ci renouvelle sa candidature \u00e0 la pr\u00e9sidence en 2022. S\u2019il est r\u00e9\u00e9lu, il le dit clairement, son premier acte sera la \u00ab r\u00e9forme des retraites \u00bb. On aurait pu esp\u00e9rer que dans ces conditions \u00ab la gauche \u00bb, le parti communiste, disent au moins, \u00ab s\u2019il est r\u00e9\u00e9lu ce sera sans nous, sans nos voix, sans la validation de notre \u00e9lectorat \u00bb. Mais ils n\u2019eurent pas m\u00eame ni cette prudence ni cette pudeur. Retors M\u00e9lenchon a dit \u00ab Pas une voix pour Le Pen \u00bb, mani\u00e8re honteuse de dire qu\u2019il fallait assurer la r\u00e9\u00e9lection de Macron. Quant \u00e0 Fabien Roussel, c\u2019est sans m\u00e9nagement et sans honte qu\u2019il appela ouvertement les \u00e9lecteurs \u00e0 porter leurs voix sur le nom du commis des banques, le pire ennemi des salari\u00e9s et du peuple en g\u00e9n\u00e9ral. Appeler le peuple des travailleurs, les travailleurs priv\u00e9s d\u2019emplois (commun\u00e9ment nomm\u00e9s ch\u00f4meurs) \u00e0 voter pour l\u2019homme qui leur promettait une r\u00e9gression sociale sans pr\u00e9c\u00e9dent, au pr\u00e9texte d\u2019un danger pr\u00e9tendument plus grand. N\u2019\u00e9tait-ce pas l\u00e0 une performance bizarre pour un pr\u00e9tendu parti communiste ? 8 &#8211; Diatribe contre Adrien QuatenensCette affaire d\u2019alc\u00f4ve aurait d\u00fb rest\u00e9e dans la sph\u00e8re priv\u00e9e, si une \u00e2me malveillante ne s\u2019\u00e9tait enquise de la faire sortir du registre des mains courantes d\u2019un commissariat.Devenue publique et un tribunal saisit, Adrien Quatennens, d\u00e9put\u00e9 du Nord, fut condamn\u00e9 \u00e0 quatre mois de prison avec sursis pour une gifle qu\u2019il a reconnu avoir donn\u00e9 \u00e0 son \u00e9pouse, il y avait plus d\u2019un an, dans un contexte de violence conjugale. La justice a parl\u00e9, la sanction est tomb\u00e9e. Point !\u2026 Les choses devaient en rester l\u00e0. Un jugement ne s\u2019impose pas qu\u2019au \u00ab mis en cause \u00bb, il a une valeur sociale et doit \u00eatre respect\u00e9 par tous.Mais voil\u00e0 que la pression ne se rel\u00e2che pas ; Voil\u00e0 qu\u2019apr\u00e8s la d\u00e9ferlante m\u00e9diatique et les assertions de \u00ab ses ennemis politiques naturels \u00bb de \u00ab la droite \u00bb, est venue l\u2019heure de la cur\u00e9e ; La meute des chiens fourbes de son propre \u00ab camp \u00bb se l\u00e2che, certains de ses alli\u00e9s et \u00ab amis \u00bb politiques prennent le relais pour tenter de l\u2019abattre politiquement.Fabien Roussel, Secr\u00e9taire national de la formation qui se nomme encore Parti Communiste \u00bb s\u2019est particuli\u00e8rement illustr\u00e9 alors comme \u00ab lyncheur num\u00e9ro un \u00bb. Il a d\u2019abord dit que\u00a0\u00bb lorsqu\u2019un d\u00e9put\u00e9 est condamn\u00e9 pour violence conjugale il n\u2019avait plus sa place \u00e0 l\u2019Assembl\u00e9e\u00a0\u00bb. Puis il en a remis une couche : \u00ab si mon fils avait fait cela je ne lui adresserai plus la parole. \u00bb et enfin : \u00ab Lorsqu\u2019on est condamn\u00e9 on n\u2019a plus rien \u00e0 faire en politique. \u00bb Pourquoi tant d\u2019acharnement \u00e0 d\u00e9truire ce gar\u00e7on ? Nous avons dit pr\u00e9c\u00e9demment comment Fabien Roussel en se portant candidat \u00e0 l\u2019\u00e9lection pr\u00e9sidentielle de 2022 avait contribu\u00e9 \u00e0 barrer \u00e0 M\u00e9lenchon la route du deuxi\u00e8me tour, et de la sorte, \u0153uvr\u00e9 activement \u00e0 la r\u00e9\u00e9lection d\u2019Emmanuel Macron. C\u2019est que Fabien Roussel consid\u00e8re que M\u00e9lenchon et L.F.I. \u00ab bouffent \u00bb l\u2019espace vital de son parti. Ne voulant admettre bien s\u00fbr (il ne voudra probablement l\u2019admettre jamais) que la perte d\u2019audience du PCF est de la responsabilit\u00e9 du seul P.C.F. Qu\u2019elle est la cons\u00e9quence de ses reniements, la sanction de ses trahisons, le juste retour de sa perte d\u2019identit\u00e9, depuis quarante ans. Il cherche des responsables et croient les avoir trouv\u00e9s. L.F.I, M\u00e9lenchon, lui font de l\u2019ombre. Alors il est pr\u00eat \u00e0 faire feu de tout bois pour r\u00e9duire l\u2019influence de cette formation, pour discr\u00e9diter M\u00e9lenchon. Abattre Quatennens n\u2019\u00e9tait-ce pas atteindre M\u00e9lenchon ? Fabien Roussel se montre ici \u00ab en tueur politique \u00bb.  Pr\u00e9s \u00e0 recourir aux proc\u00e9d\u00e9s les plus ignobles. Persuad\u00e9 de lui redonner ainsi du souffle, dans cette affaire Fabien Roussel n\u2019aura en v\u00e9rit\u00e9 atteint qu\u2019un r\u00e9sultat celui de se d\u00e9shonorer lui-m\u00eame et pr\u00e9cipiter la m\u00e9moire de son parti dans la fange.9 &#8211; Retraite trahison. Ils appelaient \u00e0 voter pour le candidat dont le point d\u2019orgue du programme \u00e9tait une r\u00e9forme des retraites. Ne cautionnaient-ils pas ainsi d\u00e9j\u00e0 un peu celle-ci ? Allaient-ils quelques semaines apr\u00e8s sa r\u00e9\u00e9lection assumer le risque de d\u00e9stabiliser celui qu\u2019ils pr\u00e9sentaient comme le dernier rempart contre l\u2019extr\u00eame droite ? Bien s\u00fbr que non ! C\u2019\u00e9tait bien mal engag\u00e9 pour la lutte que le peuple laborieux allait entreprendre contre la r\u00e9forme Macron\/Borne. Avant de l\u2019avoir entreprise ils \u00e9taient en quelque sorte d\u00e9j\u00e0 trahis.  Alors me direz-vous, la question des retraites rel\u00e8ve surtout de la comp\u00e9tence et de l\u2019action des syndicats. On ne peut en imputer la d\u00e9faite au parti communiste. Sauf que : 1O fois \u00e0 l\u2019assembl\u00e9e nationale la r\u00e9forme aurait pu \u00eatre rejet\u00e9e. Dix fois ils man\u0153uvr\u00e8rent pour \u00e9viter que cela soit. Certes les voix r\u00e9unis de la \u00ab gauche \u00bb et du RN ne suffisaient pas au vote d\u2019une motion de censure. Mais cette r\u00e9union si elle avait \u00e9t\u00e9 r\u00e9alis\u00e9e \u00e9tait de nature \u00e0 fissurer la majorit\u00e9 pr\u00e9sidentielle. Cela avait d\u2019ailleurs commenc\u00e9. \u00c7a tanguait fort parmi les d\u00e9put\u00e9s du Parti r\u00e9publicain. Mais ils adopt\u00e8rent un attitude de \u00ab pucelle effarouch\u00e9e \u00bb refusant disaient-ils de joindre leurs voix \u00ab \u00e0 celle de l\u2019extr\u00eame droite \u00bb . Refusant surtout ainsi, au d\u00e9triment des int\u00e9r\u00eats du peuple, de tenter une chance de stopper cette r\u00e9forme \u00e0 l\u2019Assembl\u00e9e. \u00ab M\u00e9langer ses voix \u00e0 celle de l\u2019extr\u00eame droite \u00bb ? Mais n&rsquo;\u00e9tait-ce pas tout simplement faire s\u2019exprimer au palais Bourbon cette majorit\u00e9 de fran\u00e7ais, plus de 70 %, qui vote M\u00e9lenchon Faure Roussel ou Le Pen, qui allait bient\u00f4t se manifester dans la rue ? Refuser cette voie pour stopper l\u2019agression du pouvoir n\u2019\u00e9tait-ce pas d\u00e9j\u00e0 la valider ?10 &#8211; R\u00e9forme du ch\u00f4mage. Le parti communiste on le sait a abandonn\u00e9 depuis longtemps la r\u00e9f\u00e9rence au concept de \u00ab dictature du prol\u00e9tariat, effac\u00e9 de son iconographie l\u2019embl\u00e8me pacifique du peuple laborieux, de l\u2019alliance de l\u2019ouvrier et du paysan, qu\u2019\u00e9tait la faucille et du marteau. Renoncera-t-il aussi au rouge du drapeau de la Commune ? En l\u2019occurrence il est vrai du rouge il a plus de motifs \u00e0 pr\u00e9sent d\u2019en avoir au front qu\u2019au fronton. La sortie scandaleuse de Fabien Roussel le 9 septembre 2022\u00e0 la f\u00eate de l\u2019Humanit\u00e9 : \u00ab Nous sommes la gauche du travail pas celles des allocs \u00bb, le couvre de honte.Alors bien s\u00fbr moi-m\u00eame j\u2019adh\u00e8re pleinement \u00e0 ce concept de \u00ab la valeur travail \u00bb. La valeur travail oppos\u00e9 \u00e0 la valeur \u00ab argent \u00bb \u00ab capital \u00bb. La valeur du travail producteur de richesse oppos\u00e9 \u00e0 la valeur capital accapareur des richesses. Mais je refuse d\u2019adh\u00e9rer \u00e0  la \u00ab valeur travail \u00bb de Fabien Roussel, oppos\u00e9 au secours, \u00e0 la solidarit\u00e9 sociale n\u00e9cessaire avec ceux que le syst\u00e8me prive d\u2019emploi ou exclu, avec ceux que leur situation personnelle physique ou mentale ou une trop longue exclusion, a rendu inapte au travail. La diatribe du secr\u00e9taire national du P.C.F. est \u00e0 cet \u00e9gard une tache ind\u00e9l\u00e9bile sur ce qui constituait jusque-l\u00e0 la bonne conscience du parti. C\u2019est une\u00a0\u00bb banderilla\u00a0\u00bb empoisonn\u00e9e contre l\u2019unit\u00e9 de classe des travailleurs actifs ou priv\u00e9 d\u2019emploi. C\u2019est une mani\u00e8re d\u2019abonder dans le sens de ceux qui veulent rendre les ch\u00f4meurs responsables du manque d\u2019emplois. Et cela, pire encore, dans le temps pr\u00e9cis\u00e9ment o\u00f9 le pouvoir concoctait une abominable r\u00e9forme du ch\u00f4mage. N\u2019\u00e9tait-ce pas une fois encore la manifestation d\u2019une volont\u00e9 d\u00e9lib\u00e9r\u00e9e de valider la politique du pouvoir macroniste ?11 &#8211; Position r\u00e9actionnaire sur la question des \u00e9meutes de la jeunesse des cit\u00e9sUn jeune homme, un adolescent est \u00ab flingu\u00e9 \u00e0 bout portant par un policier \u00bb. Les cit\u00e9s populaires de nos villes s\u2019embrasent. Les m\u00eames qui condamnent la jeunesse des banlieues ne sont-ils pas les m\u00eames qui applaudirent \u00e0 \u00ab la r\u00e9volution tunisienne \u00bb que d\u00e9clencha un \u00e9v\u00e8nement du m\u00eame ordre. Qu\u2019elle est la vraie diff\u00e9rence entre les \u00e9v\u00e8nements de Tunis de 2011 et ceux d\u2019en France en 2023 ?  Que le peuple de chez nous, qui a pourtant mille raisons de s\u2019insurger, contrairement au peuple tunisien, est rest\u00e9 impavide face \u00e0 l\u2019horreur, insensible \u00e0 la douleur et \u00e0 la col\u00e8re de cette jeunesse. Pourquoi ? Parce qu\u2019un sentiment contenu de rejet des population issues de l\u2019immigration interdit la fusion des r\u00e9voltes. Nahel est mort. Qu\u2019importe qui il fut, qu\u2019importe sa personnalit\u00e9. Le r\u00f4le des forces de l\u2019ordre c\u2019est d\u2019appr\u00e9hender les fauteurs de d\u00e9lits et les d\u00e9linquants, pas de les ex\u00e9cuter. Qu\u2019est-ce donc ce pays, ce personnel politique qui se rengorgent d\u2019avoir, sous l\u2019impulsion de Robert Badinter abolie en 1981 la peine de mort inflig\u00e9e par les tribunaux et qui acquiescent \u00e0 l\u2019ex\u00e9cution d\u2019un adolescent, pour des faits mineurs, sans accusation ni proc\u00e8s ? Car condamner la r\u00e9action \u00e9motive de la jeunesse plut\u00f4t que l\u2019acte criminel du policier est une forme d\u2019agr\u00e9ment.Les cit\u00e9s populaires de nos grandes villes s\u2019embrasent. Des d\u00e9pr\u00e9dations et des exactions ont lieu. Bien entendu ces violences ces destructions sont regrettables. &#8211; La violence populaire doit \u00eatre employ\u00e9 \u00e0 bon escient contre les vrais fauteurs de la mis\u00e8re sociale, pas contre le bien public, pas contre son environnement, pas contre soi-m\u00eame. &#8211; \u00c7\u00e0, c\u2019est l\u2019id\u00e9ologie , \u00e7a c\u2019est la th\u00e9orie de la \u00ab bien \u00ab\u00a0pensence\u00a0\u00bb . Ce n\u2019est pas la r\u00e9alit\u00e9 sociale. Surtout lorsqu\u2019aucun parti ne prend en charge la col\u00e8re l\u00e9gitime. \u00ab\u00a0Je me refuse \u00e0 l\u00e9gitimer cette violence\u00a0\u00bb. \u2018Tweete\u2019 alors Fabien Roussel le 4 juillet. \u00ab\u00a0Je me d\u00e9solidarise totalement de ceux qui l&rsquo;ont fait. Notre soci\u00e9t\u00e9 a besoin d&rsquo;ordre, de justice et de respect. C&rsquo;est comme cela que nous pourrons engager une r\u00e9conciliation nationale.\u00a0\u00bb (Source X). Et toujours guid\u00e9 par son obsession de nuire \u00e0 L.F.I. et \u00e0 la \u00ab N.U.P.E.S. \u00bb, il ajoute : \u00ab\u00a0Je me d\u00e9solidarise totalement des propos de Jean-Luc M\u00e9lenchon et de certains de ses d\u00e9put\u00e9s qui ont refus\u00e9 d\u2019appeler au calme\u00a0\u00bb. (Source BFMTV, 4 juillet 2023.)Ici on le voit, le P.C.F. se revendique \u00ab Parti de l\u2019ordre \u00bb. Le parti communiste condamne les d\u00e9bordements de la jeunesse n\u2019est-ce pas une fa\u00e7on d\u2019absoudre le syst\u00e8me ? Car, qu\u2019est-ce que la toile de fond ? Des cit\u00e9s dortoir invivables, sortes de ghettos de la mis\u00e8re sociale, une population r\u00e9duite au ch\u00f4mage et \u00e0 la pr\u00e9carit\u00e9, une jeunesse sans avenir et sans esp\u00e9rance. Qui est responsable de cela ? Le syst\u00e8me capitaliste lib\u00e9ral bien s\u00fbr.12 \u2013 Retour d\u2019ascenseur :Je parti communiste, avec la candidature de Fabien Roussel \u00e0 l\u2019\u00e9lection pr\u00e9sidentielle a contribu\u00e9, non pas tellement avec les voix qu\u2019il a lui-m\u00eame prises, mais par la division que cela induisait et le doute que \u00e7a instillait, \u00e0 l\u2019accession de Macron en t\u00eate du deuxi\u00e8me tour, lui procurant ainsi un avantage de d\u00e9part sur Marine Le Pen. Un deuxi\u00e8me tour Macron\/M\u00e9lenchon, l\u2019esp\u00e9rance d\u2019un changement paressant ainsi possible \u00e0 gauche, eut probablement \u00e9t\u00e9 beaucoup plus probl\u00e9matique pour la r\u00e9\u00e9lection de notre satrape national. Pour parfaire son \u00ab \u0153uvre \u00bb Fabien Roussel, qui parait ne pas vouloir faire les choses \u00e0 moiti\u00e9, est all\u00e9 jusqu\u2019\u00e0 s\u2019autoriser un appel direct \u00e0 voter Macron. Une telle pers\u00e9v\u00e9rance \u00e9tait r\u00e9v\u00e9latrice. Le soutien de Fabien Roussel \u00e0 Macron n\u2019\u00e9tait pas que circonstanciel ? Il s\u2019agissait sans nul doute d\u2019un \u00ab deal \u00bb, pour ne pas prononcer le mot \u00ab alliance \u00bb, scell\u00e9 entre les deux hommes. Fabien Roussel lui envoyait l\u2019ascenseur pour aider \u00e0 sa r\u00e9\u00e9lection et s\u2019engageait \u00e0 ne pas contester sa l\u00e9gitimit\u00e9 hasardeuse. Macron lui rendrait la politesse au moment opportun. C\u2019est ce \u00e0 quoi nous assistons \u00e0 pr\u00e9sent. La f\u00eate de \u00ab l\u2019Huma \u00bb, la plus grande f\u00eate de la fraternit\u00e9 populaire de France. Un lieu o\u00f9 le peuple se retrouve avec lui-m\u00eame, se congratule, s\u2019amuse, se cultive mais aussi r\u00e9fl\u00e9chit et d\u00e9bat de ses probl\u00e8mes, de ses souffrances de ses esp\u00e9rances et de son avenir. Cette ann\u00e9e Fabien Roussel y a invit\u00e9 \u00e0 d\u00e9battre \u00c9douard Philippe ancien premier ministre de Macron et possible candidat du syst\u00e8me aux \u00e9lections Pr\u00e9sidentielles de 2027. Que vient faire l\u00e0, en quelque sorte en \u00ab invit\u00e9 d\u2019honneur \u00bb, un ponte du pouvoir, un bourreau du monde du travail ? Fabien Roussel n\u2019est pas dans l\u2019adversit\u00e9 avec le pouvoir capitaliste ultra lib\u00e9ral. Il est dans le partenariat. Il con\u00e7oit son parti communiste comme une pi\u00e8ce maitresse de l\u2019\u00e9quilibre institutionnel, comme un parti de gouvernement. L\u2019invitation d\u2019\u00c9douard Philippe, l\u2019\u00e9v\u00e8nement majeur de l\u2019\u00e9dition 2023 de la f\u00eate \u00e9tant ce \u00ab d\u00e9bat \u00bb Philippe\/Roussel, rev\u00eat un double sens symbolique : la reconnaissance du P.C.F. comme partenaire r\u00e9publicain et pr\u00e9tendant l\u00e9gitime au \u00ab tr\u00f4ne \u00bb, et l\u2019adoubement de Fabien Roussel, qui discute d\u2019\u00e9gal \u00e0 \u00e9gal avec un des commis du syst\u00e8me, dans la qualit\u00e9 de \u00ab pr\u00e9sidentiable \u00bb.\u00c9douard Philippe \u00e0 la f\u00eate de l\u2019Huma, l\u2019affichage m\u00e9diatique lors du voyage en Corse dans les pas \u00ab du pr\u00e9sident de la R\u00e9publique \u00bb comme nous l\u2019allons voir. Macron et ces amis des m\u00e9dias, sans lesquels lui-m\u00eame ne serait qu\u2019un de \u00ab ces riens que l\u2019on croise dans les gares \u00bb, vont aider Fabien \u00e0 se forger une stature de Pr\u00e9sidentiable et \u00e0 \u00ab regonfler \u00bb son parti dans son sillage. \u00bb. Il ne fait aucun doute que \u00ab la macronie \u00bb a d\u00e9cid\u00e9 d\u2019enfler la grenouille. Parviendra-t-elle \u00e0 en faire un b\u0153uf ?Nota-bene : Un \u00e9v\u00e8nement d\u00e9solant a de plus \u00e9maill\u00e9 ce d\u00e9bat Roussel\/Phillipe, l\u2019intervention de Ritchie, ce jeune homme dont les m\u00e9dias ont fait leur coqueluche ces derniers temps. Son vidage manu-militari par le service d\u2019ordre du Parti a jet\u00e9 une ombre sur l\u2019ouverture d\u00e9mocratique de celui-ci.13 &#8211; Parti de \u00ab l\u2019Ordre \u00bb.\u00ab Une centaine d&rsquo;associations, de syndicats et de partis politiques appellent \u00e0 manifester le 23 septembre contre les violences polici\u00e8res et le racisme. Ce jeudi sur franceinfo, le leader du parti communiste Fabien Roussel a indiqu\u00e9 qu&rsquo;il n&rsquo;y participerait pas. \u00ab\u00a0Je n&rsquo;ai pas envie de manifester en entendant autour de moi ce slogan &lsquo;tout le monde d\u00e9teste la police&rsquo;. Ce n&rsquo;est pas vrai et je ne partage pas ce slogan-l\u00e0\u00a0\u00bb, a-t-il expliqu\u00e9. \u00bb (source : Sujet TF1 Info)Soit ; Fabien Roussel \u00e9tait tout \u00e0 fait en droit de ne pas aimer ce slogan-l\u00e0, qui, il a raison est loin d\u2019\u00eatre pertinent. Tout le monde en effet ne d\u00e9teste pas la police. Darmanin ne la d\u00e9teste pas. Macron non plus pour les services duquel elle cr\u00e8ve des yeux. Les maitres de ce monde ne la d\u00e9testent pas pour la s\u00e9curit\u00e9 desquels elle veille, verbalise, appr\u00e9hende, assomme, gaze, r\u00e9prime, et entrave l\u2019exercice des libert\u00e9s citoyennes. De braves gens aussi l\u2019aiment d\u2019ailleurs il est vrai, qui ont le sentiment qu\u2019elle les prot\u00e8ge des incivilit\u00e9s et de la petite d\u00e9linquance. Les partisans de \u00ab L\u2019ORDRE \u00bb aiment toujours la police, les polices. Fabien Roussel pouvait participer \u00e0 la manifestation du 23 septembre, contre les violences et d\u00e9bordements policiers biens r\u00e9els, il n\u2019\u00e9tait pas tenu de scander ce slogan qu\u2019il ne partage pas. Celui-ci lui a en v\u00e9rit\u00e9 servit de pr\u00e9texte pour signaler aux \u00ab pouvoirs r\u00e9els \u00bb et aux tenant de l\u2019ordre \u00bb qu\u2019il se rangeait du cot\u00e9 de \u00ab l\u2019ORDRE \u00bb. Son parti communiste \u00e0 lui n\u2019est pas un parti de la subversion. C\u2019est un parti de l\u2019ordre. Mais n\u2019\u00e9tait-ce pas ce qu\u2019il avait d\u00e9j\u00e0 signifi\u00e9 le 19 mai et le 4 juillet comme nous l\u2019avons vu ?Petite apart\u00e9 historique. L\u2019Allemagne des ann\u00e9es vingt \u00e0 trente \u00e9tait en proie \u00e0 un d\u00e9sordre social gigantesque. C\u2019est sur le th\u00e8me du retour \u00e0 l\u2019ORDRE, que le nazisme s\u2019est empar\u00e9 des sympathies populaires.14 &#8211; Voyage en Corse avec Macron.Les 27, 28 et 29 septembre Macron faisait son GR 20 de la R\u00e9sistance Corse avec Roussel coll\u00e9 \u00e0 ses basques. \u00c9change de \u00ab bons proc\u00e9d\u00e9s \u00bb entre les deux comp\u00e8res. Emmanuel que l\u2019on devine plus flagorneur que flatteur, caresse dans le sens du poils la m\u00e9moire r\u00e9sistante du Parti \u00bb et Fabien h\u00e9ritier putatif de celle-ci s\u2019affiche ostensiblement avec lui. Mais on se demande en quoi cette alliance bizarre d\u2019un satrape brutal avec un \u00ab couard servile et couch\u00e9 \u00bb peut-elle bien honorer la m\u00e9moire de ces femmes et hommes courageux et debout qui eurent l\u2019audace de d\u00e9fier l\u2019autorit\u00e9 du moment ? Je doute que la m\u00e9moire de Dani\u00e8le Casanova en ait \u00e9t\u00e9 flatt\u00e9.https:\/\/lavoiedessansvoix.fr\/forum\/images\/mac.jpgFallait-il une preuve, que l\u2019appel de Fabien Roussel \u00e0 voter Macron n\u2019\u00e9tait pas seulement \u00e9pisodique mais relevait d\u2019un contrat entre les deux hommes ? Elle r\u00e9side dans cette randonn\u00e9e.15 &#8211; Alignement sur la politique internationale de l\u2019imp\u00e9rialisme.Le parti communiste \u00ab pr\u00e9-rouss\u00e9lien \u00bb fut de tous temps un soutien ind\u00e9fectible de la cause nationale palestinienne. L\u2019association \u00ab France Palestine \u00bb est une des nombreuses \u00e9manations du PCF. Or, derni\u00e8re infamie en date, Fabien Roussel hurle avec les loups au \u00ab terrorisme \u00bb du Hamas. Encore un pr\u00e9texte pour coller \u00e0 la politique moyen-orientale de Macron c\u2019est-\u00e0-dire celle de l\u2019imp\u00e9rialisme am\u00e9ricain\/occidental. En stigmatisant le Hamas \u00ab organisation terroriste \u00bb, l\u2019imp\u00e9rialisme am\u00e9ricain et l\u2019ami Roussel tentent de nier son caract\u00e8re \u00ab d\u2019organisation de r\u00e9sistance \u00bb. Un tel positionnement n\u2019est pas seulement anecdotique. La caract\u00e9risation du Hamas (ou quelconque autre organisation) comme organisation de r\u00e9sistance, ne d\u00e9pend pas d\u2019un quelconque jugement moral que l\u2019on peut \u00e9mettre. C\u2019est une r\u00e9alit\u00e9 factuelle, qu\u2019elle plaise ou non. Mais le nier c\u2019est se rallier en v\u00e9rit\u00e9 \u00e0 ceux qui \u00e0 se pr\u00e9texte en justifie l\u2019\u00e9crasement, avec, inscrit en filigrane l\u2019objectif v\u00e9ritable \u00ab de la solution finale \u00bb du probl\u00e8me palestinien.On le voit \u00e0 cette \u00e9num\u00e9ration que nous venons de faire, , \u00e7a fait beaucoup. La tendance est lourde. Plus que tout autre ce dernier \u00e9pisode prouve que Fabien Roussel est d\u00e9finitivement pass\u00e9 avec armes et bagages dans le camp de ses maitres capitalistes\/imp\u00e9rialistes.LE PARTI COMMUNISTE FAIT SA MUEMais quel est le fond, quel est le sens de tout \u00e7a ?Ayant abandonn\u00e9 depuis longtemps la strat\u00e9gie communiste de subversion populaire pour se ranger \u00e0 la politique de conqu\u00eate d\u2019une majorit\u00e9 \u00e9lectorale, le parti communiste fran\u00e7ais, avec l\u2019Union de la Gauche, d\u00e8s 1972, (en v\u00e9rit\u00e9 bien avant) a remplac\u00e9 sa r\u00e9f\u00e9rence de parti de la classe ouvri\u00e8re en parti de la gauche \u00bb qui est un concept de politique parlementaire. Il est devenu ainsi un simple rouage de gestion de la soci\u00e9t\u00e9 capitaliste lib\u00e9rale. Un parti de gouvernement. La s\u00e9nilit\u00e9 aidant il est incapable d\u2019en concevoir une autre. Il s\u2019accroche \u00e0 ce concept de politique majoritaire qui implique trois choses :1) une strat\u00e9gie d\u2019alliance \u00e9lectorale \u00bb qu\u2019il appelle \u00ab Union de la gauche \u00bb, 2) le rejet bien s\u00fbr de tous les principes fondateurs de la politique communiste, 3) des gages de fid\u00e9lit\u00e9 et de bonne conduite \u00e0 l\u2019\u00e9gard du capitalisme lib\u00e9ral et de ses institutions.S\u2019\u00e9tant bris\u00e9 dans l\u2019exercice du pouvoir entre Charybde et Scylla, le navire \u00ab La gauche \u00bb avec le PS en figure de proue a d\u00e9finitivement coul\u00e9 en 2017, pr\u00e9cipit\u00e9 au fond par la d\u00e9ferlante \u00ab En marche \u00bb. Le P.S. est knout. Fabien Roussel en a d\u00e9duit que s\u2019\u00e9tait l\u00e0 le cr\u00e9neau, la chance historique de son parti, la marque m\u00eame peut-\u00eatre de son destin personnel. Il se propose d\u2019affr\u00e9ter un nouveau navire \u00ab La gauche III \u00bb avec cette foi le P.C.F. \u00e0 la barre et Fabien Roussel en capitaine. Fabien Roussel aspire \u00e0 la qualit\u00e9 de \u00ab Pr\u00e9sidentiable \u00bb et pour cela il doit effacer M\u00e9lenchon.On n\u2019est pas un Pr\u00e9sidentiable cr\u00e9dible, on n\u2019acc\u00e8de surtout pas au pouvoir sans au pr\u00e9alable avoir donn\u00e9 des gages de bonne conduite et de \u00ab moralit\u00e9 lib\u00e9rale \u00bb \u00e0 l\u2019ar\u00e9opage, deux dizaines de pontes, de la finance et de l\u2019industrie, les maitres v\u00e9ritables, et surtout aux \u00ab maitres am\u00e9ricains \u00bb qui de l\u2019autre c\u00f4t\u00e9 de l\u2019atlantique veillent \u00e0 ce que leurs vassaux d\u2019Europe ne \u00ab d\u00e9rapent pas \u00bb. Ce sont ces gages que Fabien Roussel s\u2019efforce de d\u00e9livrer avec ses d\u00e9clarations fracassantes et ses affichages m\u00e9diatiques avec les grands serviteurs de l\u2019ordre social existant. Il fait connaitre aux pouvoirs r\u00e9els que sous l\u2019abaya de la rh\u00e9torique (amortie) du communiste qu\u2019il est cens\u00e9 \u00eatre se dissimule l\u2019eunuque servile, qu\u2019il est en r\u00e9alit\u00e9. Enti\u00e8rement d\u00e9vou\u00e9 au service de \u00ab son bon maitre \u00bb le capitalisme lib\u00e9ral mondialiste, Fabien Roussel veut ressusciter Son parti. Son parti en tant qu\u2019appareil politique s\u2019entend, non pas bien s\u00fbr la politique communiste. Laissons \u00e0 la \u00ab Foi \u00bb la croyance dans la r\u00e9surrection des morts. Les partis politiques ne ressuscitent pas. Quand ils sont morts ils disparaissent et sont remplac\u00e9s par d\u2019autres. Avec les cendres du PCF Fabien qui probablement se prend pour le maitre du Ph\u00e9nix veut faire renaitre UN PARTI, le sien, le parti godillot du candidat Roussel \u00e0 la Pr\u00e9sidence de la r\u00e9publique. Y parviendra-t-il ? C\u2019est peu probable. Mais avec l\u2019aide des pouvoirs et la complicit\u00e9 des m\u00e9dias, vous avez vu la place que ceux-ci lui font d\u00e9j\u00e0, ce n\u2019est pas totalement impossible. C\u2019est avec l\u2019appui des commis du capital et de leurs m\u00e9dias que Fabien Roussel entend requinquer son parti en flattant les bas r\u00e9flexes populistes et les sentiments les plus r\u00e9actionnaires d&rsquo;une partie de la population. Hypoth\u00e8se d\u2019\u00e9cole, faisons comme si son plan r\u00e9ussissait. Le \u00ab Parti \u00bb renait de ses cendres. Oui, mais quel parti ? L\u2019appareil, pas le \u00ab parti de la classe ouvri\u00e8re \u00bb. Quand bien m\u00eame il en conserverait le sigle ce ne serait plus le PCF mais un avatar. S\u2019obstineraient-ils \u00e0 l\u2019appeler \u00ab communiste \u00bb ce ne serait que mieux injurier l\u2019id\u00e9al communiste.Qu\u2019\u00e0 cela ne tienne, s\u2019ils y tiennent. Je l\u2019ai dit. Je sais qu\u2019il reste dans ce qui reste du \u00ab Parti Communiste Fran\u00e7ais \u00bb des femmes et des hommes honorables, v\u00e9ritablement attach\u00e9s \u00e0 l\u2019id\u00e9al et aux valeurs communistes. Qu\u2019ils s\u2019insurgent ! Qu\u2019ils stoppent cette trajectoire mortif\u00e8re. A d\u00e9faut, au terme de cet itin\u00e9raire \u00ab doriotiste \u00bb, l\u2019ancien parti communiste m\u00e9riterait plus justement l\u2019appellation honteuse de : \u00ab Parti National Communiste \u00bbPatrick Seignon. \u00ab lavoiedessansvoix.fr \u00bb. Lundi 26 septembre 2023. (Publi\u00e9 le dimanche 5 novembre 2023.)<\/p>\n","protected":false},"excerpt":{"rendered":"<p>LE PARTI COMMUNISTE FRAN\u00c7AIS ET LE REN\u00c9GAT ROUSSELhttps:\/\/lavoiedessansvoix.fr\/forum\/images\/mac2.JPG(O\u00f9 VA LE PARTI COMMUNISTE SOUS LA CONDUITE DE FABIEN ROUSSEL ?)J\u2019ai d\u00e9j\u00e0 [&hellip;]<\/p>\n","protected":false},"author":1,"featured_media":3990,"comment_status":"open","ping_status":"open","sticky":false,"template":"","format":"standard","meta":{"sfsi_plus_gutenberg_text_before_share":"","sfsi_plus_gutenberg_show_text_before_share":"","sfsi_plus_gutenberg_icon_type":"","sfsi_plus_gutenberg_icon_alignemt":"","sfsi_plus_gutenburg_max_per_row":"","site-sidebar-layout":"default","site-content-layout":"","ast-site-content-layout":"default","site-content-style":"default","site-sidebar-style":"default","ast-global-header-display":"","ast-banner-title-visibility":"","ast-main-header-display":"","ast-hfb-above-header-display":"","ast-hfb-below-header-display":"","ast-hfb-mobile-header-display":"","site-post-title":"","ast-breadcrumbs-content":"","ast-featured-img":"","footer-sml-layout":"","ast-disable-related-posts":"","theme-transparent-header-meta":"","adv-header-id-meta":"","stick-header-meta":"","header-above-stick-meta":"","header-main-stick-meta":"","header-below-stick-meta":"","astra-migrate-meta-layouts":"default","ast-page-background-enabled":"default","ast-page-background-meta":{"desktop":{"background-color":"var(--ast-global-color-4)","background-image":"","background-repeat":"repeat","background-position":"center center","background-size":"auto","background-attachment":"scroll","background-type":"","background-media":"","overlay-type":"","overlay-color":"","overlay-opacity":"","overlay-gradient":""},"tablet":{"background-color":"","background-image":"","background-repeat":"repeat","background-position":"center center","background-size":"auto","background-attachment":"scroll","background-type":"","background-media":"","overlay-type":"","overlay-color":"","overlay-opacity":"","overlay-gradient":""},"mobile":{"background-color":"","background-image":"","background-repeat":"repeat","background-position":"center center","background-size":"auto","background-attachment":"scroll","background-type":"","background-media":"","overlay-type":"","overlay-color":"","overlay-opacity":"","overlay-gradient":""}},"ast-content-background-meta":{"desktop":{"background-color":"var(--ast-global-color-5)","background-image":"","background-repeat":"repeat","background-position":"center center","background-size":"auto","background-attachment":"scroll","background-type":"","background-media":"","overlay-type":"","overlay-color":"","overlay-opacity":"","overlay-gradient":""},"tablet":{"background-color":"var(--ast-global-color-5)","background-image":"","background-repeat":"repeat","background-position":"center center","background-size":"auto","background-attachment":"scroll","background-type":"","background-media":"","overlay-type":"","overlay-color":"","overlay-opacity":"","overlay-gradient":""},"mobile":{"background-color":"var(--ast-global-color-5)","background-image":"","background-repeat":"repeat","background-position":"center center","background-size":"auto","background-attachment":"scroll","background-type":"","background-media":"","overlay-type":"","overlay-color":"","overlay-opacity":"","overlay-gradient":""}},"footnotes":""},"categories":[16],"tags":[],"class_list":["post-412","post","type-post","status-publish","format-standard","has-post-thumbnail","hentry","category-archives-cms"],"_links":{"self":[{"href":"https:\/\/lavoiedessansvoix.fr\/lavoie\/wp-json\/wp\/v2\/posts\/412","targetHints":{"allow":["GET"]}}],"collection":[{"href":"https:\/\/lavoiedessansvoix.fr\/lavoie\/wp-json\/wp\/v2\/posts"}],"about":[{"href":"https:\/\/lavoiedessansvoix.fr\/lavoie\/wp-json\/wp\/v2\/types\/post"}],"author":[{"embeddable":true,"href":"https:\/\/lavoiedessansvoix.fr\/lavoie\/wp-json\/wp\/v2\/users\/1"}],"replies":[{"embeddable":true,"href":"https:\/\/lavoiedessansvoix.fr\/lavoie\/wp-json\/wp\/v2\/comments?post=412"}],"version-history":[{"count":1,"href":"https:\/\/lavoiedessansvoix.fr\/lavoie\/wp-json\/wp\/v2\/posts\/412\/revisions"}],"predecessor-version":[{"id":2843,"href":"https:\/\/lavoiedessansvoix.fr\/lavoie\/wp-json\/wp\/v2\/posts\/412\/revisions\/2843"}],"wp:featuredmedia":[{"embeddable":true,"href":"https:\/\/lavoiedessansvoix.fr\/lavoie\/wp-json\/wp\/v2\/media\/3990"}],"wp:attachment":[{"href":"https:\/\/lavoiedessansvoix.fr\/lavoie\/wp-json\/wp\/v2\/media?parent=412"}],"wp:term":[{"taxonomy":"category","embeddable":true,"href":"https:\/\/lavoiedessansvoix.fr\/lavoie\/wp-json\/wp\/v2\/categories?post=412"},{"taxonomy":"post_tag","embeddable":true,"href":"https:\/\/lavoiedessansvoix.fr\/lavoie\/wp-json\/wp\/v2\/tags?post=412"}],"curies":[{"name":"wp","href":"https:\/\/api.w.org\/{rel}","templated":true}]}}