{"id":411,"date":"2023-11-13T04:05:00","date_gmt":"2023-11-13T03:05:00","guid":{"rendered":"https:\/\/lavoiedessansvoix.fr\/lavoie\/2023\/11\/13\/archive-la-marche-de-la-honte-nationale\/"},"modified":"2026-04-26T20:26:40","modified_gmt":"2026-04-26T18:26:40","slug":"archive-la-marche-de-la-honte-nationale","status":"publish","type":"post","link":"https:\/\/lavoiedessansvoix.fr\/lavoie\/2023\/11\/13\/archive-la-marche-de-la-honte-nationale\/","title":{"rendered":"LA MARCHE DE LA HONTE NATIONALE"},"content":{"rendered":"<p>LA MARCHE DE LA HONTE NATIONALEHier soir dimanche, pr\u00e9cis\u00e9ment, sur ARTE \u00e9tait rediffus\u00e9 le film \u00ab AMEN \u00bb de Costa Gavras.  Ce film raconte, bien que de mani\u00e8re tr\u00e8s partielle, l\u2019histoire du silence de l\u2019\u00e9glise, qui bien s\u00fbr savait, pendant que les usines de la mort tournaient \u00e0 plein r\u00e9gime en Allemagne Pologne et Ukraine ?Mais au fait, pourquoi fait-on semblant,  apr\u00e8s coup de s\u2019indigner de la conduite de l\u2019\u00e9glise, n\u2019est-ce pas une mani\u00e8re ultime de d\u00e9fendre \u00ab tant bien que mal \u00bb l\u2019honneur de cette institution ?Pr\u00e9tendre que l&rsquo;autorit\u00e9 morale de l\u2019\u00c9glise aurait d\u00fb ou pu mettre \u00e0 jour et faire cesser le drame qui se jouait, n\u2019est-ce pas une mani\u00e8re de faire oublier que l\u2019\u00c9glise n\u2019\u00e9tait pas un observateur neutre mais l\u2019alli\u00e9e d\u2019Hitler dans la grande croisade anticommuniste ? N\u2019est-ce pas vouloir faire oublier qu\u2019en v\u00e9rit\u00e9, l\u2019antis\u00e9mitisme prend racine dans la doctrine m\u00eame du catholicisme ? C\u2019est l\u2019\u00c9glise de Rome, pire, la chr\u00e9tient\u00e9 toute enti\u00e8re, qui a invent\u00e9 l\u2019antis\u00e9mitisme et si je puis dire, l\u2019a codifi\u00e9. Hitler n\u2019en fut qu\u2019un h\u00e9ritier putatif. Ce n\u2019est pas le silence \u00bb qu\u2019il convient de reprocher \u00e0 l\u2019\u00c9glise de Rome mais la collusion av\u00e9r\u00e9e avec le r\u00e9gime nazie.Dans l\u2019Apr\u00e8s-midi \u00e0 Paris avait eue lieu une marche dite \u00ab contre l\u2019antis\u00e9mitisme \u00bb, \u00e0 laquelle s\u2019\u00e9taient joints : \u00ab Elisabeth Borne, Nicolas Sarkozy et Fran\u00e7ois Hollande, mais aussi Marine Le Pen \u00bb signalait le Figaro du dimanche 12 novembre 2023.Un peuple est massacr\u00e9 \u00e0 Gaza. Des milliers de morts sont d\u00e9nombr\u00e9s dont quasiment la moiti\u00e9 d\u2019enfants, des zones civiles ras\u00e9es. Une manifestation monstre pour exiger l\u2019arr\u00eat du massacre des Palestiniens eut \u00e9t\u00e9 de mise. Ces gens, mais o\u00f9 ont-ils la t\u00eate, organisent une manifestation contre l\u2019antis\u00e9mitisme. C\u2019est insens\u00e9, c\u2019est une honte, c\u2019est \u00ab se foutre de la gueule du monde \u00bb, c\u2019est au pr\u00e9texte des victimes d\u2019avant-hier une insulte \u00e0 celles du pr\u00e9sent. C\u2019est le crachat de la France sur les morts de Gaza.L\u2019\u00c9glise a souvent plaid\u00e9 l\u2019ignorance.  Mais eux, les organisateurs de cette d\u00e9ambulation hallucinante, eux les ministres et les responsables politiques, ; eux, tous ceux qui se sont joint \u00e0 cet appel, ne pourrons pas m\u00eame plaider l\u2019ignorance. L\u2019appel \u00e0 manifester contre l\u2019antis\u00e9mitisme dans le contexte actuel, n\u2019est qu\u2019une tentative d\u2019inversion des r\u00e9alit\u00e9s. Se porter en d\u00e9fense des juifs victimes d\u2019une recrudescence suppos\u00e9e d\u2019actes antis\u00e9mites, c\u2019est pr\u00e9tendre qu\u2019ils seraient les victimes du moment et faire \u00e9chos \u00e0 la douloureuse histoire de la Shoah pour justifier les actions criminelles de l\u2019\u00c9tat d\u2019Isra\u00ebl.Oui, ceux- l\u00e0, tous ceux qui ont pris part \u00e0 cette \u00ab manifestation de la honte nationale \u00bb se sont fait les complices conscients des crimes de guerre et contre l\u2019humanit\u00e9 dont le Moyen-Orient est actuellement le th\u00e9\u00e2tre, et dont l\u2019\u00c9tat d\u2019Isra\u00ebl que d\u2019aucun nomme parfois \u00ab l\u2019\u00c9tat juif \u00bb, est l\u2019ex\u00e9cuteur pour la plus grande honte des juifs.La v\u00e9ritable lutte contre l\u2019antis\u00e9mitisme et pour la sauvegarde de l\u2019honneur des juifs, est celle de ces nombreux citoyens Isra\u00e9liens ou juifs de part le monde qui osent manifester par dizaines de milliers (New-York) leur opposition \u00e0 la politique criminelle d\u2019Isra\u00ebl et revendiquer de vivre en paix, juifs et palestiniens dans une seule Palestine la\u00efque.Patrick Seignon. \u00ab lavoiedessansvoix.fr \u00bb. Dimanche 12 novembre 2023. (Publi\u00e9 lundi 13)<\/p>\n","protected":false},"excerpt":{"rendered":"<p>LA MARCHE DE LA HONTE NATIONALEHier soir dimanche, pr\u00e9cis\u00e9ment, sur ARTE \u00e9tait rediffus\u00e9 le film \u00ab AMEN \u00bb de Costa [&hellip;]<\/p>\n","protected":false},"author":1,"featured_media":3989,"comment_status":"open","ping_status":"open","sticky":false,"template":"","format":"standard","meta":{"sfsi_plus_gutenberg_text_before_share":"","sfsi_plus_gutenberg_show_text_before_share":"","sfsi_plus_gutenberg_icon_type":"","sfsi_plus_gutenberg_icon_alignemt":"","sfsi_plus_gutenburg_max_per_row":"","site-sidebar-layout":"default","site-content-layout":"","ast-site-content-layout":"default","site-content-style":"default","site-sidebar-style":"default","ast-global-header-display":"","ast-banner-title-visibility":"","ast-main-header-display":"","ast-hfb-above-header-display":"","ast-hfb-below-header-display":"","ast-hfb-mobile-header-display":"","site-post-title":"","ast-breadcrumbs-content":"","ast-featured-img":"","footer-sml-layout":"","ast-disable-related-posts":"","theme-transparent-header-meta":"","adv-header-id-meta":"","stick-header-meta":"","header-above-stick-meta":"","header-main-stick-meta":"","header-below-stick-meta":"","astra-migrate-meta-layouts":"default","ast-page-background-enabled":"default","ast-page-background-meta":{"desktop":{"background-color":"var(--ast-global-color-4)","background-image":"","background-repeat":"repeat","background-position":"center center","background-size":"auto","background-attachment":"scroll","background-type":"","background-media":"","overlay-type":"","overlay-color":"","overlay-opacity":"","overlay-gradient":""},"tablet":{"background-color":"","background-image":"","background-repeat":"repeat","background-position":"center center","background-size":"auto","background-attachment":"scroll","background-type":"","background-media":"","overlay-type":"","overlay-color":"","overlay-opacity":"","overlay-gradient":""},"mobile":{"background-color":"","background-image":"","background-repeat":"repeat","background-position":"center center","background-size":"auto","background-attachment":"scroll","background-type":"","background-media":"","overlay-type":"","overlay-color":"","overlay-opacity":"","overlay-gradient":""}},"ast-content-background-meta":{"desktop":{"background-color":"var(--ast-global-color-5)","background-image":"","background-repeat":"repeat","background-position":"center center","background-size":"auto","background-attachment":"scroll","background-type":"","background-media":"","overlay-type":"","overlay-color":"","overlay-opacity":"","overlay-gradient":""},"tablet":{"background-color":"var(--ast-global-color-5)","background-image":"","background-repeat":"repeat","background-position":"center center","background-size":"auto","background-attachment":"scroll","background-type":"","background-media":"","overlay-type":"","overlay-color":"","overlay-opacity":"","overlay-gradient":""},"mobile":{"background-color":"var(--ast-global-color-5)","background-image":"","background-repeat":"repeat","background-position":"center center","background-size":"auto","background-attachment":"scroll","background-type":"","background-media":"","overlay-type":"","overlay-color":"","overlay-opacity":"","overlay-gradient":""}},"footnotes":""},"categories":[16],"tags":[],"class_list":["post-411","post","type-post","status-publish","format-standard","has-post-thumbnail","hentry","category-archives-cms"],"_links":{"self":[{"href":"https:\/\/lavoiedessansvoix.fr\/lavoie\/wp-json\/wp\/v2\/posts\/411","targetHints":{"allow":["GET"]}}],"collection":[{"href":"https:\/\/lavoiedessansvoix.fr\/lavoie\/wp-json\/wp\/v2\/posts"}],"about":[{"href":"https:\/\/lavoiedessansvoix.fr\/lavoie\/wp-json\/wp\/v2\/types\/post"}],"author":[{"embeddable":true,"href":"https:\/\/lavoiedessansvoix.fr\/lavoie\/wp-json\/wp\/v2\/users\/1"}],"replies":[{"embeddable":true,"href":"https:\/\/lavoiedessansvoix.fr\/lavoie\/wp-json\/wp\/v2\/comments?post=411"}],"version-history":[{"count":1,"href":"https:\/\/lavoiedessansvoix.fr\/lavoie\/wp-json\/wp\/v2\/posts\/411\/revisions"}],"predecessor-version":[{"id":2841,"href":"https:\/\/lavoiedessansvoix.fr\/lavoie\/wp-json\/wp\/v2\/posts\/411\/revisions\/2841"}],"wp:featuredmedia":[{"embeddable":true,"href":"https:\/\/lavoiedessansvoix.fr\/lavoie\/wp-json\/wp\/v2\/media\/3989"}],"wp:attachment":[{"href":"https:\/\/lavoiedessansvoix.fr\/lavoie\/wp-json\/wp\/v2\/media?parent=411"}],"wp:term":[{"taxonomy":"category","embeddable":true,"href":"https:\/\/lavoiedessansvoix.fr\/lavoie\/wp-json\/wp\/v2\/categories?post=411"},{"taxonomy":"post_tag","embeddable":true,"href":"https:\/\/lavoiedessansvoix.fr\/lavoie\/wp-json\/wp\/v2\/tags?post=411"}],"curies":[{"name":"wp","href":"https:\/\/api.w.org\/{rel}","templated":true}]}}