{"id":409,"date":"2023-11-13T05:09:00","date_gmt":"2023-11-13T04:09:00","guid":{"rendered":"https:\/\/lavoiedessansvoix.fr\/lavoie\/2023\/11\/13\/archive-peut-on-manifester-avec-le-r-n\/"},"modified":"2026-04-26T20:26:23","modified_gmt":"2026-04-26T18:26:23","slug":"archive-peut-on-manifester-avec-le-r-n","status":"publish","type":"post","link":"https:\/\/lavoiedessansvoix.fr\/lavoie\/2023\/11\/13\/archive-peut-on-manifester-avec-le-r-n\/","title":{"rendered":"PEUT-ON MANIFESTER AVEC LE \u00ab R.N. \u00bb ?"},"content":{"rendered":"<p>PEUT-ON MANIFESTER AVEC LE \u00ab R.N. \u00bb ?Tient donc, mais on peut donc manifester avec Marine Le Pen sans se couvrir d\u2019opprobre ?Ceux la m\u00eame qui hurlaient encore il n\u2019y a pas si longtemps \u00e0 l\u2019affaissement moral de la gauche M\u00e9lenchoniste si elle osait joindre, au Parlement, ses voix \u00e0 celles du groupe RN, n\u2019ont aucune g\u00eane \u00e0 manifester \u00e0 pr\u00e9sent avec Marine Le Pen en soutien \u00ab amoral \u00bb \u00e0 la politique criminelle d\u2019Isra\u00ebl. Ceux l\u00e0 trouvent condamnable la fr\u00e9quentation du RN quand elle les dessert, et tout \u00e0 fait respectable quand elle les sert.Mais les autres ?Ne se trouvent-ils pas un peu \u00ab idiots \u00bb, voire flou\u00e9s, ceux qui pour de pr\u00e9tendues raisons \u00ab de haute morale politique \u00bb ont refus\u00e9 de faire parler dans l\u2019enceinte du palais Bourbon la majorit\u00e9 qui s\u2019exprimait dans la rue contre la r\u00e9forme des r\u00e9gimes de retraites \u00ab Borne\/Macron \u00bb ? Ne se trouvent-ils pas carr\u00e9ment absurdes ceux qui ont refus\u00e9 la pr\u00e9sence du RN dans les manifestations contre la r\u00e9forme des retraites ; Ceux qui ont pr\u00e9f\u00e9r\u00e9 se priver d\u2019une grande victoire sociale, qui ont choisi de laisser s\u2019accomplir cette terrible r\u00e9gression sociale, qui ont choisi de conc\u00e9der la victoire \u00e0 la droite extr\u00eame \u00bb anti-sociale au pr\u00e9texte de ne pas se \u00ab compromettre \u00bb avec \u00ab l\u2019extr\u00eame droite \u00bb.Ils ont, s\u2019est leur gloire, barr\u00e9 la route une fois de plus \u00e0 \u00ab l\u2019extr\u00eame droite \u00bb lepeniste et ouvert la voie \u00e0 \u00ab la droite extr\u00eame macronniste \u00bb. Au titre des crimes du fascisme et du nazisme d\u2019hier qu\u2019il imputent \u00e0 la tradition politique de Marine Le Pen, ils ont valid\u00e9 le retour au pouvoir, des complices actifs du plus grand crime de guerre et contre l\u2019humanit\u00e9 qui est en train d\u2019\u00eatre perp\u00e9tr\u00e9 sous nos yeux.Eh oui ! En politique comme en histoire, les analyses simplistes, les raisonnements \u00ab tiroirs\/\u00e9tiquettes \u00bb, les raccourcis trop courts, conduisent souvent \u00e0 des absurdit\u00e9s.Patrick Seignon. \u00ab lavoiedessansvoix.fr. \u00bb. Lundi 13 novembre 2023.<\/p>\n","protected":false},"excerpt":{"rendered":"<p>PEUT-ON MANIFESTER AVEC LE \u00ab R.N. \u00bb ?Tient donc, mais on peut donc manifester avec Marine Le Pen sans se [&hellip;]<\/p>\n","protected":false},"author":1,"featured_media":3987,"comment_status":"open","ping_status":"open","sticky":false,"template":"","format":"standard","meta":{"sfsi_plus_gutenberg_text_before_share":"","sfsi_plus_gutenberg_show_text_before_share":"","sfsi_plus_gutenberg_icon_type":"","sfsi_plus_gutenberg_icon_alignemt":"","sfsi_plus_gutenburg_max_per_row":"","site-sidebar-layout":"default","site-content-layout":"","ast-site-content-layout":"default","site-content-style":"default","site-sidebar-style":"default","ast-global-header-display":"","ast-banner-title-visibility":"","ast-main-header-display":"","ast-hfb-above-header-display":"","ast-hfb-below-header-display":"","ast-hfb-mobile-header-display":"","site-post-title":"","ast-breadcrumbs-content":"","ast-featured-img":"","footer-sml-layout":"","ast-disable-related-posts":"","theme-transparent-header-meta":"","adv-header-id-meta":"","stick-header-meta":"","header-above-stick-meta":"","header-main-stick-meta":"","header-below-stick-meta":"","astra-migrate-meta-layouts":"default","ast-page-background-enabled":"default","ast-page-background-meta":{"desktop":{"background-color":"var(--ast-global-color-4)","background-image":"","background-repeat":"repeat","background-position":"center center","background-size":"auto","background-attachment":"scroll","background-type":"","background-media":"","overlay-type":"","overlay-color":"","overlay-opacity":"","overlay-gradient":""},"tablet":{"background-color":"","background-image":"","background-repeat":"repeat","background-position":"center center","background-size":"auto","background-attachment":"scroll","background-type":"","background-media":"","overlay-type":"","overlay-color":"","overlay-opacity":"","overlay-gradient":""},"mobile":{"background-color":"","background-image":"","background-repeat":"repeat","background-position":"center center","background-size":"auto","background-attachment":"scroll","background-type":"","background-media":"","overlay-type":"","overlay-color":"","overlay-opacity":"","overlay-gradient":""}},"ast-content-background-meta":{"desktop":{"background-color":"var(--ast-global-color-5)","background-image":"","background-repeat":"repeat","background-position":"center center","background-size":"auto","background-attachment":"scroll","background-type":"","background-media":"","overlay-type":"","overlay-color":"","overlay-opacity":"","overlay-gradient":""},"tablet":{"background-color":"var(--ast-global-color-5)","background-image":"","background-repeat":"repeat","background-position":"center center","background-size":"auto","background-attachment":"scroll","background-type":"","background-media":"","overlay-type":"","overlay-color":"","overlay-opacity":"","overlay-gradient":""},"mobile":{"background-color":"var(--ast-global-color-5)","background-image":"","background-repeat":"repeat","background-position":"center center","background-size":"auto","background-attachment":"scroll","background-type":"","background-media":"","overlay-type":"","overlay-color":"","overlay-opacity":"","overlay-gradient":""}},"footnotes":""},"categories":[16],"tags":[],"class_list":["post-409","post","type-post","status-publish","format-standard","has-post-thumbnail","hentry","category-archives-cms"],"_links":{"self":[{"href":"https:\/\/lavoiedessansvoix.fr\/lavoie\/wp-json\/wp\/v2\/posts\/409","targetHints":{"allow":["GET"]}}],"collection":[{"href":"https:\/\/lavoiedessansvoix.fr\/lavoie\/wp-json\/wp\/v2\/posts"}],"about":[{"href":"https:\/\/lavoiedessansvoix.fr\/lavoie\/wp-json\/wp\/v2\/types\/post"}],"author":[{"embeddable":true,"href":"https:\/\/lavoiedessansvoix.fr\/lavoie\/wp-json\/wp\/v2\/users\/1"}],"replies":[{"embeddable":true,"href":"https:\/\/lavoiedessansvoix.fr\/lavoie\/wp-json\/wp\/v2\/comments?post=409"}],"version-history":[{"count":1,"href":"https:\/\/lavoiedessansvoix.fr\/lavoie\/wp-json\/wp\/v2\/posts\/409\/revisions"}],"predecessor-version":[{"id":2837,"href":"https:\/\/lavoiedessansvoix.fr\/lavoie\/wp-json\/wp\/v2\/posts\/409\/revisions\/2837"}],"wp:featuredmedia":[{"embeddable":true,"href":"https:\/\/lavoiedessansvoix.fr\/lavoie\/wp-json\/wp\/v2\/media\/3987"}],"wp:attachment":[{"href":"https:\/\/lavoiedessansvoix.fr\/lavoie\/wp-json\/wp\/v2\/media?parent=409"}],"wp:term":[{"taxonomy":"category","embeddable":true,"href":"https:\/\/lavoiedessansvoix.fr\/lavoie\/wp-json\/wp\/v2\/categories?post=409"},{"taxonomy":"post_tag","embeddable":true,"href":"https:\/\/lavoiedessansvoix.fr\/lavoie\/wp-json\/wp\/v2\/tags?post=409"}],"curies":[{"name":"wp","href":"https:\/\/api.w.org\/{rel}","templated":true}]}}