{"id":408,"date":"2023-11-17T08:39:00","date_gmt":"2023-11-17T07:39:00","guid":{"rendered":"https:\/\/lavoiedessansvoix.fr\/lavoie\/2023\/11\/17\/archive-un-proces-stalinien-a-tours\/"},"modified":"2026-04-26T20:26:14","modified_gmt":"2026-04-26T18:26:14","slug":"archive-un-proces-stalinien-a-tours","status":"publish","type":"post","link":"https:\/\/lavoiedessansvoix.fr\/lavoie\/2023\/11\/17\/archive-un-proces-stalinien-a-tours\/","title":{"rendered":"UN PROC\u00c8S STALINIEN A TOURS"},"content":{"rendered":"<p>UN PROC\u00c8S STALINIEN A TOURS(\u2018Les citoyens libres exclus du collectif de mobilisation en soutien au peuple Palestinien.)Dans les ann\u00e9es trente en URSS eut lieu une s\u00e9rie de proc\u00e8s, tous plus abracadabrantesques les uns que les autres. Les accusations \u00e9taient fond\u00e9es sur des mensonges tous plus \u00e9normes et grossiers les uns que les autres. Il se chuchotait alors que Staline disait que la vraisemblance de la menterie \u00e9tait de peu d\u2019importance, \u00ab ne suffisait-il pas que le mensonge soit le plus \u00e9norme possible, il en resterait toujours quelque-chose. \u00bb. De preuves accusatoires il n\u2019y en avait pas besoin ? Le verdict se fondait sur les aveux du \u00ab patient \u00bb et le procureur Andre\u00ef Vychinski avait \u00e0 sa disposition tous les moyens d\u2019obtenir tous les aveux qu\u2019il souhaitait. Croyez-vous que ces m\u00e9thodes soient sp\u00e9cifiques \u00e0 l\u2019URSS stalinienne disparue ? \u2026. Point du tout. Les proc\u00e8s Dreyfus furent en France \u00e0 la fin du 19\u00e8me si\u00e8cle, bien avant la lettre, des \u00ab Proc\u00e8s de Moscou \u00e0 Paris \u00bb Plus r\u00e9cemment, \u00e0 petit bruits, car les personnages impliqu\u00e9s sont des gens du commun, de \u00ab ceux que l\u2019on croise dans les gares et qui ne sont pas grand-chose. \u00bb un proc\u00e8s Stalinien vient de se d\u00e9rouler \u00e0 Tours. Ironie de l\u2019histoire le r\u00f4le de procureur y \u00e9tait tenu par un plus ou moins trotskiste et les juges par des adeptes de Proudhon.Qui \u00e9tait l\u2019accus\u00e9 ?Moi-m\u00eame, pour vous servirQue lui (me) reprochait-on ?D\u2019\u00eatre un fasciste\u2026\u2026 Rien que \u00e7a.S\u2019agissant d\u2019un homme tel que moi, syndicaliste, marxiste r\u00e9volutionnaire, engag\u00e9 dans la vie militante depuis l\u2019\u00e2ge de 15 ans, qui a \u00e9crit plusieurs brochures et des centaines d\u2019articles qui font tous foi de sa grande probit\u00e9, cela pourrait paraitre risible si \u00e7a n\u2019\u00e9tait pas sinistre.Les preuves. On l\u2019a dit, il n\u2019y en a pas besoin. Juste des amalgames et des insinuations :L\u2019\u00e9normit\u00e9 du mensonge contenu dans l\u2019affirmation, a pour fonction d\u2019annihiler la raison et de se substituer \u00e0 la preuve. Il est en effet, suivant les prescriptions de \u00ab Joseph Djougachvili \u00bb suffisamment \u00e9norme pour qu\u2019il en resta quelque chose.Me voil\u00e0 donc \u00ab Fasciste \u00bb, non de par mes convictions, personnelles ni mon appartenance politique encore moins par les id\u00e9es que je professe et dont chacun peut s\u2019informer sur mon blog \u00ab lavoiedessansvoix.fr \u00bbmais parce que le NPA, l\u2019UCL, Sud-Etudiant (Collectif antifasciste tourangeau) en ont d\u00e9cid\u00e9 ainsi. J\u2019ai reredit que j\u2019\u00e9tais un ouvrier syndicaliste et Marxiste R\u00e9volutionnaire, engag\u00e9 depuis l\u2019\u00e2ge de quinze ans. Ils ont r\u00e9pondu qu\u2019ils \u00ab s\u2019en tapaient \u00bb de mon pass\u00e9., mais que j\u2019\u00e9tais devenu fasciste il y a trois ans environ. Que je ne le savais pas mais eux le savaient pour moi.Qu\u2019ai-je fait, \u00e0 leur sens pour m\u00e9riter pareille agression ? A l\u2019\u00e9t\u00e9 2021, sous le mot d\u2019ordre \u00ab la rue elle est \u00e0 nous il faut la reprendre \u00e0 l\u2019extr\u00eame droite \u00bb, ils prenaient part aux manifestations qu\u2019ils qualifiaient \u00ab antivax \u00bb et extr\u00eame droite \u00bb. N\u2019\u00e9tant pas d\u2019accord avec celles-ci ils auraient d\u00fb tout bonnement se tenir \u00e0 l\u2019\u00e9cart. Mais ils s\u2019y m\u00ealaient, voulaient en prendre la direction \u00e0 seule fin de les pervertir. Ils provoquaient des incidents avec un petit groupe tourangeau \u00e9tiquet\u00e9 \u00ab extr\u00eame droite \u00bb afin en cr\u00e9ant l\u2019incident de dissoudre les manifestations familiales et pacifiques contre la politique sanitaire du gouvernement. Je me suis alors interpos\u00e9 et j\u2019ai sauv\u00e9 ces manifestations. Comment m\u2019y suis-je pris ? J\u2019ai rencontr\u00e9 une d\u00e9l\u00e9gation du petit groupe d\u2019extr\u00eame-droite incrimin\u00e9 et j\u2019ai n\u00e9goci\u00e9 avec eux la bonne tenu des cort\u00e8ges et la n\u00e9cessit\u00e9 de ne pas pr\u00eater le flanc aux provocations de ceux dont l\u2019objectif \u00e9tait de faire \u00e9clater les manifestations. Ce qui fut parfaitement r\u00e9ussi. Apparemment, si l\u2019on en croit ces esprits malades, le \u00ab virus du fascisme \u00bb serait bien plus contaminant encore que ne le fut pour V\u00e9ran celui du covid, puisque il aurait suffi de cette rencontre d\u2019une demi-heure pour que je fusse contamin\u00e9 et que fussent d\u00e9truits tous les anticorps et d\u00e9fenses immunitaires, acquis de ma solide culture marxiste.Et puis autre chose. T\u00e9moin visuel au premier rang, d\u2019une altercation survenue lors de la manifestation du 13 ao\u00fbt 2021, j\u2019ai refus\u00e9 de valider la version des agresseurs qui voulaient se faire passer pour les victimes. Excusez-moi mais cela tient pr\u00e9cis\u00e9ment \u00e0 l\u2019action de mes anticorps moraux et id\u00e9ologiques : je tiens pr\u00e9cieusement \u00e0 cette formule qui dit que \u00ab seule la v\u00e9rit\u00e9 est r\u00e9volutionnaire \u00bb.Troisi\u00e8me reproche, eux qui disaient fr\u00e9quemment que la question \u00e7a n\u2019\u00e9tait pas Macron \u00ab si on le chasse il y en aura un autre \u00e0 la place tout pareil \u00bb (mani\u00e8re de dire qu\u2019ils s\u2019accommodaient parfaitement de lui), n\u2019ont pas support\u00e9 que je dise lors des derni\u00e8res \u00e9lections pr\u00e9sidentielles, \u00ab qu\u2019il fallait virer Macron \u00bb. En disant les choses ainsi j\u2019aurais de facto \u00ab appel\u00e9 \u00e0 voter Le Pen \u00bb. Pourtant ils ne veulent pas reconnaitre qu\u2019eux m\u00eame en stipulant \u00ab pas une voix pour Le Pen \u00bb ont \u00e0 leur fa\u00e7on aussi appel\u00e9 \u00e0 r\u00e9\u00e9lire Macron. Macron, l\u2019homme qui nous a vol\u00e9es nos retraites, et qui soutien sans condition les crimes abominables perp\u00e9tr\u00e9 par l\u2019\u00c9tat d\u2019Isra\u00ebl contre un peuple d\u00e9sarm\u00e9. (Pas fasciste lui !)Face \u00e0 l\u2019adversit\u00e9, les animaux, chiens, chats et bien d\u2019autres h\u00e9rissent le poil pour paraitre plus gros et plus mena\u00e7ants. Ne serait-ce pas par un r\u00e9flexe de m\u00eame nature qu\u2019ils se font les chantres de la lutte antifasciste et veulent voir des fascistes partout afin de dissimuler ou de faire oublier leurs incoh\u00e9rences et leur collusion politique de fait avec l\u2019ultra droite macroniste ?Ils m\u2019ont mis sur un trombinoscope \u00bb, publient des photos de moi sur les r\u00e9seaux sociaux. Ils me d\u00e9signent comme une cible \u00e0 la haine d\u2019une certaine jeunesse hyst\u00e9ris\u00e9e. Ah les jolies m\u00e9thodes d\u00e9mocratiques que voil\u00e0. Des m\u00e9thodes de flics, de provocateurs, de voyous ; de bandits, de nervis staliniensConfront\u00e9 \u00e0 pareils d\u00e9bilit\u00e9s je serai tent\u00e9 d\u2019en r\u00e9f\u00e9rer \u00e0 Dieu auquel je ne croit pas. Plaise \u00e0 Dieu que de tels ostrogoths n\u2019arrivent jamais au pouvoir. En guise de d\u00e9mocratie du peuple c\u2019est le polpotisme qu\u2019ils mettraient en \u0153uvre. Mais bon, rassurons-nous. Pour passer de l\u2019\u00e9tat de sectes qu\u2019ils sont \u00e0 celui de \u00ab Parti du peuple \u00bb il faudrait qu\u2019ils convainquent et gagne \u00e0 leur cause. Mais \u00e0 coup d\u2019invectives et d\u2019insultes c\u2019est pr\u00e9cis\u00e9ment le contraire qu\u2019ils font : le vide autour d\u2019eux.Ils sont secte et dangereux \u00e0 ce titre pour leurs ennemis v\u00e9ritables ou ceux qu\u2019ils inventent dans leur parano\u00efa. Mais \u00e0 l\u2019\u00e9chelle de la soci\u00e9t\u00e9 ils ne pr\u00e9sentent aucun danger. Sectes ils sont et le resteront jusqu\u2019au bout.La transmission pervertie souvent la r\u00e9alit\u00e9. Il y a un oc\u00e9an de doutes et d\u2019interrogations entre les parts de l\u2019Histoire et celles de l\u00e9gende. Qu\u2019importe ; L\u2019histoire, ou la l\u00e9gende, est belle et son enseignement instructif. (Cela se passait dans le royaume de Jud\u00e9e, en Palestine). Un homme barbu, qui avait l\u2019outrecuidance de se proclamer \u00ab fils de Dieu \u00bb mais la douce pr\u00e9venance aussi d\u2019ajouter que tous les hommes \u00e9taient ses fr\u00e8res (et s\u0153urs) disait alors, \u00ab Pardonnez-leur mon p\u00e8re ; ils ne savent pas ce qu\u2019ils font \u00bb (\u00e9vangiles)Sauf celui de mon p\u00e8re, je ne pr\u00e9tends \u00eatre le fils d\u2019aucune autre divinit\u00e9. Cette circonstance m\u2019interdit-elle de dire, \u00e0 l\u2019instar de J\u00e9sus en m\u2019adressant \u00e0 mes p\u00e8res et m\u00e8res id\u00e9ologiques \u00e0 moi (Karl, Friedrich, Vladimir, Rosa, L\u00e9on., et Pierre-Joseph) \u00ab Pardonnez leurs, ils ne savent pas ce qu\u2019ils font \u00bb. Patrick Seignon. \u00ab lavoiedessansvoix.fr \u00bb. Vendredi 17 novembre 2023.Compl\u00e9ment: Ils ont exclu le collectif \u00ab\u00a0Les Citoyens libres 37\u00a0\u00bb. Je n&rsquo;ai rien dit du proc\u00e9d\u00e9 ignoble qu&rsquo;il ont utilis\u00e9 pour y parvenir. Je n&rsquo;ai plus le temps. Je dois m&rsquo;absenter. Je ferais \u00e7a ce soir en rentrant.<\/p>\n","protected":false},"excerpt":{"rendered":"<p>UN PROC\u00c8S STALINIEN A TOURS(\u2018Les citoyens libres exclus du collectif de mobilisation en soutien au peuple Palestinien.)Dans les ann\u00e9es trente [&hellip;]<\/p>\n","protected":false},"author":1,"featured_media":3986,"comment_status":"open","ping_status":"open","sticky":false,"template":"","format":"standard","meta":{"sfsi_plus_gutenberg_text_before_share":"","sfsi_plus_gutenberg_show_text_before_share":"","sfsi_plus_gutenberg_icon_type":"","sfsi_plus_gutenberg_icon_alignemt":"","sfsi_plus_gutenburg_max_per_row":"","site-sidebar-layout":"default","site-content-layout":"","ast-site-content-layout":"default","site-content-style":"default","site-sidebar-style":"default","ast-global-header-display":"","ast-banner-title-visibility":"","ast-main-header-display":"","ast-hfb-above-header-display":"","ast-hfb-below-header-display":"","ast-hfb-mobile-header-display":"","site-post-title":"","ast-breadcrumbs-content":"","ast-featured-img":"","footer-sml-layout":"","ast-disable-related-posts":"","theme-transparent-header-meta":"","adv-header-id-meta":"","stick-header-meta":"","header-above-stick-meta":"","header-main-stick-meta":"","header-below-stick-meta":"","astra-migrate-meta-layouts":"default","ast-page-background-enabled":"default","ast-page-background-meta":{"desktop":{"background-color":"var(--ast-global-color-4)","background-image":"","background-repeat":"repeat","background-position":"center center","background-size":"auto","background-attachment":"scroll","background-type":"","background-media":"","overlay-type":"","overlay-color":"","overlay-opacity":"","overlay-gradient":""},"tablet":{"background-color":"","background-image":"","background-repeat":"repeat","background-position":"center center","background-size":"auto","background-attachment":"scroll","background-type":"","background-media":"","overlay-type":"","overlay-color":"","overlay-opacity":"","overlay-gradient":""},"mobile":{"background-color":"","background-image":"","background-repeat":"repeat","background-position":"center center","background-size":"auto","background-attachment":"scroll","background-type":"","background-media":"","overlay-type":"","overlay-color":"","overlay-opacity":"","overlay-gradient":""}},"ast-content-background-meta":{"desktop":{"background-color":"var(--ast-global-color-5)","background-image":"","background-repeat":"repeat","background-position":"center center","background-size":"auto","background-attachment":"scroll","background-type":"","background-media":"","overlay-type":"","overlay-color":"","overlay-opacity":"","overlay-gradient":""},"tablet":{"background-color":"var(--ast-global-color-5)","background-image":"","background-repeat":"repeat","background-position":"center center","background-size":"auto","background-attachment":"scroll","background-type":"","background-media":"","overlay-type":"","overlay-color":"","overlay-opacity":"","overlay-gradient":""},"mobile":{"background-color":"var(--ast-global-color-5)","background-image":"","background-repeat":"repeat","background-position":"center center","background-size":"auto","background-attachment":"scroll","background-type":"","background-media":"","overlay-type":"","overlay-color":"","overlay-opacity":"","overlay-gradient":""}},"footnotes":""},"categories":[16],"tags":[],"class_list":["post-408","post","type-post","status-publish","format-standard","has-post-thumbnail","hentry","category-archives-cms"],"_links":{"self":[{"href":"https:\/\/lavoiedessansvoix.fr\/lavoie\/wp-json\/wp\/v2\/posts\/408","targetHints":{"allow":["GET"]}}],"collection":[{"href":"https:\/\/lavoiedessansvoix.fr\/lavoie\/wp-json\/wp\/v2\/posts"}],"about":[{"href":"https:\/\/lavoiedessansvoix.fr\/lavoie\/wp-json\/wp\/v2\/types\/post"}],"author":[{"embeddable":true,"href":"https:\/\/lavoiedessansvoix.fr\/lavoie\/wp-json\/wp\/v2\/users\/1"}],"replies":[{"embeddable":true,"href":"https:\/\/lavoiedessansvoix.fr\/lavoie\/wp-json\/wp\/v2\/comments?post=408"}],"version-history":[{"count":1,"href":"https:\/\/lavoiedessansvoix.fr\/lavoie\/wp-json\/wp\/v2\/posts\/408\/revisions"}],"predecessor-version":[{"id":2835,"href":"https:\/\/lavoiedessansvoix.fr\/lavoie\/wp-json\/wp\/v2\/posts\/408\/revisions\/2835"}],"wp:featuredmedia":[{"embeddable":true,"href":"https:\/\/lavoiedessansvoix.fr\/lavoie\/wp-json\/wp\/v2\/media\/3986"}],"wp:attachment":[{"href":"https:\/\/lavoiedessansvoix.fr\/lavoie\/wp-json\/wp\/v2\/media?parent=408"}],"wp:term":[{"taxonomy":"category","embeddable":true,"href":"https:\/\/lavoiedessansvoix.fr\/lavoie\/wp-json\/wp\/v2\/categories?post=408"},{"taxonomy":"post_tag","embeddable":true,"href":"https:\/\/lavoiedessansvoix.fr\/lavoie\/wp-json\/wp\/v2\/tags?post=408"}],"curies":[{"name":"wp","href":"https:\/\/api.w.org\/{rel}","templated":true}]}}