{"id":407,"date":"2023-11-28T07:51:00","date_gmt":"2023-11-28T06:51:00","guid":{"rendered":"https:\/\/lavoiedessansvoix.fr\/lavoie\/2023\/11\/28\/archive-darmanin-la-politique-au-vitriol\/"},"modified":"2026-04-26T20:26:04","modified_gmt":"2026-04-26T18:26:04","slug":"archive-darmanin-la-politique-au-vitriol","status":"publish","type":"post","link":"https:\/\/lavoiedessansvoix.fr\/lavoie\/2023\/11\/28\/archive-darmanin-la-politique-au-vitriol\/","title":{"rendered":"DARMANIN La politique au vitriol"},"content":{"rendered":"<p>DARMANINLa politique au vitriolRien de mieux que l\u2019acide sulfurique pour dissoudre les corps organiques. G\u00e9rald Darmanin, Ministre de l\u2019int\u00e9rieur se propose aujourd\u2019hui de dissoudre trois mouvements \u00ab d\u2019extr\u00eame droite, dit-il.Voudrait-il de la sorte se faire une r\u00e9putation \u00ab d\u2019homme de gauche ? \u00bbJe sais, car je les connais pour les avoir exp\u00e9riment\u00e9s sur ma propre personne, qu\u2019il ne manquera pas d\u2019imb\u00e9ciles pour applaudir \u00e0 cette intention du vitrioleur de la R\u00e9publique. Il ne manque pas en effet d\u2019antifas \u00e0 \u00ab cheveux longs et id\u00e9es courtes \u00bb* dans ce pays.Sauf \u00e0 \u00eatre atteint d\u2019Elsheimer, on se souvient, \u00e7a n\u2019est pas si vieux, que ce m\u00eame vantard voulait dissoudre \u00ab les soul\u00e8vements de la terre \u00bb. Dissoudre des soul\u00e8vements, qu\u2019elle forfanterie ? Or les soul\u00e8vements de la terre \u00bb ne sont pas que je sache, un ou des mouvements d\u2019extr\u00eame droite. Si certains \u00ab colleurs d\u2019\u00e9tiquettes \u00bb (il y a des gens qui ne savent raisonner que de cette fa\u00e7on) voulaient ainsi \u00ab labelliser \u00bb \u00ab les soul\u00e8vements de la terre \u00bb c\u2019est plut\u00f4t \u00e0 gauche qu\u2019ils devraient les identifier, voire \u00e0 \u00ab la gauche radicale \u00bbBon, il est vrai que Darmanin c\u2019est fait retoquer en cette affaire par le \u00ab Conseil d\u2019\u00c9tat \u00bb. Mais lorsqu\u2019il aura dissouts quelques mouvements d\u2019extr\u00eame droites, sous les acclamations et les applaudissements d\u2019une certaine \u00ab gauche \u00bb frapp\u00e9e de c\u00e9cit\u00e9 politique, lorsque sera pass\u00e9 dans les m\u0153urs la pratique du maintien pr\u00e9ventif de l\u2019ordre par le vitriolage. Nul doute qu\u2019il s\u2019affairera, cette fois avec le silence de l\u2019opinion publique, \u00e0 dissoudre quelques \u00ab mouvements \u00bb \u00e9tiquet\u00e9s \u00e0 l\u2019extr\u00eame gauche. Renvoyer les extr\u00eames dos \u00e0 dos pour prouver combien lui est un homme juste et  temp\u00e9r\u00e9. Pourquoi m\u00eame ne dissoudrait-il pas  LFI d\u00e9j\u00e0 ainsi caract\u00e9ris\u00e9e par certains et stigmatis\u00e9e \u00ab apologiste du terrorisme \u00bb parce qu\u2019elle refuse de d\u00e9nier au Hamas, au pr\u00e9texte de sa brutalit\u00e9, sa qualit\u00e9 de mouvement de r\u00e9sistance ?\u00a0\u00bb Quand ils ont dissous le groupe Martel \u00bb j\u2019ai applaudi. Quand ils ont dissous le groupe (un tel) Je les ai acclam\u00e9. Quand ils ont dissous mon groupe. J\u2019ai protest\u00e9 certes.\u00a0\u00bb .Ils m\u2019ont dit : \u00ab La ferme ! \u00bb et je l\u2019ai ferm\u00e9.Mais c\u2019est s\u00fbr. Macron et Darmanin sont, sinon des hommes de gauche \u00bb tout au moins d\u2019authentiques r\u00e9publicains. Le Parti de l\u2019Ordre de Fabien Roussel lui ne sera pas inqui\u00e9t\u00e9. Et pour s\u00fbr en 2027, il appellera \u00e0 voter, peut-\u00eatre Darmanin, pour faire barrage \u00e0 l\u2019extr\u00eame droite. Ce n\u2019est pas de la d\u00e9mocratie \u00e7\u00e0 ?Ben alors !Patrick Seignon. \u00ab Lavoiedessansvoix.fr \u00bb Mardi 28 novembre 2023.<\/p>\n","protected":false},"excerpt":{"rendered":"<p>DARMANINLa politique au vitriolRien de mieux que l\u2019acide sulfurique pour dissoudre les corps organiques. G\u00e9rald Darmanin, Ministre de l\u2019int\u00e9rieur se [&hellip;]<\/p>\n","protected":false},"author":1,"featured_media":3985,"comment_status":"open","ping_status":"open","sticky":false,"template":"","format":"standard","meta":{"sfsi_plus_gutenberg_text_before_share":"","sfsi_plus_gutenberg_show_text_before_share":"","sfsi_plus_gutenberg_icon_type":"","sfsi_plus_gutenberg_icon_alignemt":"","sfsi_plus_gutenburg_max_per_row":"","site-sidebar-layout":"default","site-content-layout":"","ast-site-content-layout":"default","site-content-style":"default","site-sidebar-style":"default","ast-global-header-display":"","ast-banner-title-visibility":"","ast-main-header-display":"","ast-hfb-above-header-display":"","ast-hfb-below-header-display":"","ast-hfb-mobile-header-display":"","site-post-title":"","ast-breadcrumbs-content":"","ast-featured-img":"","footer-sml-layout":"","ast-disable-related-posts":"","theme-transparent-header-meta":"","adv-header-id-meta":"","stick-header-meta":"","header-above-stick-meta":"","header-main-stick-meta":"","header-below-stick-meta":"","astra-migrate-meta-layouts":"default","ast-page-background-enabled":"default","ast-page-background-meta":{"desktop":{"background-color":"var(--ast-global-color-4)","background-image":"","background-repeat":"repeat","background-position":"center center","background-size":"auto","background-attachment":"scroll","background-type":"","background-media":"","overlay-type":"","overlay-color":"","overlay-opacity":"","overlay-gradient":""},"tablet":{"background-color":"","background-image":"","background-repeat":"repeat","background-position":"center center","background-size":"auto","background-attachment":"scroll","background-type":"","background-media":"","overlay-type":"","overlay-color":"","overlay-opacity":"","overlay-gradient":""},"mobile":{"background-color":"","background-image":"","background-repeat":"repeat","background-position":"center center","background-size":"auto","background-attachment":"scroll","background-type":"","background-media":"","overlay-type":"","overlay-color":"","overlay-opacity":"","overlay-gradient":""}},"ast-content-background-meta":{"desktop":{"background-color":"var(--ast-global-color-5)","background-image":"","background-repeat":"repeat","background-position":"center center","background-size":"auto","background-attachment":"scroll","background-type":"","background-media":"","overlay-type":"","overlay-color":"","overlay-opacity":"","overlay-gradient":""},"tablet":{"background-color":"var(--ast-global-color-5)","background-image":"","background-repeat":"repeat","background-position":"center center","background-size":"auto","background-attachment":"scroll","background-type":"","background-media":"","overlay-type":"","overlay-color":"","overlay-opacity":"","overlay-gradient":""},"mobile":{"background-color":"var(--ast-global-color-5)","background-image":"","background-repeat":"repeat","background-position":"center center","background-size":"auto","background-attachment":"scroll","background-type":"","background-media":"","overlay-type":"","overlay-color":"","overlay-opacity":"","overlay-gradient":""}},"footnotes":""},"categories":[16],"tags":[],"class_list":["post-407","post","type-post","status-publish","format-standard","has-post-thumbnail","hentry","category-archives-cms"],"_links":{"self":[{"href":"https:\/\/lavoiedessansvoix.fr\/lavoie\/wp-json\/wp\/v2\/posts\/407","targetHints":{"allow":["GET"]}}],"collection":[{"href":"https:\/\/lavoiedessansvoix.fr\/lavoie\/wp-json\/wp\/v2\/posts"}],"about":[{"href":"https:\/\/lavoiedessansvoix.fr\/lavoie\/wp-json\/wp\/v2\/types\/post"}],"author":[{"embeddable":true,"href":"https:\/\/lavoiedessansvoix.fr\/lavoie\/wp-json\/wp\/v2\/users\/1"}],"replies":[{"embeddable":true,"href":"https:\/\/lavoiedessansvoix.fr\/lavoie\/wp-json\/wp\/v2\/comments?post=407"}],"version-history":[{"count":1,"href":"https:\/\/lavoiedessansvoix.fr\/lavoie\/wp-json\/wp\/v2\/posts\/407\/revisions"}],"predecessor-version":[{"id":2833,"href":"https:\/\/lavoiedessansvoix.fr\/lavoie\/wp-json\/wp\/v2\/posts\/407\/revisions\/2833"}],"wp:featuredmedia":[{"embeddable":true,"href":"https:\/\/lavoiedessansvoix.fr\/lavoie\/wp-json\/wp\/v2\/media\/3985"}],"wp:attachment":[{"href":"https:\/\/lavoiedessansvoix.fr\/lavoie\/wp-json\/wp\/v2\/media?parent=407"}],"wp:term":[{"taxonomy":"category","embeddable":true,"href":"https:\/\/lavoiedessansvoix.fr\/lavoie\/wp-json\/wp\/v2\/categories?post=407"},{"taxonomy":"post_tag","embeddable":true,"href":"https:\/\/lavoiedessansvoix.fr\/lavoie\/wp-json\/wp\/v2\/tags?post=407"}],"curies":[{"name":"wp","href":"https:\/\/api.w.org\/{rel}","templated":true}]}}