{"id":403,"date":"2024-02-14T14:43:00","date_gmt":"2024-02-14T13:43:00","guid":{"rendered":"https:\/\/lavoiedessansvoix.fr\/lavoie\/2024\/02\/14\/archive-non-a-l-apocalypse-mobilisons-nous-contre-la-guerre\/"},"modified":"2026-04-26T20:25:25","modified_gmt":"2026-04-26T18:25:25","slug":"archive-non-a-l-apocalypse-mobilisons-nous-contre-la-guerre","status":"publish","type":"post","link":"https:\/\/lavoiedessansvoix.fr\/lavoie\/2024\/02\/14\/archive-non-a-l-apocalypse-mobilisons-nous-contre-la-guerre\/","title":{"rendered":"NON A L\u2019APOCALYPSE !  MOBILISONS-NOUS CONTRE LA GUERRE"},"content":{"rendered":"<p>NON A L\u2019APOCALYPSE ! MOBILISONS-NOUS CONTRE LA GUERRELa France et beaucoup d\u2019autres pays occidentaux prennent de plus en plus d\u2019engagements pour aider, mais surtout pousser l\u2019Ukraine \u00e0 poursuivre la guerre fratricide qui l\u2019oppose \u00e0 la Russie. Dans le contexte des \u00e9lections am\u00e9ricaines, les USA ont en effet r\u00e9duit leur contribution et s\u2019efforcent d\u2019en \u00ab refiler \u00bb le fardeau \u00e0 l\u2019UE. Certes, en f\u00e9vrier 2022, certains, choqu\u00e9s par l\u2019offensive russe en Ukraine, ont pu r\u00e9duire la question \u00e0 celle d\u2019un diff\u00e9rend russo-ukrainien, et sur ces bases condamner \u00ab l\u2019agression russe \u00bb et juger qu\u2019il fallait soutenir la \u00ab r\u00e9sistance \u00bb du peuple ukrainien. Or, derri\u00e8re ce conflit apparent russo-ukrainien en trompe l\u2019\u0153il, d\u00e9vastateur pour les peuples impliqu\u00e9s, se dissimule en v\u00e9rit\u00e9 une confrontation bien plus vaste et bien plus dangereuse, \u00e0 l\u2019\u00e9chelle de l\u2019Humanit\u00e9 toute enti\u00e8re.Nul, de bonne foi, ne peut nier \u00e0 pr\u00e9sent la v\u00e9rit\u00e9 qui s\u2019impose. Vassalis\u00e9e l\u2019Ukraine de Zelensky agit comme arm\u00e9e suppl\u00e9tive de l\u2019imp\u00e9rialisme occidental. Bien qu\u2019elle se d\u00e9roule essentiellement sur le territoire de l\u2019Ukraine, cette guerre est donc une confrontation du bloc imp\u00e9rialiste occidental (USA, Royaume Uni, France) contre la Russie. De par sa nature et ses enjeux elle constitue une menace de guerre mondiale g\u00e9n\u00e9ralis\u00e9e, voire de d\u00e9rapage nucl\u00e9aire.Il y a bien s\u00fbr, on le voit, des fous parmi les cercles dirigeants de nos pays et au niveau de l\u2019OTAN, bien d\u00e9cid\u00e9s \u00e0 prendre ce risque. Il faut dire que ceux-l\u00e0 se croient \u00e0 l\u2019abri dans leurs bunkers de survit et qu\u2019aux poss\u00e9dants aux classes dirigeantes et \u00e0 leurs commis (les Biden, Macron, Trudeau ou SunaK) , la guerre est d\u2019abord une bonne affaire \u00e8 tous les stades. D\u2019abord par le gonflement des budgets militaires elle joue un r\u00f4le moteur d\u2019entrainement de l\u2019\u00e9conomie, l\u2019industrie de l\u2019armement accumule des profits colossaux pomp\u00e9s gr\u00e2ce \u00e0 l\u2019inflation sur le niveau de vie des classes subalternes. Puis au terme du conflit, sa phase de mort et de destructions, car il y en a n\u00e9cessairement un, un jour, ce sont les entreprises du b\u00e2timent et des travaux publics charg\u00e9es de la reconstruction, qui prennent le relais, deviennent moteurs de l\u2019\u00e9conomie. C\u2019est ainsi, comme \u00e0 chaque fois, sur la destruction du patrimoine humain et des centaines de milliers de morts de mutil\u00e9s, de \u00ab fracass\u00e9s \u00bb physiquement ou moralement, que ses bandits pourront se vanter, apr\u00e8s coup, d\u2019avoir promu le \u00ab paquage \u00bb d\u2019une nouvelle \u00ab trente glorieuses \u00bb et pourquoi pas un nouveau \u00ab Baby-boom \u00bb pour remplacer avec des \u00eatres humains tout neufs une partie au moins des morts. Mais surtout, ce sur quoi ils seront plus discrets, la r\u00e9alisation de des profits colossaux et une nouvelle phase de concentration du capital dans un nombre de mains toujours plus r\u00e9duit.Mais les peuples dans tout \u00e7a ? Ceux-l\u00e0 bien s\u00fbr n\u2019en ont rien \u00e0 fiche des peuples qui ne sont \u00e0 leur sens, suivant l\u2019air du temps, que des troupeaux d\u2019esclaves pour produire les richesses dont eux se gavent ou chair \u00e0 canon. Nous sommes tr\u00e8s nombreux sur la plan\u00e8te et ils se proposent, sans \u00e9tat d\u2019\u00e2mes, de liquider quelques centaines de millions d\u2019entre-nous. Car c\u2019est cela m\u00eame que signifient les multiples d\u00e9clarations du moment pour avertir les peuples qu\u2019il faut se pr\u00e9parer \u00e0 la guerre. Mais les peuples eux ? Qu\u2019en ont-ils \u00e0 faire d\u2019une \u00e9conomie qui tourne pour produire des profits pour quelques-uns, des outils d\u2019extermination, qui r\u00e9pand la mort et les destructions, pour renaitre et reconstruire ce qui aurait pu \u00eatre pr\u00e9serv\u00e9 ? A l\u2019\u00e9vidence la perspective d\u2019une troisi\u00e8me guerre mondiale fait jubiler de plaisir les psychopathes qui nous gouvernent, all\u00e9ch\u00e9s par leurs r\u00eaves de puissance et de gabegie. Cela ne concerne pas les peuples qui n\u2019ont que souffrances \u00e0 attendre du d\u00e9r\u00e8glement de l\u2019\u00e9conomie et de l\u2019inflation d\u2019abord, de la mort des maladies et des destructions massives ensuite, de la mis\u00e8re qui en r\u00e9sulte et des efforts de travail auxquels on les astreindra quand il faudra reconstruire, s\u2019ils ne sont pas eux-m\u00eames disparus ou handicap\u00e9s graves. Sans parler des d\u00e9g\u00e2ts environnementaux qu\u2019elle engendre dans tous les cas, dont le risque devrait faire de ces \u00e9cologistes paradoxaux, qui s\u2019en font les avocats, les premiers ennemis de la guerre.La guerre russo-occidentale en Ukraine, premier th\u00e9\u00e2tre d\u2019op\u00e9ration de la troisi\u00e8me guerre mondiale annonc\u00e9e, doit cesser. Son prolongement ne peut aboutir qu\u2019\u00e0 la perte par l\u2019Ukraine de plus en plus de territoires, des milliers de vies humaines sacrifi\u00e9es de part et d\u2019autre, ainsi que des coupes drastiques dans les revenus des couches populaires des peuples europ\u00e9ens afin de financer cette folie meurtri\u00e8re. Sans compter le risque de g\u00e9n\u00e9ralisation et de d\u00e9rapage nucl\u00e9aire. C\u2019est un d\u00e9fi qui est propos\u00e9 aux peuples du monde de se mobiliser pour faire cesser la folie militariste, rappeler les gouvernements \u00e0 la raison, exiger un r\u00e8glement n\u00e9goci\u00e9 du conflit en cours. R\u00e9veiller et mobiliser les consciences, faire naitre et grandir en France un puissant mouvement antiguerre, \u00e0 l\u2019instar de l\u2019Allemagne, tel est le d\u00e9fi auquel entend se consacrer l\u2019association \u00ab Apocalypse non \u00bb qui a organis\u00e9 avec succ\u00e8s une conf\u00e9rence \u00e0 Paris le 20 janvier 2023, dont vous pouvez visionner l\u2019int\u00e9gralit\u00e9 sur \u00ab You tube \u00bb : Liens disponibles sur le Site \u00ab Apocalypse non \u00bb www.apocalypse-non.com ou sur sa page \u00ab Facebook \u00bb.*La guerre va se prolonger et m\u00eame probablement s\u2019\u00e9tendre. Les d\u00e9clarations en ce sens se sont multipli\u00e9es. Des malades qui nous gouvernent ont d\u00e9cid\u00e9 de pr\u00e9cipiter l\u2019Humanit\u00e9 dans les affres d\u2019une troisi\u00e8me guerre mondiale. Il faut les arr\u00eater ; il faut les stopper. Il faut pour cela que naisse et monte en puissance un vaste mouvement des peuples contre la guerre. Le mouvement antiguerre est encore insignifiant en France. Il faut bien commencer par un d\u00e9but. Nous avons cr\u00e9\u00e9 l\u2019association \u00ab Apocalypse non \u00bb dans le but de le faire croitre. Il faut dans un premier temps construire celle-ci, lui donner du corps et des muscles, de l\u2019audience, des moyens. Venez d\u00e9couvrir, faire connaissance avec n\u00f4tre (votre), association en vous connectant www.apocalypse-non.comRejoignez-nous ! Inscrivez-vous sur le Site, Adh\u00e9rez \u00e0 \u00ab Apocalypse non \u00bb, Patrick Seignon. Lavoie des sansvoix.fr \u00bb vendredi 9 f\u00e9vrier 2024.<\/p>\n","protected":false},"excerpt":{"rendered":"<p>NON A L\u2019APOCALYPSE ! MOBILISONS-NOUS CONTRE LA GUERRELa France et beaucoup d\u2019autres pays occidentaux prennent de plus en plus d\u2019engagements [&hellip;]<\/p>\n","protected":false},"author":1,"featured_media":3981,"comment_status":"open","ping_status":"open","sticky":false,"template":"","format":"standard","meta":{"sfsi_plus_gutenberg_text_before_share":"","sfsi_plus_gutenberg_show_text_before_share":"","sfsi_plus_gutenberg_icon_type":"","sfsi_plus_gutenberg_icon_alignemt":"","sfsi_plus_gutenburg_max_per_row":"","site-sidebar-layout":"default","site-content-layout":"","ast-site-content-layout":"default","site-content-style":"default","site-sidebar-style":"default","ast-global-header-display":"","ast-banner-title-visibility":"","ast-main-header-display":"","ast-hfb-above-header-display":"","ast-hfb-below-header-display":"","ast-hfb-mobile-header-display":"","site-post-title":"","ast-breadcrumbs-content":"","ast-featured-img":"","footer-sml-layout":"","ast-disable-related-posts":"","theme-transparent-header-meta":"","adv-header-id-meta":"","stick-header-meta":"","header-above-stick-meta":"","header-main-stick-meta":"","header-below-stick-meta":"","astra-migrate-meta-layouts":"default","ast-page-background-enabled":"default","ast-page-background-meta":{"desktop":{"background-color":"var(--ast-global-color-4)","background-image":"","background-repeat":"repeat","background-position":"center center","background-size":"auto","background-attachment":"scroll","background-type":"","background-media":"","overlay-type":"","overlay-color":"","overlay-opacity":"","overlay-gradient":""},"tablet":{"background-color":"","background-image":"","background-repeat":"repeat","background-position":"center center","background-size":"auto","background-attachment":"scroll","background-type":"","background-media":"","overlay-type":"","overlay-color":"","overlay-opacity":"","overlay-gradient":""},"mobile":{"background-color":"","background-image":"","background-repeat":"repeat","background-position":"center center","background-size":"auto","background-attachment":"scroll","background-type":"","background-media":"","overlay-type":"","overlay-color":"","overlay-opacity":"","overlay-gradient":""}},"ast-content-background-meta":{"desktop":{"background-color":"var(--ast-global-color-5)","background-image":"","background-repeat":"repeat","background-position":"center center","background-size":"auto","background-attachment":"scroll","background-type":"","background-media":"","overlay-type":"","overlay-color":"","overlay-opacity":"","overlay-gradient":""},"tablet":{"background-color":"var(--ast-global-color-5)","background-image":"","background-repeat":"repeat","background-position":"center center","background-size":"auto","background-attachment":"scroll","background-type":"","background-media":"","overlay-type":"","overlay-color":"","overlay-opacity":"","overlay-gradient":""},"mobile":{"background-color":"var(--ast-global-color-5)","background-image":"","background-repeat":"repeat","background-position":"center center","background-size":"auto","background-attachment":"scroll","background-type":"","background-media":"","overlay-type":"","overlay-color":"","overlay-opacity":"","overlay-gradient":""}},"footnotes":""},"categories":[16],"tags":[],"class_list":["post-403","post","type-post","status-publish","format-standard","has-post-thumbnail","hentry","category-archives-cms"],"_links":{"self":[{"href":"https:\/\/lavoiedessansvoix.fr\/lavoie\/wp-json\/wp\/v2\/posts\/403","targetHints":{"allow":["GET"]}}],"collection":[{"href":"https:\/\/lavoiedessansvoix.fr\/lavoie\/wp-json\/wp\/v2\/posts"}],"about":[{"href":"https:\/\/lavoiedessansvoix.fr\/lavoie\/wp-json\/wp\/v2\/types\/post"}],"author":[{"embeddable":true,"href":"https:\/\/lavoiedessansvoix.fr\/lavoie\/wp-json\/wp\/v2\/users\/1"}],"replies":[{"embeddable":true,"href":"https:\/\/lavoiedessansvoix.fr\/lavoie\/wp-json\/wp\/v2\/comments?post=403"}],"version-history":[{"count":1,"href":"https:\/\/lavoiedessansvoix.fr\/lavoie\/wp-json\/wp\/v2\/posts\/403\/revisions"}],"predecessor-version":[{"id":2825,"href":"https:\/\/lavoiedessansvoix.fr\/lavoie\/wp-json\/wp\/v2\/posts\/403\/revisions\/2825"}],"wp:featuredmedia":[{"embeddable":true,"href":"https:\/\/lavoiedessansvoix.fr\/lavoie\/wp-json\/wp\/v2\/media\/3981"}],"wp:attachment":[{"href":"https:\/\/lavoiedessansvoix.fr\/lavoie\/wp-json\/wp\/v2\/media?parent=403"}],"wp:term":[{"taxonomy":"category","embeddable":true,"href":"https:\/\/lavoiedessansvoix.fr\/lavoie\/wp-json\/wp\/v2\/categories?post=403"},{"taxonomy":"post_tag","embeddable":true,"href":"https:\/\/lavoiedessansvoix.fr\/lavoie\/wp-json\/wp\/v2\/tags?post=403"}],"curies":[{"name":"wp","href":"https:\/\/api.w.org\/{rel}","templated":true}]}}