{"id":402,"date":"2024-02-15T09:32:00","date_gmt":"2024-02-15T08:32:00","guid":{"rendered":"https:\/\/lavoiedessansvoix.fr\/lavoie\/2024\/02\/15\/archive-une-nova-brille-a-matignon\/"},"modified":"2026-04-26T20:25:17","modified_gmt":"2026-04-26T18:25:17","slug":"archive-une-nova-brille-a-matignon","status":"publish","type":"post","link":"https:\/\/lavoiedessansvoix.fr\/lavoie\/2024\/02\/15\/archive-une-nova-brille-a-matignon\/","title":{"rendered":"UNE NOVA BRILLE A MATIGNON"},"content":{"rendered":"<p>UNE NOVA BRILLE A MATIGNON\u00ab La gr\u00e8ve est un droit \u00bb mais \u00ab travailler est un devoir \u00bb Si j\u2019en crois le titre du Figaro en ligne que j\u2019ai sous les yeux, cette pens\u00e9e lumineuse serait un produit du \u00ab g\u00e9nial \u00bb cerveau du plus jeune Premier-ministre que l\u2019on ait fait subir \u00e0 notre pauvre  la France.\u00a0\u00bbLa gr\u00e8ve est un droit \u00ab\u00a0. Soit ! Merci pour le rappel.Mais ? \u00ab Travailler est un devoir \u00bb. Comprenne qui pourra.Faire la gr\u00e8ve n\u2019est-ce pas cesser le travail ? Comment d\u00e8s lors exercer \u00ab le droit de gr\u00e8ve \u00bb sans contrevenir au \u00ab devoir de travail \u00bb selon la formulation de Gabriel Attal ? \u00ab Absurdus \u00bbComment peut-il oser le cuistre, nous dire, \u00ab pince sans rire \u00bb, dans un m\u00eame mouvement, que nous avons \u00ab le droit de gr\u00e8ve \u00bb (c\u2019est \u00e9crit, c\u2019est un droit constitutionnel) mais qu\u2019il nous est interdit d\u2019en user au pr\u00e9texte d\u2019un pr\u00e9tendu \u00ab devoir de travail \u00bb ? Il croyait formuler un truisme imparable, il n\u2019a fait que mettre \u00e0 jour toute la vacuit\u00e9 de la \u00ab pens\u00e9e \u00ab attaliste \u00bb. C\u2019est \u00e0 se gondoler les c\u00f4tes.Mais, moins risible, on s\u2019interroge : o\u00f9 donc Gabriel Attal est-il all\u00e9 d\u00e9nicher SON concept de \u00ab devoir de travail \u00bb. Dans le souvenir du r\u00e9gime des corv\u00e9es f\u00e9odales ou au fronton de certaines sinistres r\u00e9sidences de facture plus r\u00e9centes ?Au demeurant le travail n\u2019a jamais \u00e9t\u00e9 \u00ab un devoir \u00bb ailleurs que dans les limbes de la pens\u00e9e fasciste. Nul ne travaille par \u00ab devoir \u00bb mais plut\u00f4t par besoin \u00bb. C\u2019est le fondement m\u00eame du r\u00e9gime de salariat. Le travail au point de vue individuel est une n\u00e9cessit\u00e9 et non un devoir, afin de gagner sa vie et nourrir ses enfants. S\u2019il nous faut parler de \u00ab Devoir de travail \u00bb cela ne peut s\u2019entendre qu\u2019au niveau global, social, et non individuel. Ainsi, les salari\u00e9s qui cessent le travail (Gr\u00e8ve) pour d\u00e9fendre leurs droits ne manquent-ils \u00e0 aucun devoir. Par contre l\u2019\u00c9tat qui prive des millions de travailleurs de l\u2019exercice de leur droit au travail et \u00e0 un salaire d\u00e9cent, qui les transforme en \u00ab ch\u00f4meurs \u00bb ou en travailleurs pr\u00e9caires, ou en d\u00e9class\u00e9s. Qui les prive du revenu n\u00e9cessaire \u00e0 une vie d\u00e9cente et \u00e0 leur dignit\u00e9 citoyenne, manque-lui \u00e0 tous ses devoirs.Patrick Seignon. \u00ab lavoiedessansvoix.fr \u00bb.Jeudi 15 f\u00e9vrier 2024.<\/p>\n","protected":false},"excerpt":{"rendered":"<p>UNE NOVA BRILLE A MATIGNON\u00ab La gr\u00e8ve est un droit \u00bb mais \u00ab travailler est un devoir \u00bb Si j\u2019en [&hellip;]<\/p>\n","protected":false},"author":1,"featured_media":3980,"comment_status":"open","ping_status":"open","sticky":false,"template":"","format":"standard","meta":{"sfsi_plus_gutenberg_text_before_share":"","sfsi_plus_gutenberg_show_text_before_share":"","sfsi_plus_gutenberg_icon_type":"","sfsi_plus_gutenberg_icon_alignemt":"","sfsi_plus_gutenburg_max_per_row":"","site-sidebar-layout":"default","site-content-layout":"","ast-site-content-layout":"default","site-content-style":"default","site-sidebar-style":"default","ast-global-header-display":"","ast-banner-title-visibility":"","ast-main-header-display":"","ast-hfb-above-header-display":"","ast-hfb-below-header-display":"","ast-hfb-mobile-header-display":"","site-post-title":"","ast-breadcrumbs-content":"","ast-featured-img":"","footer-sml-layout":"","ast-disable-related-posts":"","theme-transparent-header-meta":"","adv-header-id-meta":"","stick-header-meta":"","header-above-stick-meta":"","header-main-stick-meta":"","header-below-stick-meta":"","astra-migrate-meta-layouts":"default","ast-page-background-enabled":"default","ast-page-background-meta":{"desktop":{"background-color":"var(--ast-global-color-4)","background-image":"","background-repeat":"repeat","background-position":"center center","background-size":"auto","background-attachment":"scroll","background-type":"","background-media":"","overlay-type":"","overlay-color":"","overlay-opacity":"","overlay-gradient":""},"tablet":{"background-color":"","background-image":"","background-repeat":"repeat","background-position":"center center","background-size":"auto","background-attachment":"scroll","background-type":"","background-media":"","overlay-type":"","overlay-color":"","overlay-opacity":"","overlay-gradient":""},"mobile":{"background-color":"","background-image":"","background-repeat":"repeat","background-position":"center center","background-size":"auto","background-attachment":"scroll","background-type":"","background-media":"","overlay-type":"","overlay-color":"","overlay-opacity":"","overlay-gradient":""}},"ast-content-background-meta":{"desktop":{"background-color":"var(--ast-global-color-5)","background-image":"","background-repeat":"repeat","background-position":"center center","background-size":"auto","background-attachment":"scroll","background-type":"","background-media":"","overlay-type":"","overlay-color":"","overlay-opacity":"","overlay-gradient":""},"tablet":{"background-color":"var(--ast-global-color-5)","background-image":"","background-repeat":"repeat","background-position":"center center","background-size":"auto","background-attachment":"scroll","background-type":"","background-media":"","overlay-type":"","overlay-color":"","overlay-opacity":"","overlay-gradient":""},"mobile":{"background-color":"var(--ast-global-color-5)","background-image":"","background-repeat":"repeat","background-position":"center center","background-size":"auto","background-attachment":"scroll","background-type":"","background-media":"","overlay-type":"","overlay-color":"","overlay-opacity":"","overlay-gradient":""}},"footnotes":""},"categories":[16],"tags":[],"class_list":["post-402","post","type-post","status-publish","format-standard","has-post-thumbnail","hentry","category-archives-cms"],"_links":{"self":[{"href":"https:\/\/lavoiedessansvoix.fr\/lavoie\/wp-json\/wp\/v2\/posts\/402","targetHints":{"allow":["GET"]}}],"collection":[{"href":"https:\/\/lavoiedessansvoix.fr\/lavoie\/wp-json\/wp\/v2\/posts"}],"about":[{"href":"https:\/\/lavoiedessansvoix.fr\/lavoie\/wp-json\/wp\/v2\/types\/post"}],"author":[{"embeddable":true,"href":"https:\/\/lavoiedessansvoix.fr\/lavoie\/wp-json\/wp\/v2\/users\/1"}],"replies":[{"embeddable":true,"href":"https:\/\/lavoiedessansvoix.fr\/lavoie\/wp-json\/wp\/v2\/comments?post=402"}],"version-history":[{"count":1,"href":"https:\/\/lavoiedessansvoix.fr\/lavoie\/wp-json\/wp\/v2\/posts\/402\/revisions"}],"predecessor-version":[{"id":2823,"href":"https:\/\/lavoiedessansvoix.fr\/lavoie\/wp-json\/wp\/v2\/posts\/402\/revisions\/2823"}],"wp:featuredmedia":[{"embeddable":true,"href":"https:\/\/lavoiedessansvoix.fr\/lavoie\/wp-json\/wp\/v2\/media\/3980"}],"wp:attachment":[{"href":"https:\/\/lavoiedessansvoix.fr\/lavoie\/wp-json\/wp\/v2\/media?parent=402"}],"wp:term":[{"taxonomy":"category","embeddable":true,"href":"https:\/\/lavoiedessansvoix.fr\/lavoie\/wp-json\/wp\/v2\/categories?post=402"},{"taxonomy":"post_tag","embeddable":true,"href":"https:\/\/lavoiedessansvoix.fr\/lavoie\/wp-json\/wp\/v2\/tags?post=402"}],"curies":[{"name":"wp","href":"https:\/\/api.w.org\/{rel}","templated":true}]}}