{"id":401,"date":"2024-02-18T17:11:00","date_gmt":"2024-02-18T16:11:00","guid":{"rendered":"https:\/\/lavoiedessansvoix.fr\/lavoie\/2024\/02\/18\/archive-l-etat-condamne-oui-mais-c-est-qui-l-etat\/"},"modified":"2026-04-26T20:25:08","modified_gmt":"2026-04-26T18:25:08","slug":"archive-l-etat-condamne-oui-mais-c-est-qui-l-etat","status":"publish","type":"post","link":"https:\/\/lavoiedessansvoix.fr\/lavoie\/2024\/02\/18\/archive-l-etat-condamne-oui-mais-c-est-qui-l-etat\/","title":{"rendered":"L\u2019\u00c9TAT CONDAMNE. OUI MAIS C\u2019EST QUI L\u2019\u00c9TAT ?"},"content":{"rendered":"<p>L\u2019\u00c9TAT CONDAMNE. OUI MAIS C\u2019EST QUI L\u2019\u00c9TAT ?Je fais cela rarement, je vous retransmets int\u00e9gralement un article du Figaro qui relate la condamnation de l\u2019Etat, pour \u00ab Faute grave \u00bb, \u00e0 propos de faits remontant aux \u00ab ann\u00e9es Covid \u00bb. Vous constaterez tout d\u2019abord que les faits, un cas individuel, qui a motiv\u00e9 cette condamnation, se sont en v\u00e9rit\u00e9 produits des dizaines de milliers de fois, des dizaines de milliers de cas individuels, durant cette p\u00e9riode, et que ce n\u2019est pas une mais des dizaines de milliers de condamnations que l\u2019\u00c9tat devrait assumer si les victimes avaient pu (Il faut prendre un risque financier) et os\u00e9 porter au p\u00e9nal toutes les plaintes justifi\u00e9es. Oui, des dizaines de milliers de gens qui ont d\u00fb laisser mourir ou souffrir leurs parents dans des Epadh, sans leur rendre une derni\u00e8re visite, des dizaines de milliers de gens qui n\u2019ont pas pu assister aux fun\u00e9railles de leurs parents ou amis. Une honte, une ignominie sociale.L\u2019\u00c9tat condamn\u00e9 pour \u00ab faute grave \u00bb ? Mais l\u2019\u00c9tat n\u2019a pas commis de \u00ab faute \u00bb. Il s\u2019est sciemment rendu coupable d\u2019exactions et de pers\u00e9cutions contre ses propres citoyens.L\u2019\u00c9tat condamn\u00e9 \u00bb. Oui mais c\u2019est qui l\u2019\u00c9tat, Macron en tout premier lieu, V\u00e9ran et Desailly. Ce sont ceux-l\u00e0 qu\u2019il faudra bien un jour se r\u00e9soudre \u00e0 nommer sans d\u00e9tour et condamner s\u00e9v\u00e8rement. Ces barbares qui par leurs oukases ubuesques ont ensauvag\u00e9 notre soci\u00e9t\u00e9, d\u00e9truits les rapports affectifs d\u2019humanit\u00e9 la plus \u00e9l\u00e9mentaire, sem\u00e9 la discorde dans des millions de familles, devront rendre des comptes un jour..Cette condamnation, certes tr\u00e8s partielle, n\u2019en est pas moins une grande bonne nouvelle. Nous f\u00e9licitons Monsieur Patrice Dupas pour son courage sa pers\u00e9v\u00e9rance et sa victoire. Et nous vous invitons tous, chers amis lecteurs a diffuser cet article le plus largement possible. Des centaines de milliers de victimes de la \u00ab dictature sanitaire \u00bb et de la barbarie macroniste ont besoin de savoir. De se d\u00e9ciller, de donner libre cours \u00e0 leurs col\u00e8res et \u00e0 leur exigence de justice, cette information les y aidera.J\u2019en profite aussi pour joindre ici le lien https:\/\/lavoiedessansvoix.fr\/forum\/content.php\/1335-ADIEU-L%C2%92EMILE, qui sur ce m\u00eame Site de \u00ab La voie des sans voix \u00bb vous permettra de lire, ou relire, le Conte \u00ab Adieu l\u2019Emile \u00bb que j\u2019ai \u00e9crit en octobre 2020 et publi\u00e9 ici en f\u00e9vrier 2021.Patrick Seignon. \u00ab lavoiedessansvoix.fr \u00bb. Dimanche 18 f\u00e9vrier 2024.Covid-19 : l&rsquo;\u00c9tat condamn\u00e9 pour avoir emp\u00each\u00e9 un homme de voir son p\u00e8re mourant pendant le confinementPar Le Figaro avec AFP Publi\u00e9 il y a 3 heures, Mis \u00e0 jour il y a 1 heure \u2022  Les faits remontent au 4 avril 2020. Muni d\u2019une attestation, un homme avait tent\u00e9 de rendre une derni\u00e8re visite \u00e0 son p\u00e8re mourant sur l&rsquo;\u00eele de R\u00e9, avant d\u2019en \u00eatre emp\u00each\u00e9 par des gendarmes.Un vigneron du Loir-et-Cher, emp\u00each\u00e9 par des gendarmes de se rendre au chevet de son p\u00e8re mourant durant le premier confinement en avril 2020, a r\u00e9ussi \u00e0 faire condamner l&rsquo;\u00c9tat pour faute lourde, a-t-on appris mercredi 14 f\u00e9vrier aupr\u00e8s de son avocat. \u00abJe dors beaucoup mieux d\u00e9sormais\u00bb, a d\u00e9clar\u00e9 Patrice Dupas au journal Le Parisien, qui a r\u00e9v\u00e9l\u00e9 l&rsquo;information. Pendant longtemps, il s&rsquo;\u00e9tait interrog\u00e9 sur sa part de culpabilit\u00e9 de n&rsquo;avoir pas r\u00e9ussi \u00e0 voir son p\u00e8re avant son d\u00e9c\u00e8s.Dans son jugement dat\u00e9 du 19 d\u00e9cembre 2023, le tribunal judiciaire de la Rochelle a estim\u00e9 qu&rsquo;une \u00abs\u00e9rie de faits\u00bb avait conduit \u00e0 un \u00abprocessus de d\u00e9passement disproportionn\u00e9 des pouvoirs de contr\u00f4le\u00bb et \u00e0 un \u00abd\u00e9ni de justice pour Monsieur Patrice Dupas, \u00e0 savoir le droit de se trouver avec son p\u00e8re pour un motif familial imp\u00e9rieux\u00bb.\u00abMotif familial imp\u00e9rieux\u00bb\u00abLa faute lourde de l&rsquo;\u00c9tat est donc \u00e9tablie\u00bb, a tranch\u00e9 le tribunal, condamnant l&rsquo;\u00c9tat \u00e0 lui verser 12.000 euros en r\u00e9paration des pr\u00e9judices subis et pour les frais de justice. Les faits remontent au 4 avril 2020, en plein confinement d\u00fb \u00e0 l&rsquo;\u00e9pid\u00e9mie de Covid-19. Patrice Dupas avait tent\u00e9 de rendre une derni\u00e8re visite \u00e0 son p\u00e8re mourant sur l&rsquo;\u00eele de R\u00e9 (Charente-Maritime), muni d&rsquo;une attestation o\u00f9 il avait coch\u00e9 le \u00abmotif familial imp\u00e9rieux\u00bb.Malgr\u00e9 des \u00e9changes de SMS avec les gendarmes de son d\u00e9partement qui lui donnaient le feu vert pour y aller et une attestation du m\u00e9decin de famille sur l&rsquo;\u00e9tat de sant\u00e9 du p\u00e8re, il avait \u00e9t\u00e9 emp\u00each\u00e9 de traverser le viaduc de l&rsquo;\u00eele de R\u00e9 par les gendarmes. Il avait \u00e9galement \u00e9cop\u00e9 d&rsquo;une amende.Son p\u00e8re \u00e9tait mort trois jours plus tard. \u00ab\u00c0 ma connaissance, l&rsquo;\u00c9tat ne fera pas appel mais le jugement sera d\u00e9finitif le 6 mars\u00bb, indique Ma\u00eetre K\u00e9vin Gomez \u00e0 l&rsquo;AFP. \u00abMon client est maintenant serein. Il se dit qu&rsquo;il a tout fait pour se rendre aupr\u00e8s de son p\u00e8re et que s&rsquo;il n&rsquo;a pas r\u00e9ussi, ce n&rsquo;\u00e9tait pas de sa faute\u00bb, ajoute<\/p>\n","protected":false},"excerpt":{"rendered":"<p>L\u2019\u00c9TAT CONDAMNE. OUI MAIS C\u2019EST QUI L\u2019\u00c9TAT ?Je fais cela rarement, je vous retransmets int\u00e9gralement un article du Figaro qui [&hellip;]<\/p>\n","protected":false},"author":1,"featured_media":3979,"comment_status":"open","ping_status":"open","sticky":false,"template":"","format":"standard","meta":{"sfsi_plus_gutenberg_text_before_share":"","sfsi_plus_gutenberg_show_text_before_share":"","sfsi_plus_gutenberg_icon_type":"","sfsi_plus_gutenberg_icon_alignemt":"","sfsi_plus_gutenburg_max_per_row":"","site-sidebar-layout":"default","site-content-layout":"","ast-site-content-layout":"default","site-content-style":"default","site-sidebar-style":"default","ast-global-header-display":"","ast-banner-title-visibility":"","ast-main-header-display":"","ast-hfb-above-header-display":"","ast-hfb-below-header-display":"","ast-hfb-mobile-header-display":"","site-post-title":"","ast-breadcrumbs-content":"","ast-featured-img":"","footer-sml-layout":"","ast-disable-related-posts":"","theme-transparent-header-meta":"","adv-header-id-meta":"","stick-header-meta":"","header-above-stick-meta":"","header-main-stick-meta":"","header-below-stick-meta":"","astra-migrate-meta-layouts":"default","ast-page-background-enabled":"default","ast-page-background-meta":{"desktop":{"background-color":"var(--ast-global-color-4)","background-image":"","background-repeat":"repeat","background-position":"center center","background-size":"auto","background-attachment":"scroll","background-type":"","background-media":"","overlay-type":"","overlay-color":"","overlay-opacity":"","overlay-gradient":""},"tablet":{"background-color":"","background-image":"","background-repeat":"repeat","background-position":"center center","background-size":"auto","background-attachment":"scroll","background-type":"","background-media":"","overlay-type":"","overlay-color":"","overlay-opacity":"","overlay-gradient":""},"mobile":{"background-color":"","background-image":"","background-repeat":"repeat","background-position":"center center","background-size":"auto","background-attachment":"scroll","background-type":"","background-media":"","overlay-type":"","overlay-color":"","overlay-opacity":"","overlay-gradient":""}},"ast-content-background-meta":{"desktop":{"background-color":"var(--ast-global-color-5)","background-image":"","background-repeat":"repeat","background-position":"center center","background-size":"auto","background-attachment":"scroll","background-type":"","background-media":"","overlay-type":"","overlay-color":"","overlay-opacity":"","overlay-gradient":""},"tablet":{"background-color":"var(--ast-global-color-5)","background-image":"","background-repeat":"repeat","background-position":"center center","background-size":"auto","background-attachment":"scroll","background-type":"","background-media":"","overlay-type":"","overlay-color":"","overlay-opacity":"","overlay-gradient":""},"mobile":{"background-color":"var(--ast-global-color-5)","background-image":"","background-repeat":"repeat","background-position":"center center","background-size":"auto","background-attachment":"scroll","background-type":"","background-media":"","overlay-type":"","overlay-color":"","overlay-opacity":"","overlay-gradient":""}},"footnotes":""},"categories":[16],"tags":[],"class_list":["post-401","post","type-post","status-publish","format-standard","has-post-thumbnail","hentry","category-archives-cms"],"_links":{"self":[{"href":"https:\/\/lavoiedessansvoix.fr\/lavoie\/wp-json\/wp\/v2\/posts\/401","targetHints":{"allow":["GET"]}}],"collection":[{"href":"https:\/\/lavoiedessansvoix.fr\/lavoie\/wp-json\/wp\/v2\/posts"}],"about":[{"href":"https:\/\/lavoiedessansvoix.fr\/lavoie\/wp-json\/wp\/v2\/types\/post"}],"author":[{"embeddable":true,"href":"https:\/\/lavoiedessansvoix.fr\/lavoie\/wp-json\/wp\/v2\/users\/1"}],"replies":[{"embeddable":true,"href":"https:\/\/lavoiedessansvoix.fr\/lavoie\/wp-json\/wp\/v2\/comments?post=401"}],"version-history":[{"count":1,"href":"https:\/\/lavoiedessansvoix.fr\/lavoie\/wp-json\/wp\/v2\/posts\/401\/revisions"}],"predecessor-version":[{"id":2821,"href":"https:\/\/lavoiedessansvoix.fr\/lavoie\/wp-json\/wp\/v2\/posts\/401\/revisions\/2821"}],"wp:featuredmedia":[{"embeddable":true,"href":"https:\/\/lavoiedessansvoix.fr\/lavoie\/wp-json\/wp\/v2\/media\/3979"}],"wp:attachment":[{"href":"https:\/\/lavoiedessansvoix.fr\/lavoie\/wp-json\/wp\/v2\/media?parent=401"}],"wp:term":[{"taxonomy":"category","embeddable":true,"href":"https:\/\/lavoiedessansvoix.fr\/lavoie\/wp-json\/wp\/v2\/categories?post=401"},{"taxonomy":"post_tag","embeddable":true,"href":"https:\/\/lavoiedessansvoix.fr\/lavoie\/wp-json\/wp\/v2\/tags?post=401"}],"curies":[{"name":"wp","href":"https:\/\/api.w.org\/{rel}","templated":true}]}}