{"id":395,"date":"2024-04-26T12:30:00","date_gmt":"2024-04-26T10:30:00","guid":{"rendered":"https:\/\/lavoiedessansvoix.fr\/lavoie\/2024\/04\/26\/archive-appel-pour-un-premier-mai-sous-le-signe-du-refus-de-la-guerre\/"},"modified":"2026-04-26T20:24:12","modified_gmt":"2026-04-26T18:24:12","slug":"archive-appel-pour-un-premier-mai-sous-le-signe-du-refus-de-la-guerre","status":"publish","type":"post","link":"https:\/\/lavoiedessansvoix.fr\/lavoie\/2024\/04\/26\/archive-appel-pour-un-premier-mai-sous-le-signe-du-refus-de-la-guerre\/","title":{"rendered":"APPEL POUR UN PREMIER MAI SOUS LE SIGNE DU REFUS DE LA GUERRE"},"content":{"rendered":"<p>APPEL POUR UN PREMIER MAI SOUS LE SIGNE DU REFUS DE LA GUERRER\u00e9actif, \u00e0 peine avais-je eu le tract d\u2019appel de la CGT (Rectification, il s&rsquo;agit d&rsquo;un tract d&rsquo;appel de toutes les organisations syndicales. Ce qui ne change rien, au contraire, \u00e0 la gravit\u00e9 de la chose; 26\/4\/2024, 18 h 45.) aux manifestations de ce premier mai 2024, je r\u00e9agissais par le communiqu\u00e9 ci-joint en annexe, par lequel je signifiais mon refus de prendre part \u00e0 ces manifestations sous un tel slogan.Certains, je les entends d\u00e9j\u00e0 avant qu\u2019ils n\u2019aient ouvert la bouche, diront certainement que je suis \u00ab trop \u00bb r\u00e9actif ; Que je m\u2019emportes. Que cette assertion en introduction du texte c\u00e9g\u00e9tiste ne justifie pas ma r\u00e9action. Car le premier mai c\u2019est plus, c\u2019est la journ\u00e9e internationale revendicative des travailleurs.Pensez-vous que je ne sache pas cela moi qui depuis l\u2019aube de mon engagement syndical a toujours, \u00e0 quelques exceptions pr\u00e8s, particip\u00e9 \u00e0 toutes les manifestations de premier mai ?Oui, le premier mai est la journ\u00e9e internationale revendicative des travailleurs, \u00ab Prol\u00e9taires de tous les pays unissez-vous \u00bb. Raison majeure pr\u00e9cis\u00e9ment de ne pas (avec des paroles faux-cul de paix \u00e0 la bouche) la placer sous le signe de la guerre, sous le signe de l\u2019acceptation de la guerre, raison majeure pr\u00e9cis\u00e9ment de ne pas en faire une manifestation de \u00ab l\u2019Union Sacr\u00e9e \u00bb des travailleurs avec leurs bourreaux imp\u00e9rialistes.Car c\u2019est cela m\u00eame la signification de l&rsquo;entr\u00e9e en mati\u00e8re de cet appel de la CGT.\u2018..une paix juste et durable dans le cadre du droit international, qui ne peut se faire aux conditions de l\u2019agresseur. \u00bbCela signifie, oui la paix mais lorsque les conditions ne seront plus favorables \u00e0 \u00ab l\u2019agresseur \u00bb. Cela signifie qu\u2019il faut poursuivre la guerre pour inverser le rapport des forces sur le terrain afin que \u00ab l\u2019agress\u00e9 \u00bb puisse traiter \u00ab \u00e0 ses conditions \u00bb ; Cela signifie non pas la revendication de \u00ab LA PAIX IMM\u00c9DIATE \u00bb mais seulement l\u2019aspiration \u00e0 la paix quand la guerre sera finie ; Cela signifie \u00ab l\u2019UNION SACR\u00c9E \u00bb et la complicit\u00e9 de la CGT pour envoyer la fine fleur de la nation au massacre comme en 14 mais XXL.Avec ces explications vous comprendrez mieux cette fois mon indignation et j\u2019en suis s\u00fbr le bon sens de mon refus de participer \u00e0 ces manifestations d\u2019embrigadement belliciste.Parce que dans le contexte actuel la d\u00e9fense de la paix est la premi\u00e8re des revendications du monde du travail, j\u2019appelle mes amis, tous ceux qui sont v\u00e9ritablement attach\u00e9s \u00e0 la d\u00e9fense de la paix c\u2019est-\u00e0-dire au refus de la guerre, \u00e0 se retrouver le Mercredi 1er Mai \u00e0 10 heures 30, place Jean-Jaur\u00e8s \u00e0 Tours avec l\u2019Association \u00ab Apocalypse non \u00bb pour la d\u00e9fense de la paix sans laquelle la condition ouvri\u00e8re ne saurai-\u00eatre qu\u2019un enfer.Patrick Seignon. \u00ab \u00ab lavoiedessansvoix.fr \u00bb. Vendredi 26 avril 2024.ANNEXE : \u00ab\u00a0Communiqu\u00e9\u00a0\u00bbChers camarades,\u00ab Nos organisations r\u00e9affirment leur engagement pour une paix juste et durable dans le cadre du droit international, qui ne peut se faire aux conditions de l\u2019agresseur. \u00bb Mais c\u2019est qui l\u2019agresseur ? La Russie qui ne veut pas de l\u2019OTAN \u00e0 ses portes ou les USA et l\u2019UE qui disent \u00e0 pr\u00e9sent ouvertement leur volont\u00e9 de d\u00e9membrer la Russie ? Cette phrase en t\u00eate du tract d\u2019appel de la CGT au 1er mai 2024, est ignoble. Elle confirme l\u2019alignement de la conf\u00e9d\u00e9ration sur les positions de l\u2019imp\u00e9rialisme Anglo-Am\u00e9ricain. Car qu\u2019est-ce le \u00ab droit international \u00bb sinon la loi de l\u2019imp\u00e9rialisme dominant ?Dans ces conditions je ne prendrais pas part aux manifestations du 1er mai appel\u00e9 par la CGT.Avec mes amiti\u00e9s syndicalistes.Patrick Seignon. (Jeudi 25 avril 2024).<\/p>\n","protected":false},"excerpt":{"rendered":"<p>APPEL POUR UN PREMIER MAI SOUS LE SIGNE DU REFUS DE LA GUERRER\u00e9actif, \u00e0 peine avais-je eu le tract d\u2019appel [&hellip;]<\/p>\n","protected":false},"author":1,"featured_media":3973,"comment_status":"open","ping_status":"open","sticky":false,"template":"","format":"standard","meta":{"sfsi_plus_gutenberg_text_before_share":"","sfsi_plus_gutenberg_show_text_before_share":"","sfsi_plus_gutenberg_icon_type":"","sfsi_plus_gutenberg_icon_alignemt":"","sfsi_plus_gutenburg_max_per_row":"","site-sidebar-layout":"default","site-content-layout":"","ast-site-content-layout":"default","site-content-style":"default","site-sidebar-style":"default","ast-global-header-display":"","ast-banner-title-visibility":"","ast-main-header-display":"","ast-hfb-above-header-display":"","ast-hfb-below-header-display":"","ast-hfb-mobile-header-display":"","site-post-title":"","ast-breadcrumbs-content":"","ast-featured-img":"","footer-sml-layout":"","ast-disable-related-posts":"","theme-transparent-header-meta":"","adv-header-id-meta":"","stick-header-meta":"","header-above-stick-meta":"","header-main-stick-meta":"","header-below-stick-meta":"","astra-migrate-meta-layouts":"default","ast-page-background-enabled":"default","ast-page-background-meta":{"desktop":{"background-color":"var(--ast-global-color-4)","background-image":"","background-repeat":"repeat","background-position":"center center","background-size":"auto","background-attachment":"scroll","background-type":"","background-media":"","overlay-type":"","overlay-color":"","overlay-opacity":"","overlay-gradient":""},"tablet":{"background-color":"","background-image":"","background-repeat":"repeat","background-position":"center center","background-size":"auto","background-attachment":"scroll","background-type":"","background-media":"","overlay-type":"","overlay-color":"","overlay-opacity":"","overlay-gradient":""},"mobile":{"background-color":"","background-image":"","background-repeat":"repeat","background-position":"center center","background-size":"auto","background-attachment":"scroll","background-type":"","background-media":"","overlay-type":"","overlay-color":"","overlay-opacity":"","overlay-gradient":""}},"ast-content-background-meta":{"desktop":{"background-color":"var(--ast-global-color-5)","background-image":"","background-repeat":"repeat","background-position":"center center","background-size":"auto","background-attachment":"scroll","background-type":"","background-media":"","overlay-type":"","overlay-color":"","overlay-opacity":"","overlay-gradient":""},"tablet":{"background-color":"var(--ast-global-color-5)","background-image":"","background-repeat":"repeat","background-position":"center center","background-size":"auto","background-attachment":"scroll","background-type":"","background-media":"","overlay-type":"","overlay-color":"","overlay-opacity":"","overlay-gradient":""},"mobile":{"background-color":"var(--ast-global-color-5)","background-image":"","background-repeat":"repeat","background-position":"center center","background-size":"auto","background-attachment":"scroll","background-type":"","background-media":"","overlay-type":"","overlay-color":"","overlay-opacity":"","overlay-gradient":""}},"footnotes":""},"categories":[16],"tags":[],"class_list":["post-395","post","type-post","status-publish","format-standard","has-post-thumbnail","hentry","category-archives-cms"],"_links":{"self":[{"href":"https:\/\/lavoiedessansvoix.fr\/lavoie\/wp-json\/wp\/v2\/posts\/395","targetHints":{"allow":["GET"]}}],"collection":[{"href":"https:\/\/lavoiedessansvoix.fr\/lavoie\/wp-json\/wp\/v2\/posts"}],"about":[{"href":"https:\/\/lavoiedessansvoix.fr\/lavoie\/wp-json\/wp\/v2\/types\/post"}],"author":[{"embeddable":true,"href":"https:\/\/lavoiedessansvoix.fr\/lavoie\/wp-json\/wp\/v2\/users\/1"}],"replies":[{"embeddable":true,"href":"https:\/\/lavoiedessansvoix.fr\/lavoie\/wp-json\/wp\/v2\/comments?post=395"}],"version-history":[{"count":1,"href":"https:\/\/lavoiedessansvoix.fr\/lavoie\/wp-json\/wp\/v2\/posts\/395\/revisions"}],"predecessor-version":[{"id":2809,"href":"https:\/\/lavoiedessansvoix.fr\/lavoie\/wp-json\/wp\/v2\/posts\/395\/revisions\/2809"}],"wp:featuredmedia":[{"embeddable":true,"href":"https:\/\/lavoiedessansvoix.fr\/lavoie\/wp-json\/wp\/v2\/media\/3973"}],"wp:attachment":[{"href":"https:\/\/lavoiedessansvoix.fr\/lavoie\/wp-json\/wp\/v2\/media?parent=395"}],"wp:term":[{"taxonomy":"category","embeddable":true,"href":"https:\/\/lavoiedessansvoix.fr\/lavoie\/wp-json\/wp\/v2\/categories?post=395"},{"taxonomy":"post_tag","embeddable":true,"href":"https:\/\/lavoiedessansvoix.fr\/lavoie\/wp-json\/wp\/v2\/tags?post=395"}],"curies":[{"name":"wp","href":"https:\/\/api.w.org\/{rel}","templated":true}]}}