{"id":393,"date":"2024-04-30T11:36:00","date_gmt":"2024-04-30T09:36:00","guid":{"rendered":"https:\/\/lavoiedessansvoix.fr\/lavoie\/2024\/04\/30\/archive-1er-mai-2024-journee-internationale-de-lutte-des-travailleurs\/"},"modified":"2026-04-26T20:23:53","modified_gmt":"2026-04-26T18:23:53","slug":"archive-1er-mai-2024-journee-internationale-de-lutte-des-travailleurs","status":"publish","type":"post","link":"https:\/\/lavoiedessansvoix.fr\/lavoie\/2024\/04\/30\/archive-1er-mai-2024-journee-internationale-de-lutte-des-travailleurs\/","title":{"rendered":"1er MAI 2024  JOURNEE INTERNATIONALE DE LUTTE DES TRAVAILLEURS"},"content":{"rendered":"<p>1er MAI 2024 JOURN\u00c9E INTERNATIONALE DE LUTTE DES TRAVAILLEURSNous manifesterons bien s\u00fbr pour les revendications : salaires, couverture sociale, retraites, conditions de travail, syst\u00e8me de sant\u00e9, services publics, etc.Mais cette ann\u00e9e, dans le contexte actuel, la d\u00e9fense de la paix est la premi\u00e8re des revendications du monde du travail. Sans la paix la condition ouvri\u00e8re ne saurait-\u00eatre qu\u2019un enfer. Or l\u2019appel \u00e0 manifester des syndicats n\u2019est pas clair sur cette question. Il subordonne en effet la recherche de la paix \u00e0 l\u2019exigence qu\u2019elle ne se fasse pas aux conditions de celui qu\u2019ils appellent \u00ab l\u2019agresseur \u00bb. Ce qui revient \u00e0 justifier la poursuite la guerre. Ce qui revient \u00e0 dire, \u00ab la paix oui, mais quand la guerre sera finie \u00bb.C\u2019est pourquoi je vous appelle \u00e0 vous d\u00e9marquer de cette position, en manifestant oui, mais en rassemblement statique, POUR LA PAIX, pour la recherche d\u2019une solution n\u00e9goci\u00e9e imm\u00e9diate. Rendez-vous 10 heures 30, place Jean-Jaur\u00e8s \u00e0 Tours avec les \u00ab citoyens libres \u00bb et l\u2019Association \u00ab Apocalypse non \u00bbPatrick S.<\/p>\n","protected":false},"excerpt":{"rendered":"<p>1er MAI 2024 JOURN\u00c9E INTERNATIONALE DE LUTTE DES TRAVAILLEURSNous manifesterons bien s\u00fbr pour les revendications : salaires, couverture sociale, retraites, [&hellip;]<\/p>\n","protected":false},"author":1,"featured_media":3971,"comment_status":"open","ping_status":"open","sticky":false,"template":"","format":"standard","meta":{"sfsi_plus_gutenberg_text_before_share":"","sfsi_plus_gutenberg_show_text_before_share":"","sfsi_plus_gutenberg_icon_type":"","sfsi_plus_gutenberg_icon_alignemt":"","sfsi_plus_gutenburg_max_per_row":"","site-sidebar-layout":"default","site-content-layout":"","ast-site-content-layout":"default","site-content-style":"default","site-sidebar-style":"default","ast-global-header-display":"","ast-banner-title-visibility":"","ast-main-header-display":"","ast-hfb-above-header-display":"","ast-hfb-below-header-display":"","ast-hfb-mobile-header-display":"","site-post-title":"","ast-breadcrumbs-content":"","ast-featured-img":"","footer-sml-layout":"","ast-disable-related-posts":"","theme-transparent-header-meta":"","adv-header-id-meta":"","stick-header-meta":"","header-above-stick-meta":"","header-main-stick-meta":"","header-below-stick-meta":"","astra-migrate-meta-layouts":"default","ast-page-background-enabled":"default","ast-page-background-meta":{"desktop":{"background-color":"var(--ast-global-color-4)","background-image":"","background-repeat":"repeat","background-position":"center center","background-size":"auto","background-attachment":"scroll","background-type":"","background-media":"","overlay-type":"","overlay-color":"","overlay-opacity":"","overlay-gradient":""},"tablet":{"background-color":"","background-image":"","background-repeat":"repeat","background-position":"center center","background-size":"auto","background-attachment":"scroll","background-type":"","background-media":"","overlay-type":"","overlay-color":"","overlay-opacity":"","overlay-gradient":""},"mobile":{"background-color":"","background-image":"","background-repeat":"repeat","background-position":"center center","background-size":"auto","background-attachment":"scroll","background-type":"","background-media":"","overlay-type":"","overlay-color":"","overlay-opacity":"","overlay-gradient":""}},"ast-content-background-meta":{"desktop":{"background-color":"var(--ast-global-color-5)","background-image":"","background-repeat":"repeat","background-position":"center center","background-size":"auto","background-attachment":"scroll","background-type":"","background-media":"","overlay-type":"","overlay-color":"","overlay-opacity":"","overlay-gradient":""},"tablet":{"background-color":"var(--ast-global-color-5)","background-image":"","background-repeat":"repeat","background-position":"center center","background-size":"auto","background-attachment":"scroll","background-type":"","background-media":"","overlay-type":"","overlay-color":"","overlay-opacity":"","overlay-gradient":""},"mobile":{"background-color":"var(--ast-global-color-5)","background-image":"","background-repeat":"repeat","background-position":"center center","background-size":"auto","background-attachment":"scroll","background-type":"","background-media":"","overlay-type":"","overlay-color":"","overlay-opacity":"","overlay-gradient":""}},"footnotes":""},"categories":[16],"tags":[],"class_list":["post-393","post","type-post","status-publish","format-standard","has-post-thumbnail","hentry","category-archives-cms"],"_links":{"self":[{"href":"https:\/\/lavoiedessansvoix.fr\/lavoie\/wp-json\/wp\/v2\/posts\/393","targetHints":{"allow":["GET"]}}],"collection":[{"href":"https:\/\/lavoiedessansvoix.fr\/lavoie\/wp-json\/wp\/v2\/posts"}],"about":[{"href":"https:\/\/lavoiedessansvoix.fr\/lavoie\/wp-json\/wp\/v2\/types\/post"}],"author":[{"embeddable":true,"href":"https:\/\/lavoiedessansvoix.fr\/lavoie\/wp-json\/wp\/v2\/users\/1"}],"replies":[{"embeddable":true,"href":"https:\/\/lavoiedessansvoix.fr\/lavoie\/wp-json\/wp\/v2\/comments?post=393"}],"version-history":[{"count":1,"href":"https:\/\/lavoiedessansvoix.fr\/lavoie\/wp-json\/wp\/v2\/posts\/393\/revisions"}],"predecessor-version":[{"id":2805,"href":"https:\/\/lavoiedessansvoix.fr\/lavoie\/wp-json\/wp\/v2\/posts\/393\/revisions\/2805"}],"wp:featuredmedia":[{"embeddable":true,"href":"https:\/\/lavoiedessansvoix.fr\/lavoie\/wp-json\/wp\/v2\/media\/3971"}],"wp:attachment":[{"href":"https:\/\/lavoiedessansvoix.fr\/lavoie\/wp-json\/wp\/v2\/media?parent=393"}],"wp:term":[{"taxonomy":"category","embeddable":true,"href":"https:\/\/lavoiedessansvoix.fr\/lavoie\/wp-json\/wp\/v2\/categories?post=393"},{"taxonomy":"post_tag","embeddable":true,"href":"https:\/\/lavoiedessansvoix.fr\/lavoie\/wp-json\/wp\/v2\/tags?post=393"}],"curies":[{"name":"wp","href":"https:\/\/api.w.org\/{rel}","templated":true}]}}