{"id":392,"date":"2024-05-03T11:01:00","date_gmt":"2024-05-03T09:01:00","guid":{"rendered":"https:\/\/lavoiedessansvoix.fr\/lavoie\/2024\/05\/03\/archive-quot-l-humanite-quot-les-clefs-de-belzebuth\/"},"modified":"2026-04-26T20:23:42","modified_gmt":"2026-04-26T18:23:42","slug":"archive-quot-l-humanite-quot-les-clefs-de-belzebuth","status":"publish","type":"post","link":"https:\/\/lavoiedessansvoix.fr\/lavoie\/2024\/05\/03\/archive-quot-l-humanite-quot-les-clefs-de-belzebuth\/","title":{"rendered":"&quot;L\u2019HUMANIT\u00c9&quot; : LES CLEFS DE BELZ\u00c9BUTH"},"content":{"rendered":"<p>\u00ab\u00a0L\u2019HUMANIT\u00c9\u00a0\u00bb : LES CLEFS DE BELZ\u00c9BUTHC\u2019est avec \u00e9tonnement, je dirai m\u00eame stup\u00e9faction que je d\u00e9couvre ce jour, dans ma boite mails, un post du journal \u00ab L\u2019HUMANIT\u00c9 \u00bb qui titre : \u00ab Les cl\u00e9fs pour combattre l\u2019extr\u00eame droite \u00bb.\u00c9tonnant non ?\u00c9tonnant que le journal qui est la voix \u00ab du Parti Communiste Fran\u00e7ais \u00bb (c\u2019est son nom) dont le secr\u00e9taire national, Fabien Roussel, a ouvertement appel\u00e9 \u00e0 voter Macron en 2022, pr\u00e9tende d\u00e9tenir de pareilles clefs. Voter Macron, penser un peu, l\u2019homme qui n\u2019a de cesse de d\u00e9rouler le tapis rouge sous les pas du RN. Et c\u2019est ce m\u00eame parti qui pr\u00e9tendrait d\u00e9tenir les bons instruments pour s\u2019opposer \u00e0 la mont\u00e9e en puissance \u00e9lectorale de \u00ab la droite radicale nationale \u00bb*N\u2019est-ce pas paradoxal pour ce parti communiste l\u00e0 que d\u2019avoir de telles pr\u00e9tentions ? Plus que paradoxal, c\u2019est m\u00eame carr\u00e9ment absurde. L\u2019Humanit\u00e9, non seulement ne d\u00e9tient pas les clefs dont elle nous propose l\u2019usage, mais en plus elle se trompe carr\u00e9ment de contexte et d\u2019ennemi. Au stade actuel le danger \u00e0 conjurer ce n\u2019est pas le celui, futur et hypoth\u00e9tique, de l\u2019accession du RN au pouvoir, mais bien le danger imm\u00e9diat et pr\u00e9sent et d\u00e9j\u00e0 \u00e0 l\u2019\u0153uvre de l\u2019extr\u00eame droite macronniste. Celle-l\u00e0 m\u00eame pour laquelle le parti communiste a appel\u00e9 ses \u00e9lecteurs \u00e0 voter.Extr\u00eame droite Macronniste, serait trop dire, Serait-ce moi qui \u00ab d\u00e9jante \u00bb ? On ne reconnait pas l\u2019extr\u00eame droite \u00e0 son \u00e9tiquette, ce n\u2019est pas marqu\u00e9 dessus comme le \u00ab Port salut \u00bb. L\u2019analyse \u00e0 l\u2019\u00e9tiquette, \u00e7a c\u2019est bon pour les demeur\u00e9s qui ont perdu tout sens de l\u2019analyse politique ? Le Parti National Socialiste des travailleurs allemand \u2018NSDAP, meux connu sous l\u2019appellation de \u00ab Nazi \u00bb n\u2019\u00e9tait-il pas \u00ab socialiste \u00bb comme son nom l&rsquo;indiquait ? On reconnait l\u2019extr\u00eame droite \u00e0 sa politique. Et quand on observe (ou subit) celle de Macron, antisociale, antid\u00e9mocratique, liberticide et belliciste, et a-morale (justification des crimes de guerre et des crimes contre l&rsquo;humanit\u00e9 de l\u2019\u00c9tat d&rsquo;Isra\u00ebl \u00e0 Gaza) cela ne fait pas l\u2019ombre d\u2019un doute, il s\u2019agit bien d\u2019une politique d\u2019extr\u00eame droite.  L\u2019extr\u00eame droite, d\u00e9j\u00e0 au pouvoir est op\u00e9rante en France, et elle y est venu avec la b\u00e9n\u00e9diction du PCF.Mais ces clefs, que par l\u2019organe de \u00ab l\u2019humanit\u00e9 \u00bb le PCF se vante de d\u00e9tenir, cet acharnement qu\u2019il affiche \u00e0 combattre l\u2019extr\u00eame droite en titre, ne serait-ce pas pr\u00e9cis\u00e9ment un leurre ? Combattre avec des mots une extr\u00eame droite non op\u00e9rante afin de se couvrir encore d\u2019un vernis de \u00ab gauche \u00bb cependant qu\u2019on laisse quartier libre \u00e0 l\u2019autre extr\u00eame droite, op\u00e9rante celle-l\u00e0 car d\u00e9j\u00e0 au pouvoir ?L\u2019extr\u00eame droite macronniste est au pouvoir et le Parti de Fabien Roussel est son complice ? Le Parti qui se nomme encore \u00ab communiste \u00bb (ce qui est une injure aux g\u00e9n\u00e9rations qui se sont sacrifi\u00e9 pour ce bel-id\u00e9al) qui soutient l\u2019extr\u00eame droite au pouvoir, qu\u2019elles clefs peut-il bien d\u00e9tenir sinon celles du s\u00e9pulcre de la souverainet\u00e9 du peuple ?Patrick Seignon. \u00ab lavoiedessansvoix.fr \u00bb. Vendredi 3 mai 2024.<\/p>\n","protected":false},"excerpt":{"rendered":"<p>\u00ab\u00a0L\u2019HUMANIT\u00c9\u00a0\u00bb : LES CLEFS DE BELZ\u00c9BUTHC\u2019est avec \u00e9tonnement, je dirai m\u00eame stup\u00e9faction que je d\u00e9couvre ce jour, dans ma boite [&hellip;]<\/p>\n","protected":false},"author":1,"featured_media":3970,"comment_status":"open","ping_status":"open","sticky":false,"template":"","format":"standard","meta":{"sfsi_plus_gutenberg_text_before_share":"","sfsi_plus_gutenberg_show_text_before_share":"","sfsi_plus_gutenberg_icon_type":"","sfsi_plus_gutenberg_icon_alignemt":"","sfsi_plus_gutenburg_max_per_row":"","site-sidebar-layout":"default","site-content-layout":"","ast-site-content-layout":"default","site-content-style":"default","site-sidebar-style":"default","ast-global-header-display":"","ast-banner-title-visibility":"","ast-main-header-display":"","ast-hfb-above-header-display":"","ast-hfb-below-header-display":"","ast-hfb-mobile-header-display":"","site-post-title":"","ast-breadcrumbs-content":"","ast-featured-img":"","footer-sml-layout":"","ast-disable-related-posts":"","theme-transparent-header-meta":"","adv-header-id-meta":"","stick-header-meta":"","header-above-stick-meta":"","header-main-stick-meta":"","header-below-stick-meta":"","astra-migrate-meta-layouts":"default","ast-page-background-enabled":"default","ast-page-background-meta":{"desktop":{"background-color":"var(--ast-global-color-4)","background-image":"","background-repeat":"repeat","background-position":"center center","background-size":"auto","background-attachment":"scroll","background-type":"","background-media":"","overlay-type":"","overlay-color":"","overlay-opacity":"","overlay-gradient":""},"tablet":{"background-color":"","background-image":"","background-repeat":"repeat","background-position":"center center","background-size":"auto","background-attachment":"scroll","background-type":"","background-media":"","overlay-type":"","overlay-color":"","overlay-opacity":"","overlay-gradient":""},"mobile":{"background-color":"","background-image":"","background-repeat":"repeat","background-position":"center center","background-size":"auto","background-attachment":"scroll","background-type":"","background-media":"","overlay-type":"","overlay-color":"","overlay-opacity":"","overlay-gradient":""}},"ast-content-background-meta":{"desktop":{"background-color":"var(--ast-global-color-5)","background-image":"","background-repeat":"repeat","background-position":"center center","background-size":"auto","background-attachment":"scroll","background-type":"","background-media":"","overlay-type":"","overlay-color":"","overlay-opacity":"","overlay-gradient":""},"tablet":{"background-color":"var(--ast-global-color-5)","background-image":"","background-repeat":"repeat","background-position":"center center","background-size":"auto","background-attachment":"scroll","background-type":"","background-media":"","overlay-type":"","overlay-color":"","overlay-opacity":"","overlay-gradient":""},"mobile":{"background-color":"var(--ast-global-color-5)","background-image":"","background-repeat":"repeat","background-position":"center center","background-size":"auto","background-attachment":"scroll","background-type":"","background-media":"","overlay-type":"","overlay-color":"","overlay-opacity":"","overlay-gradient":""}},"footnotes":""},"categories":[16],"tags":[],"class_list":["post-392","post","type-post","status-publish","format-standard","has-post-thumbnail","hentry","category-archives-cms"],"_links":{"self":[{"href":"https:\/\/lavoiedessansvoix.fr\/lavoie\/wp-json\/wp\/v2\/posts\/392","targetHints":{"allow":["GET"]}}],"collection":[{"href":"https:\/\/lavoiedessansvoix.fr\/lavoie\/wp-json\/wp\/v2\/posts"}],"about":[{"href":"https:\/\/lavoiedessansvoix.fr\/lavoie\/wp-json\/wp\/v2\/types\/post"}],"author":[{"embeddable":true,"href":"https:\/\/lavoiedessansvoix.fr\/lavoie\/wp-json\/wp\/v2\/users\/1"}],"replies":[{"embeddable":true,"href":"https:\/\/lavoiedessansvoix.fr\/lavoie\/wp-json\/wp\/v2\/comments?post=392"}],"version-history":[{"count":1,"href":"https:\/\/lavoiedessansvoix.fr\/lavoie\/wp-json\/wp\/v2\/posts\/392\/revisions"}],"predecessor-version":[{"id":2803,"href":"https:\/\/lavoiedessansvoix.fr\/lavoie\/wp-json\/wp\/v2\/posts\/392\/revisions\/2803"}],"wp:featuredmedia":[{"embeddable":true,"href":"https:\/\/lavoiedessansvoix.fr\/lavoie\/wp-json\/wp\/v2\/media\/3970"}],"wp:attachment":[{"href":"https:\/\/lavoiedessansvoix.fr\/lavoie\/wp-json\/wp\/v2\/media?parent=392"}],"wp:term":[{"taxonomy":"category","embeddable":true,"href":"https:\/\/lavoiedessansvoix.fr\/lavoie\/wp-json\/wp\/v2\/categories?post=392"},{"taxonomy":"post_tag","embeddable":true,"href":"https:\/\/lavoiedessansvoix.fr\/lavoie\/wp-json\/wp\/v2\/tags?post=392"}],"curies":[{"name":"wp","href":"https:\/\/api.w.org\/{rel}","templated":true}]}}