{"id":390,"date":"2024-05-12T04:10:00","date_gmt":"2024-05-12T02:10:00","guid":{"rendered":"https:\/\/lavoiedessansvoix.fr\/lavoie\/2024\/05\/12\/archive-comment-soigner-macron\/"},"modified":"2026-04-26T20:23:22","modified_gmt":"2026-04-26T18:23:22","slug":"archive-comment-soigner-macron","status":"publish","type":"post","link":"https:\/\/lavoiedessansvoix.fr\/lavoie\/2024\/05\/12\/archive-comment-soigner-macron\/","title":{"rendered":"COMMENT SOIGNER MACRON ?"},"content":{"rendered":"<p>COMMENT SOIGNER MACRON ?<br \/>\nMat\u00e9o Salvini, vice chef du gouvernement Italien, proche alli\u00e9 de Marine Le Pen, dit \u00e0 Macron (et \u00e0 l\u2019ancien Pr\u00e9sident du Conseil italien Mario Monti), d\u2019aller se faire soigner.<br \/>\nMarine Le Pen, plus int\u00e9ress\u00e9e \u00e0 gagner des voix qu\u2019\u00e0 la d\u00e9fense des id\u00e9es justes, qui ne veut pas s\u2019attirer les foudres de Macron, dont elle redoute qu\u2019elles lui en fasse perdre, a dit que pour sa part elle ne reprendra pas ses propos \u00e0 son compte. Mais elle n\u2019a pu s\u2019abstenir d\u2019ajouter aussit\u00f4t, un peu goguenarde, que \u00ab des milliers de fran\u00e7ais ont pens\u00e9 la m\u00eame chose \u00bb. Un \u0153uf dans le panier \u00e0 Macron, un autre dans celui de l\u2019opinion g\u00e9n\u00e9rale.<br \/>\n\u00ab Les Fran\u00e7ais ont pens\u00e9 la m\u00eame chose \u00bb ? Je sais, j\u2019en suis.<br \/>\nA\u00efe ! Petit hic, \u00ab Gross scandal ! \u00bb. Mat\u00e9o Salvini est un homme de droite. Nos m\u00e9dias disent m\u00eame \u00ab d\u2019extr\u00eame droite \u00bb. \u00ab Les antifas \u00bb et les anarco-sectaires de Tours auraient-ils raison ? Patrick, tournerais-tu \u00ab fasciste \u00bb ou \u00ab rouge-brun \u00bb ?<br \/>\nMat\u00e9o Salvini est un homme d\u2019extr\u00eame droite. Soit. Plus extr\u00eame que Macron, le croyez-vous vraiment ? Ah, non, \u00e7a ce n\u2019est pas possible, c\u2019est ce que je penses moi.Bon, et puis apr\u00e8s tout ce genre de consid\u00e9rations je m\u2019en fous. Salvini n\u2019est pas partisan de l\u2019escalade guerri\u00e8re, Fabien Roussel oui. Un homme de droite est contre la guerre, un homme de gauche est pour. Pas de probl\u00e8me. Je n\u2019h\u00e9site pas un instant, je suis d\u2019accord avec l\u2019homme de droite. Et cela il va sans dire ne m\u2019emp\u00eachera pas de lutter contre ses autres id\u00e9es de droite.<br \/>\nBon mais soyons plus explicite. Il ne peut s\u2019agir l\u00e0 que d\u2019un mouvement d\u2019humeur.<br \/>\nMacron est un des repr\u00e9sentants parmi d\u2019autres de ce qu\u2019il est convenu d\u2019appeler \u00ab la classe politique Europ\u00e9enne \u00bb. En mati\u00e8re de dangerosit\u00e9, Wonder La Hy\u00e8ne n\u2019a rien \u00e0 lui envier par exemple C\u2019est toute cette \u00ab classe \u00bb politique qui a besoin de soins psychiatriques. Mais leur maladie c\u2019est surtout l\u2019app\u00e9tit boulimique de profits capitalistes, de contr\u00f4le de toutes les richesses du monde, de pouvoir et de puissance. Et la seule bonne fa\u00e7on de conjurer cette maladie c\u2019est l\u2019intercession des peuples mobilis\u00e9s. Ce sont surtout les peuples europ\u00e9ens qui ont besoin d\u2019un changement de cap radical, le retrait imm\u00e9diat de l\u2019OTAN, s\u2019arracher de l\u2019influence am\u00e9ricaine.<br \/>\nMais en ce qui concerne Macron il n\u2019y a pas de rem\u00e8de possible. Il semblerait que chez lui la tumeur m\u00e9tastas\u00e9e soit \u00e0 ce stade incurable. L\u2019intercession du peuple n\u2019y suffira pas. Seule l\u2019ultime intercession de Dieu est apte \u00e0 lui appliquer la th\u00e9rapie qui gu\u00e9rit de toutes les maladies.<br \/>\nPatrick Seignon. \u00ab lavoiedessansvoix.fr \u00bb. Dimanche 12 mai 2024.<\/p>\n","protected":false},"excerpt":{"rendered":"<p>COMMENT SOIGNER MACRON ? Mat\u00e9o Salvini, vice chef du gouvernement Italien, proche alli\u00e9 de Marine Le Pen, dit \u00e0 Macron [&hellip;]<\/p>\n","protected":false},"author":1,"featured_media":3968,"comment_status":"open","ping_status":"open","sticky":false,"template":"","format":"standard","meta":{"sfsi_plus_gutenberg_text_before_share":"","sfsi_plus_gutenberg_show_text_before_share":"","sfsi_plus_gutenberg_icon_type":"","sfsi_plus_gutenberg_icon_alignemt":"","sfsi_plus_gutenburg_max_per_row":"","site-sidebar-layout":"default","site-content-layout":"","ast-site-content-layout":"default","site-content-style":"default","site-sidebar-style":"default","ast-global-header-display":"","ast-banner-title-visibility":"","ast-main-header-display":"","ast-hfb-above-header-display":"","ast-hfb-below-header-display":"","ast-hfb-mobile-header-display":"","site-post-title":"","ast-breadcrumbs-content":"","ast-featured-img":"","footer-sml-layout":"","ast-disable-related-posts":"","theme-transparent-header-meta":"","adv-header-id-meta":"","stick-header-meta":"","header-above-stick-meta":"","header-main-stick-meta":"","header-below-stick-meta":"","astra-migrate-meta-layouts":"default","ast-page-background-enabled":"default","ast-page-background-meta":{"desktop":{"background-color":"var(--ast-global-color-4)","background-image":"","background-repeat":"repeat","background-position":"center center","background-size":"auto","background-attachment":"scroll","background-type":"","background-media":"","overlay-type":"","overlay-color":"","overlay-opacity":"","overlay-gradient":""},"tablet":{"background-color":"","background-image":"","background-repeat":"repeat","background-position":"center center","background-size":"auto","background-attachment":"scroll","background-type":"","background-media":"","overlay-type":"","overlay-color":"","overlay-opacity":"","overlay-gradient":""},"mobile":{"background-color":"","background-image":"","background-repeat":"repeat","background-position":"center center","background-size":"auto","background-attachment":"scroll","background-type":"","background-media":"","overlay-type":"","overlay-color":"","overlay-opacity":"","overlay-gradient":""}},"ast-content-background-meta":{"desktop":{"background-color":"var(--ast-global-color-5)","background-image":"","background-repeat":"repeat","background-position":"center center","background-size":"auto","background-attachment":"scroll","background-type":"","background-media":"","overlay-type":"","overlay-color":"","overlay-opacity":"","overlay-gradient":""},"tablet":{"background-color":"var(--ast-global-color-5)","background-image":"","background-repeat":"repeat","background-position":"center center","background-size":"auto","background-attachment":"scroll","background-type":"","background-media":"","overlay-type":"","overlay-color":"","overlay-opacity":"","overlay-gradient":""},"mobile":{"background-color":"var(--ast-global-color-5)","background-image":"","background-repeat":"repeat","background-position":"center center","background-size":"auto","background-attachment":"scroll","background-type":"","background-media":"","overlay-type":"","overlay-color":"","overlay-opacity":"","overlay-gradient":""}},"footnotes":""},"categories":[16],"tags":[],"class_list":["post-390","post","type-post","status-publish","format-standard","has-post-thumbnail","hentry","category-archives-cms"],"_links":{"self":[{"href":"https:\/\/lavoiedessansvoix.fr\/lavoie\/wp-json\/wp\/v2\/posts\/390","targetHints":{"allow":["GET"]}}],"collection":[{"href":"https:\/\/lavoiedessansvoix.fr\/lavoie\/wp-json\/wp\/v2\/posts"}],"about":[{"href":"https:\/\/lavoiedessansvoix.fr\/lavoie\/wp-json\/wp\/v2\/types\/post"}],"author":[{"embeddable":true,"href":"https:\/\/lavoiedessansvoix.fr\/lavoie\/wp-json\/wp\/v2\/users\/1"}],"replies":[{"embeddable":true,"href":"https:\/\/lavoiedessansvoix.fr\/lavoie\/wp-json\/wp\/v2\/comments?post=390"}],"version-history":[{"count":2,"href":"https:\/\/lavoiedessansvoix.fr\/lavoie\/wp-json\/wp\/v2\/posts\/390\/revisions"}],"predecessor-version":[{"id":2799,"href":"https:\/\/lavoiedessansvoix.fr\/lavoie\/wp-json\/wp\/v2\/posts\/390\/revisions\/2799"}],"wp:featuredmedia":[{"embeddable":true,"href":"https:\/\/lavoiedessansvoix.fr\/lavoie\/wp-json\/wp\/v2\/media\/3968"}],"wp:attachment":[{"href":"https:\/\/lavoiedessansvoix.fr\/lavoie\/wp-json\/wp\/v2\/media?parent=390"}],"wp:term":[{"taxonomy":"category","embeddable":true,"href":"https:\/\/lavoiedessansvoix.fr\/lavoie\/wp-json\/wp\/v2\/categories?post=390"},{"taxonomy":"post_tag","embeddable":true,"href":"https:\/\/lavoiedessansvoix.fr\/lavoie\/wp-json\/wp\/v2\/tags?post=390"}],"curies":[{"name":"wp","href":"https:\/\/api.w.org\/{rel}","templated":true}]}}