{"id":384,"date":"2024-06-16T08:47:00","date_gmt":"2024-06-16T06:47:00","guid":{"rendered":"https:\/\/lavoiedessansvoix.fr\/lavoie\/2024\/06\/16\/archive-manifestations-anti-rn-pourquoi-je-ne-prendrais-pas-part-a-ce-cirque\/"},"modified":"2026-04-26T20:22:30","modified_gmt":"2026-04-26T18:22:30","slug":"archive-manifestations-anti-rn-pourquoi-je-ne-prendrais-pas-part-a-ce-cirque","status":"publish","type":"post","link":"https:\/\/lavoiedessansvoix.fr\/lavoie\/2024\/06\/16\/archive-manifestations-anti-rn-pourquoi-je-ne-prendrais-pas-part-a-ce-cirque\/","title":{"rendered":"MANIFESTATIONS ANTI-RN ? Pourquoi je ne prendrais pas part \u00e0 ce cirque."},"content":{"rendered":"<p>MANIFESTATIONS ANTI-RN ?Pourquoi je ne prendrais pas part \u00e0 ce cirque.<br \/>\nJordan Bardella r\u00e9alise un score remarquable aux \u00e9lections europ\u00e9ennes et voil\u00e0 que le landernau de \u00ab gauche \u00bb se r\u00e9veille tout \u00e0 coup, cri au loup, \u00e0 l\u2019\u00e9gorgeur, au retour de la b\u00eate immonde, du fascisme.<br \/>\nAppels \u00e0 manifester contre \u00ab le fascisme \u00bb.<br \/>\nVoil\u00e0 7 ann\u00e9es que nous sommes confront\u00e9s \u00e0 la pire offensive r\u00e9actionnaire contre le niveau de vie et les droits acquis des travailleurs ; Voil\u00e0 7 ann\u00e9es que Macron c\u2019est signal\u00e9 comme la pire calamit\u00e9 du monde du travail et des classes laborieuses et populaires.<br \/>\nEt la, \u00ab patatra \u00bb, inversion des r\u00e9alit\u00e9s.<br \/>\n \u00ab il y a pire que Macron, il y a Bardella, il y a \u00ab le fascisme \u00bb.Alors ils hurlent, \u00ab No pasaran \u00bb, ils se trompent d\u2019\u00e9poque et de paradigme, et demain, quand le RN sera en passe au terme du premier tour des l\u00e9gislatives d\u2019engranger de nombreuses victoires, ils feront \u00ab Front commun avec Macron \u00bb pour soi-disant faire barrage au pire danger \u00ab fasciste \u00bb.<br \/>\nTous ce cirque, toute cette agitation ne conduit qu\u2019\u00e0 \u00e7a.Qu\u2019\u00e0 cette nouvelle compromission. Qu\u2019\u00e0 cette nouvelle trahison des classes populaires et de la France qu\u2019ils pr\u00e9cipiteront ; sous la conduite de Macron, dans l\u2019opprobre pour son soutien \u00e0 la d\u00e9cadence \u00ab LGB\u00e9tiste \u00bb, dans l\u2019ignominie pour sa complicit\u00e9 objective avec le g\u00e9nocide du peuple Palestinien, dans la folie suicidaire d\u2019une troisi\u00e8me guerre mondiale sous pr\u00e9texte de soutien \u00e0 l\u2019Ukraine.<br \/>\nVoil\u00e0 pourquoi cette agitation et tous ces hurlements actuels me sont \u00e9trangers. Voil\u00e0 pourquoi vous ne me verrez pas dans les manifestations anti RN actuelles, qui ont pour fonction de pr\u00e9parer un \u00e9ventuel rebond de Macron.Patrick Seignon. \u00ab lavoirdressansvoix.fr \u00bb Dimanche 16 juin 1014.<\/p>\n","protected":false},"excerpt":{"rendered":"<p>MANIFESTATIONS ANTI-RN ?Pourquoi je ne prendrais pas part \u00e0 ce cirque. Jordan Bardella r\u00e9alise un score remarquable aux \u00e9lections europ\u00e9ennes [&hellip;]<\/p>\n","protected":false},"author":1,"featured_media":3962,"comment_status":"open","ping_status":"open","sticky":false,"template":"","format":"standard","meta":{"sfsi_plus_gutenberg_text_before_share":"","sfsi_plus_gutenberg_show_text_before_share":"","sfsi_plus_gutenberg_icon_type":"","sfsi_plus_gutenberg_icon_alignemt":"","sfsi_plus_gutenburg_max_per_row":"","site-sidebar-layout":"default","site-content-layout":"","ast-site-content-layout":"default","site-content-style":"default","site-sidebar-style":"default","ast-global-header-display":"","ast-banner-title-visibility":"","ast-main-header-display":"","ast-hfb-above-header-display":"","ast-hfb-below-header-display":"","ast-hfb-mobile-header-display":"","site-post-title":"","ast-breadcrumbs-content":"","ast-featured-img":"","footer-sml-layout":"","ast-disable-related-posts":"","theme-transparent-header-meta":"","adv-header-id-meta":"","stick-header-meta":"","header-above-stick-meta":"","header-main-stick-meta":"","header-below-stick-meta":"","astra-migrate-meta-layouts":"default","ast-page-background-enabled":"default","ast-page-background-meta":{"desktop":{"background-color":"var(--ast-global-color-4)","background-image":"","background-repeat":"repeat","background-position":"center center","background-size":"auto","background-attachment":"scroll","background-type":"","background-media":"","overlay-type":"","overlay-color":"","overlay-opacity":"","overlay-gradient":""},"tablet":{"background-color":"","background-image":"","background-repeat":"repeat","background-position":"center center","background-size":"auto","background-attachment":"scroll","background-type":"","background-media":"","overlay-type":"","overlay-color":"","overlay-opacity":"","overlay-gradient":""},"mobile":{"background-color":"","background-image":"","background-repeat":"repeat","background-position":"center center","background-size":"auto","background-attachment":"scroll","background-type":"","background-media":"","overlay-type":"","overlay-color":"","overlay-opacity":"","overlay-gradient":""}},"ast-content-background-meta":{"desktop":{"background-color":"var(--ast-global-color-5)","background-image":"","background-repeat":"repeat","background-position":"center center","background-size":"auto","background-attachment":"scroll","background-type":"","background-media":"","overlay-type":"","overlay-color":"","overlay-opacity":"","overlay-gradient":""},"tablet":{"background-color":"var(--ast-global-color-5)","background-image":"","background-repeat":"repeat","background-position":"center center","background-size":"auto","background-attachment":"scroll","background-type":"","background-media":"","overlay-type":"","overlay-color":"","overlay-opacity":"","overlay-gradient":""},"mobile":{"background-color":"var(--ast-global-color-5)","background-image":"","background-repeat":"repeat","background-position":"center center","background-size":"auto","background-attachment":"scroll","background-type":"","background-media":"","overlay-type":"","overlay-color":"","overlay-opacity":"","overlay-gradient":""}},"footnotes":""},"categories":[16],"tags":[],"class_list":["post-384","post","type-post","status-publish","format-standard","has-post-thumbnail","hentry","category-archives-cms"],"_links":{"self":[{"href":"https:\/\/lavoiedessansvoix.fr\/lavoie\/wp-json\/wp\/v2\/posts\/384","targetHints":{"allow":["GET"]}}],"collection":[{"href":"https:\/\/lavoiedessansvoix.fr\/lavoie\/wp-json\/wp\/v2\/posts"}],"about":[{"href":"https:\/\/lavoiedessansvoix.fr\/lavoie\/wp-json\/wp\/v2\/types\/post"}],"author":[{"embeddable":true,"href":"https:\/\/lavoiedessansvoix.fr\/lavoie\/wp-json\/wp\/v2\/users\/1"}],"replies":[{"embeddable":true,"href":"https:\/\/lavoiedessansvoix.fr\/lavoie\/wp-json\/wp\/v2\/comments?post=384"}],"version-history":[{"count":2,"href":"https:\/\/lavoiedessansvoix.fr\/lavoie\/wp-json\/wp\/v2\/posts\/384\/revisions"}],"predecessor-version":[{"id":2787,"href":"https:\/\/lavoiedessansvoix.fr\/lavoie\/wp-json\/wp\/v2\/posts\/384\/revisions\/2787"}],"wp:featuredmedia":[{"embeddable":true,"href":"https:\/\/lavoiedessansvoix.fr\/lavoie\/wp-json\/wp\/v2\/media\/3962"}],"wp:attachment":[{"href":"https:\/\/lavoiedessansvoix.fr\/lavoie\/wp-json\/wp\/v2\/media?parent=384"}],"wp:term":[{"taxonomy":"category","embeddable":true,"href":"https:\/\/lavoiedessansvoix.fr\/lavoie\/wp-json\/wp\/v2\/categories?post=384"},{"taxonomy":"post_tag","embeddable":true,"href":"https:\/\/lavoiedessansvoix.fr\/lavoie\/wp-json\/wp\/v2\/tags?post=384"}],"curies":[{"name":"wp","href":"https:\/\/api.w.org\/{rel}","templated":true}]}}