{"id":382,"date":"2024-06-21T16:53:00","date_gmt":"2024-06-21T14:53:00","guid":{"rendered":"https:\/\/lavoiedessansvoix.fr\/lavoie\/2024\/06\/21\/archive-pourquoi-je-ne-voterai-pas-nouveau-front-populaire\/"},"modified":"2026-04-26T20:22:11","modified_gmt":"2026-04-26T18:22:11","slug":"archive-pourquoi-je-ne-voterai-pas-nouveau-front-populaire","status":"publish","type":"post","link":"https:\/\/lavoiedessansvoix.fr\/lavoie\/2024\/06\/21\/archive-pourquoi-je-ne-voterai-pas-nouveau-front-populaire\/","title":{"rendered":"POURQUOI JE NE VOTERAI PAS  \u00ab NOUVEAU FRONT POPULAIRE \u00bb"},"content":{"rendered":"<p>POURQUOI JE NE VOTERAI PAS \u00ab NOUVEAU FRONT POPULAIRE \u00bbJordan Bardella r\u00e9alise un score remarquable aux \u00e9lections europ\u00e9ennes et voil\u00e0 que le landernau de \u00ab gauche \u00bb se r\u00e9veille tout \u00e0 coup, cri au loup, \u00e0 l\u2019\u00e9gorgeur, au retour de la b\u00eate immonde du fascisme.Mais \u00ab bon Dieu \u00bb que n\u2019ont-ils mis tant d\u2019empressement et d\u2019ardeurs pour tenter de faire barrage au macronisme ?Je vois circuler des dizaines de \u00ab Posts \u00bb sur le fil Facebook qui nous disent :Le RN c\u2019est ceci ou c\u2019est cela,fera ceci ou cela,  toutes ces choses qui ne sont plus \u00e0 faire. Inconsistance des arguments. Ils nous invitent \u00e0 redouter l\u2019accession du RN \u00e0 Matignon au pr\u00e9texte de choses qu\u2019ils fera que Macron a d\u00e9j\u00e0 faites. \u00c7a ne tient pas debout. Vacuit\u00e9 de l\u2019argumentaire.<br \/>\nEn v\u00e9rit\u00e9 il n\u2019y a trois choses, du point de vue de cette pr\u00e9tendue gauche qui justifient vraiment son rejet du RN : 1) le fait que celui-ci soit \u00e9tiquet\u00e9 \u00ab extr\u00eame droite \u00bb, qui la prive de toute r\u00e9flexion sur la r\u00e9alit\u00e9 concr\u00e8te de ce parti. 2) ses positions sur la question de l\u2019immigration, 3) et en v\u00e9rit\u00e9 l\u2019instrumentalisation de ce contexte \u00e9lectoral pour justifier le soutien au pouvoir pr\u00e9sidentiel et aux institutions, contre le peuple.<br \/>\nJe ne partage pas moi-m\u00eame les id\u00e9es du RN dont le discours sur l\u2019immigration et la pr\u00e9f\u00e9rence nationale ont pour fonction de d\u00e9tourner les m\u00e9contentements populaires des v\u00e9ritables responsables capitalistes de la situation, vers les leurres \u2018les t\u00eates de turcs) que sont \u00e0 cet \u00e9gard les immigr\u00e9s. Et cette raison m\u2019est largement suffisante pour le combattre. Je combats politiquement le RN, mais \u00e0 ce pr\u00e9texte je ne m\u2019astreint pas \u00e0 lui donner tort m\u00eame quand il a raison et je refuse surtout cat\u00e9goriquement de me solidariser avec le pouvoir en place, avec Macron qui est la pire calamit\u00e9s pour les classes laborieuses et populaires, et pour la France qu\u2019il veut \u00e0 pr\u00e9sent pr\u00e9cipiter dans la guerre.<br \/>\nAinsi, alors qu\u2019elle laissait tout passer des attaques de Macron contre les droits acquis des travailleurs, la restriction des libert\u00e9s publiques, les r\u00e8gles d\u00e9mocratiques, le soutien diplomatique au g\u00e9nocide Isra\u00e9lien \u00e0 Gaza, l\u2019escalade guerri\u00e8re en Ukraine, tout \u00e0 coup la \u00ab gauche \u00bb se r\u00e9veille.<br \/>\nCe n\u2019est pas v\u00e9ritablement la lutte contre la r\u00e9gression sociale ou la vassalisation de la France aux USA qui la tire de son hypnose, non pas la lutte contre le danger macroniste pourtant omnipr\u00e9sent et tellement destructeur qui la tourmente, mais le danger de la venue du RN au pouvoir qui serait pire nous dit-elle. Pire ?\u2026 Je veux bien le croire, mais il convient de dire que \u00ab faire pire que Macron \u00bb ce ne sera tout de m\u00eame pas facile si l\u2019on s\u2019en r\u00e9f\u00e8re au bilan seulement. Plus difficile encore si l\u2019on prend en consid\u00e9ration les perspectives d\u00e9sastreuses qu\u2019il nous r\u00e9serve.<br \/>\nDonc le \u00ab conglom\u00e9rat de gauche \u00bb, \u00ab la gauche \u00bb,la gauche plurielle, la nupses \u00bb, baptis\u00e9 cette fois \u00ab nouveau front populaire \u00bb pour paraitre plus radical, histoire de pr\u00e9tendre \u00e0 l\u2019existence d\u2019une volont\u00e9 commune, \u00e9labore, et chacune de ses parties signe un texte qu\u2019ils ont intitul\u00e9 : \u00ab contrat de l\u00e9gislature \u00bb Je me suis pench\u00e9 sur celui-ci avant-hier matin, et je dois dire que je suis particuli\u00e8rement effar\u00e9.<br \/>\nLes raisons de mon effarement ? Les voil\u00e0 !<br \/>\nLe nouveau front populaire fera \u2026..Oui, il fera peut-\u00eatre si comme en juin 36 le peuple se r\u00e9veille pour lui botter le cul.<br \/>\nMais voil\u00e0, malgr\u00e9 les hallucinants parall\u00e8les historiques auxquels se livrent des gens qui ne connaisse pas grand-chose \u00e0 l\u2019Histoire, nous ne sommes pas en 36 et il y a peu de chance que m\u00eame en cas de victoire \u00e9lectorale du NFP nous assistions \u00e0 un r\u00e9veil social. Il y a \u00e0 cela deux raisons tout aussi imparables que simples. Tout d\u2019abord pr\u00e9cis\u00e9ment le contenu de ce \u00ab contrat de l\u00e9gislature \u00bb, vide, nul, insipide sur le plan social, pas de nature \u00e0 r\u00e9veiller l\u2019enthousiasme des foules, mais de plus ignominieux sur la question du conflit \u00e0 Gaza et dangereux, voire suicidaire, sur la question de la guerre en Ukraine. Ensuite, et surtout, parce que dor\u00e9navant une large fraction des couches populaires, ouvriers compris, attend le changement de la victoire du RN. Et il ne sert \u00e0 rien de les insulter en les traitant de \u00ab fascistes \u00bb ou en expliquant qu\u2019ils se trompent de col\u00e8re. Qu\u2019on le veuille ou non leur vote est au contraire un vote d\u2019esp\u00e9rance. Tant que cet espoir subsistera le peuple ne sera pas dispos\u00e9 \u00e0 se mettre en \u00e9bullition.2<br \/>\nAu demeurant, si le NFP obtenait la majorit\u00e9 parlementaire, ce qui est assez improbable, un premier ministre (de gauche) serait nomm\u00e9 certes, mais Macron resterait le Pr\u00e9sident, et avec le quinquennat le r\u00e9gime est devenu un r\u00e9gime Pr\u00e9sidentiel, c\u2019est le Pr\u00e9sident qui gouverne, le gouvernement ex\u00e9cute. Encore une bonne occasion de se couvrir d\u2019opprobre.<br \/>\nMais passons sur ce que fera ou ne fera pas le NFP, nous verrons bien cela le moment venu si ce moment vient. Arr\u00eatons-nous sur six points r\u00e9dhibitoires de sa profession de foi.<br \/>\n1 ) En pr\u00e9ambule \u00ab le contrat de l\u00e9gislature du NFP, emphatique, annonce \u00ab La rupture \u00bb.<br \/>\nOui mais la rupture de quoi, avec quoi ? Habituellement sous ce concept \u00ab la gauche \u00bb entend \u00ab la rupture avec le capitalisme. Ici il ne s\u2019agit pas de cela, dixit : \u00ab Nous en finirons avec la brutalisation et la maltraitance des ann\u00e9es Macron. Nous adopterons imm\u00e9diatement 20 actes de rupture pour r\u00e9pondre \u00e0 l\u2019urgence sociale, au d\u00e9fi climatique, \u00e0 la r\u00e9paration des services publics.<br \/>\nIl ne propose l\u00e0 que la gestion douce du syst\u00e8me, \u00e0 peine diff\u00e9rente de celle de Macron. Pas le moindre soup\u00e7on de d\u00e9but de \u00ab rupture \u00bb en cela.<br \/>\n2 ) D\u00e9clamatoire il annonce vouloir : \u00ab Abolir les privil\u00e8ges des milliardaires \u00bb :<br \/>\n\u00ab Adopter un projet de loi de finances rectificative le 4 ao\u00fbt, pour se doter d\u2019une politique fiscale juste avec notamment les mesures suivantes :\u2022 Accro\u00eetre la progressivit\u00e9 de l\u2019imp\u00f4t sur le revenu \u00e0 14 tranches \u2022 Rendre la CSG progressive \u2022 R\u00e9tablir un imp\u00f4t de solidarit\u00e9 sur la fortune (ISF) renforc\u00e9 avecun volet climatique\u2026\u2026\u2026.. \u00bbJ\u2019arr\u00eate l\u00e0 la citation. Tout est \u00e0 l\u2019avenant. Il s\u2019agit on le voit de mesurettes de r\u00e9\u00e9quilibrage fiscal en aucun cas d\u2019abolition de quelque privil\u00e8ge que ce soit.<br \/>\nLes privil\u00e8ges des milliardaires c\u2019est d\u2019abord \u00bb l\u2019accaparement de la richesse sociale et l\u2019aptitude gr\u00e2ce \u00e0 leur puissance financi\u00e8re d\u2019acheter la presse, de gouverner l\u2019Etat, d\u2019acheter les corps les \u00e2mes les consciences etc. Pas la moindre intention dans le contrat de gouvernement du FNP, sans parler encore de \u00bb collectivisation, ne serait-ce que de mettre des limites \u00e0 cette puissance<br \/>\n3 ) \u00ab Le service public est de retour \u00bb<br \/>\nEncore un titre boursoufl\u00e9. \u00ab \u2022 Lancer le rattrapage des postes manquants de fonctionnaires \u00e0 l\u2019h\u00f4pital public, dans le soin et le m\u00e9dico-social, \u00e0 l\u2019\u00e9cole publique, dans la justice, dans les services et les agences de l\u2019\u00c9tat, en revalorisant les m\u00e9tiers et les salaires \u00bb Ce qui consiste juste \u00e0 soigner un peu les plaies des gestions pr\u00e9c\u00e9dentes et o\u00f9 n\u2019apparait pas de volont\u00e9 clairement affirm\u00e9 d\u2019un retour \u00e0 un grand service public de la sant\u00e9.<br \/>\n\u00ab \u2022 Garantir l\u2019acc\u00e8s aux services publics \u00e0 toutes et tous sans condition de nationalit\u00e9 et sur tout le territoire par un plan d\u2019investissement \u00bb. Garantir quoi ? L\u2019acc\u00e8s \u00e0 des services publics qui n\u2019existent plus sans avoir song\u00e9 avant d\u2019en proposer la restauration : renationalisation de la SNCF, de la Poste, de la Sant\u00e9, restauration de \u00bb l\u2019\u00e9cole publique, renationalisation des autoroute, nationalisation du syst\u00e8me bancaire, etc. Il n\u2019y a rien de cela dans le contrat de l\u00e9gislature du NFP, mais cette d\u00e9claration bizarre : \u00ab personne ne doit habiter \u00e0 plus de trente minutes d\u2019un accueil physique des services publics \u00bb Accueil physique des services publics ? Oui, vous savez, les \u00ab maisons France service \u00bb \u00e0 la sauce Macron. (Plus de 1 123 maisons France Services ont ouvert au 1er f\u00e9vrier 2021. Ce nouveau mod\u00e8le de services publics de proximit\u00e9 doit permettre d\u2019accompagner les citoyens dans leurs d\u00e9marches administratives au quotidien. \u00bb \u2013 vie publique. F\u00e9vrier 2021. \u2013 )  Ces pis-aller pour parer \u00e0 minima \u00e0 l\u2019effondrement des services publics. Et c\u2019est pour annoncer cela qu\u2019ils ont le culot de claironner un soi-disant \u00ab retour des services publics. \u00bb<br \/>\n\u00ab Front populaire \u00bb, \u00bb \u00ab La rupture \u00bb, \u00ab Abolir les privil\u00e8ges des milliardaires \u00bb, \u00ab Service public le retour ! \u00bb, \u00ab L\u2019urgence de la paix. \u00bb, etc. L\u2019enflure des formules ne saurait cacher la modicit\u00e9 des ambitions. Ni la timidit\u00e9 des engagements<br \/>\n4 ) Apologie de la d\u00e9cadence sociale.<br \/>\nLe \u00ab Nouveau Front populaire \u00bb s\u2019est cru oblig\u00e9 d\u2019ajouter \u00e0 son programme les consid\u00e9rations suivantes : \u00ab Etendre les droits des femmes et des personnes LGBTQI<br \/>\nTout d\u2019abord pourquoi avoir r\u00e9uni dans le m\u00eame chapitre le droit des femmes qui sont des \u00eatres humains naturels et la moiti\u00e9 de l\u2019humanit\u00e9 et ceux suppos\u00e9s d\u2019une minorit\u00e9 artificielle d\u2019\u00eatres s humains bricol\u00e9s par certains \u00ab Mister Hyde \u00bb ou docteur \u00ab Frankeinstein \u00bb.<br \/>\nDes forces n\u00e9fastes sont \u00e0 l\u2019\u0153uvre, depuis quelques ann\u00e9es r\u00e9centes, pour promouvoir dans la jeunesse ce th\u00e8me d\u00e9l\u00e9t\u00e8re que seraient de pr\u00e9tendus \u00ab droits\u2019 des personnes LGBT. L\u2019objet est de dissoudre nos soci\u00e9t\u00e9s fond\u00e9es sur la cellule familiale afin de g\u00e9n\u00e9rer une soci\u00e9t\u00e9 nouvelle, simple conglom\u00e9rat de pourceaux, sans attaches et sans filiation, ces attributs restants les privil\u00e8ges des grandes familles \u00ab r\u00e9gnantes \u00bb, les \u00ab vrais humains \u00bb, celles qui affichent les portraits des anc\u00eatres dans une galerie du ch\u00e2teau et aspirent \u00e0 transmettre leur h\u00e9ritage. Or, notre fausse gauche qui s\u2019est av\u00e9r\u00e9 ne pas m\u00eame \u00eatre capable de d\u00e9fendre les services publics, les libert\u00e9s \u00e9l\u00e9mentaires, la pluralit\u00e9 de l\u2019information ou les droits acquis des travailleurs, tente de se redonner des allures de \u00ab modernit\u00e9 et de progressisme \u00bb en fon\u00e7ant t\u00eate baiss\u00e9e \u00e0 la poursuite du premier leurre qui lui est propos\u00e9. La voil\u00e0 qui fait sienne toutes les revendications les plus ubuesques qui lui tombe sous la main. Sous le r\u00e8gne du roi \u00bbFlamby \u00bb ce fut \u00ab le mariage pour tous et l\u2019adoption par les couples homosexuels \u00bb, sous le r\u00e8gne \u00ab d\u2019Emmanuel Micron \u00bb ce sont les manifestations arc-en ciel , la PMA et le \u00ab transgenrisme \u00bb. Il ne s\u2019agit l\u00e0 nullement de \u00ab libert\u00e9s \u00bb nouvelles, ni de progr\u00e8s des soci\u00e9t\u00e9s humaines, comme on voudrait nous le faire croire, mais au contraire des manifestations de la d\u00e9cadence sociale et de la chute dans la barbarie. Il est dommageable qu\u2019un mouvement politique populaire, repr\u00e9sentatif malgr\u00e9 tout d\u2019une large fraction de l\u2019opinion, se fourvoie dans une telle bauge.<br \/>\nLes personnes LGBT existantes sont ce qu\u2019elles sont et nous ne pouvons que prendre acte de cette r\u00e9alit\u00e9. Elles doivent \u00eatre respect\u00e9es et prot\u00e9g\u00e9es comme tous les \u00eatres humains. Mais le pros\u00e9lytisme pour ses pratiques lui, doit \u00eatre interdit. Pas question comme le propose le contrat de l\u00e9gislature de la gauche NFP \u00ab d\u2019augmenter les moyens dans la sant\u00e9 pour les transitions \u00bb. Au contraire, les praticiens qui \u00ab font leur beurre \u00bb en exploitant cette mis\u00e8re sociale, doivent-\u00eatre poursuivis pour mutilation d\u2019\u00eatres humains et crimes contre l\u2019humanit\u00e9. \u00ab \u2022 \u00c9tablir la filiation par reconnaissance comme principe par d\u00e9faut \u00bb ainsi que le propose \u00e9galement le NFP c\u2019est annuler la filiation. \u00ab Rembourser la procr\u00e9ation m\u00e9dicalement assist\u00e9e. \u00bb (PMA)pour les couples h\u00e9t\u00e9ros rencontrant des probl\u00e8mes de st\u00e9rilit\u00e9 ou, de sant\u00e9 pourquoi pas. Mais la \u00ab rendre accessible aux personnes trans \u00bb c\u2019est pure folie. C\u2019est l\u2019ouverture \u00e0 la \u00ab marchandisation \u00bb de la natalit\u00e9, de l\u2019enfant et \u00e0 l\u2019\u00e9gard de la femme dont ces \u00ab progressistes \u00bb pr\u00e9tendent d\u00e9fendre la dignit\u00e9, c\u2019est l\u2019ouverture \u00e0 une exploitation pire, bien plus d\u00e9gradante que la prostitution.  Quant \u00e0 \u00ab Autoriser le changement d\u2019\u00e9tat-civil libre et gratuit devant un officier d\u2019\u00e9tat civil, \u00bb c\u2019est aussi de la pure d\u00e9mence. Demain comme hier et aujourd\u2019hui, ce sera toujours le m\u00e9decin obst\u00e9tricien ou la sage-femme qui annoncera \u00e0 la maman le sexe du nouveau-n\u00e9 : fille ou gar\u00e7on, gar\u00e7on ou fille. Il n\u2019y en a que deux, c\u2019est le fait de la nature, il n\u2019y a pas de place pour le choix en cette mati\u00e8re. Le reste n\u2019est qu\u2019invention d\u2019illumin\u00e9s.<br \/>\n5 ) Le NFP affirme vouloir \u00ab Agir pour un cessez-le-feu imm\u00e9diat \u00e0 Gaza et pour une paix juste et durable \u00bb<br \/>\n\u00ab \u2022 Rompre avec le soutien coupable du gouvernement fran\u00e7ais au gouvernement supr\u00e9maciste d\u2019extr\u00eame droite de Netanyahu pour imposer un cessez-le-feu imm\u00e9diat \u00e0 Gaza et faire respecter l\u2019ordonnance de la Cour Internationale de Justice (CIJ) qui \u00e9voque, sans ambigu\u00eft\u00e9s, un risque ( ?) de g\u00e9nocide \u00bb Oui, frottez-vous bien les yeux, relisez. Des dizaines de milliers de morts civils dont presque une moiti\u00e9 d\u2019enfants, La totalit\u00e9 de l\u2019habitat r\u00e9duits \u00e0 l\u2019\u00e9tat de gravats, \u00ab un risque de g\u00e9nocide ? Non pas un g\u00e9nocide mais un risque seulement. Nous voil\u00e0 d\u00e9j\u00e0 rendu dans l\u2019ignominieux. Le \u00ab Front pop \u00bb se couche devant l\u2019oukase macroniste et obtemp\u00e8re aux hurlements des sionistes assassins qui veulent passer pour les victimes. Par contre lorsqu\u2019il s\u2019agit de la r\u00e9sistance palestinienne ils sont beaucoup plus affirmatifs : \u00ab \u2022 Agir pour la lib\u00e9ration des otages d\u00e9tenus depuis les massacres terroristes du Hamas, dont nous rejetons le projet th\u00e9ocratique, \u00bb \u00ab \u2022 Soutenir la Cour P\u00e9nale Internationale (CPI) dans ses poursuites contre les dirigeants du Hamas et le gouvernement de Netanyahu \u00bb En \u00e9voquant la lib\u00e9ration des prisonniers palestiniens ou les poursuites de la CPI contre Netanyahu, tentent-ils de donner une apparence d\u2019\u00e9quilibre. En v\u00e9rit\u00e9 ils nagent dans l\u2019ignominie. 1 \u2013 il n\u2019appartient pas au Nouveau Front Populaire Fran\u00e7ais de juger de ce que doit-\u00eatre le projet du Hamas, cela rel\u00e8ve de la seule souverainet\u00e9 du peuple palestinien. 2, \u00ab Les massacres terroristes du Hamas \u00bb ? Depuis 75 ans que dure ce conflit les palestiniens ont tu\u00e9 quelques centaines de civils Isra\u00e9liens, les isra\u00e9liens eux ont massacr\u00e9s plusieurs dizaines ou centaines de milliers de palestiniens. Il faut \u00eatre bien pervers dans ces conditions pour ne voir et ne vilipender que le \u00ab terrorisme palestinien \u00bb 3, Les conflits entre peuples ou \u00c9tats sont r\u00e9gl\u00e9s par la guerre et la n\u00e9gociation. Ils n\u2019ont pas \u00e0 \u00eatre jug\u00e9 par une \u00bb quelconque cours de justice. La CPI est un organe de justice imp\u00e9rialiste occidentale. Les peuples, leurs dirigeants, leurs guerriers n\u2019ont pas \u00e0 \u00eatre jug\u00e9s par elle. Il faut r\u00e9futer cette pr\u00e9tendue justice o\u00f9 le maitre d\u2019esclave s\u2019arroge la l\u00e9gitimit\u00e9 de juger ses esclaves.<br \/>\nLe fond du probl\u00e8me c\u2019est la reconnaissance de la revendication nationale palestinienne, la cr\u00e9ation d\u2019un \u00c9tat Palestinien. Alors le FNP entend se d\u00e9barrasser de la question de la sorte : \u00a0\u00bb \u2022 Reconnaitre imm\u00e9diatement l\u2019\u00c9tat de Palestine aux c\u00f4t\u00e9s de l\u2019\u00c9tat d\u2019Isra\u00ebl sur la base des r\u00e9solutions de l\u2019ONU.\u00a0\u00bb \u00c7a pourrait paraitre juste, c\u2019est ignoble. Il n\u2019y a plus d\u2019existence ni de continuit\u00e9 territoriale d\u2019un \u00c9tat Palestinien. Reconnaitre imm\u00e9diatement un \u00c9tat palestinien c\u2019est reconnaitre l\u2019existence d\u2019un \u00c9tat ectoplasme. Alors dans ces conditions, \u00ab cessez le feu \u00bb, bien s\u00fbr pour des raisons humanitaires. Reconnaissance de l\u2019\u00c9tat palestinien pourquoi pas, mais il faut recomposer une carte coh\u00e9rente des deux \u00c9tats et chasser les colons isra\u00e9liens de territoires palestiniens qu\u2019ils se sont appropri\u00e9. A d\u00e9faut la Reconnaissance de l\u2019\u00c9tat palestinien ne purgerait pas les causes du conflit. Ce ne serait qu\u2019une astuce pour flouer une fois de plus la r\u00e9sistance palestinienne. Qu\u2019est-ce cette volont\u00e9, au pr\u00e9texte de terrorisme, de d\u00e9l\u00e9gitimer le Hamas comme organisation de r\u00e9sistance et de poursuivre ses dirigeants devant la CPI, sinon la volont\u00e9 de priver le peuple palestinien de l\u2019organisation qui porte, quasiment seule \u00e0 l\u2019heure actuelle, le drapeau de sa juste cause ? Qu\u2019est-ce que cela signifie \u00ab Permettre l\u2019organisation d\u2019\u00e9lections libres sous contr\u00f4le international pour permettre aux Palestiniens de d\u00e9cider de leur destin \u00bb sinon une manigance pour les d\u00e9sarmer, leur demander d\u2019abandonner la proie pour l\u2019ombre ? C\u2019est par la lutte que le peuple Palestinien entend d\u00e9cider de son destin. Il ne se bat pas pour un cessez le feu, il se bat pour la reconnaissance de ses droits nationaux l\u00e9gitimes. Il ne convient pas de lui ordonner de cesser le combat qu\u2019il n\u2019est recouvert ceux-ci.<br \/>\n6 ) Mais il y a pire encore que l\u2019ignominie politique, les menteries sans ambages.<br \/>\nA la fin de son pr\u00e9ambule le texte du FNP annonce \u00ab une diplomatie au service de la paix. \u00bb Mais imm\u00e9diatement en introduction du chapitre suivant : \u00ab D\u00e9fendre l\u2019Ukraine et la paix sur le continent europ\u00e9en \u00bb il fait sien le discours belliciste dict\u00e9 par l\u2019imp\u00e9rialisme am\u00e9ricain et emboite le pas de Macron dans son intention guerri\u00e8re \u00e0 l\u2019\u00e9gard de la Russie. Il est \u00e9crit : \u00ab Pour faire \u00e9chec \u00e0 la guerre d\u2019agression de Vladimir Poutine, et qu\u2019il r\u00e9ponde de ses crimes devant la justice internationale : d\u00e9fendre Ind\u00e9fectiblement la souverainet\u00e9 et la libert\u00e9 du peuple ukrainien ainsi que l\u2019int\u00e9grit\u00e9 de ses fronti\u00e8res, par la livraison d\u2019armes n\u00e9cessaires. \u00bb<br \/>\nOui, vous avez bien lu, \u00ab Faire \u00e9chec \u00e0 la guerre d\u2019agression \u00bb. Rien \u00e0 voir vous en conviendrez avec une quelconque diplomatie de la paix. Sans compter qu\u2019en cette affaire il n\u2019est pas s\u00fbr que l\u2019agression fusse venu de Poutine, en tout cas pas seulement. Ceux qui pr\u00e9sentent ainsi les choses de mani\u00e8re bien lapidaire oublient un peu facilement, mais est-ce un hasard, le coup d\u2019\u00c9tat de la place Ma\u00efdan du 23 f\u00e9vrier 2014 qui pourrait bien \u00eatre le v\u00e9ritable point du d\u00e9clenchement du conflit. Et puis cette formule terrifiante, mais aussi fort \u00e9loquente, \u00ab par la livraison d\u2019armes n\u00e9cessaires. \u00bb. Or, les armes si elles sont n\u00e9cessaires, ce ne peut-\u00eatre qu\u2019\u00e0 la guerre, jamais \u00e0 la diplomatie de la paix ? Il s\u2019agit donc bien l\u00e0 de faire la guerre \u00e0 la Russie. La diplomatie de la paix invoqu\u00e9e n\u2019\u00e9tant qu\u2019une formule creuse pour masquer la r\u00e9alit\u00e9 du discours guerrier du dernier avatar de \u00ab la gauche \u00bb fran\u00e7aise. Si bien que voter pour le \u00ab nouveau front populaire \u00bb ce serait voter\u2019 pour la guerre.<br \/>\nPour ma part je m\u2019y refuse cat\u00e9goriquement. Et si l\u2019on pouvait encore tenter de me convaincre pr\u00e9c\u00e9demment en me disant, \u00ab c\u2019est vrai ce programme est mou, manque d\u2019ambition et d\u2019enthousiasme, mais c\u2019est le seul moyen de barrer la route au RN \u00bb, je ne veux \u00e0 ce stade plus rien entendre, cette circonstance est r\u00e9dhibitoire, je ne veux pas de cette guerre, je veux la juguler. Je ne voterai pas pour le nouveau front populaire, je ne voterai pas pour la guerre ? Patrick Seignon. \u00ab lavoiedessansvoix.fr \u00bb Vendredi 21 juin 2024.<\/p>\n","protected":false},"excerpt":{"rendered":"<p>POURQUOI JE NE VOTERAI PAS \u00ab NOUVEAU FRONT POPULAIRE \u00bbJordan Bardella r\u00e9alise un score remarquable aux \u00e9lections europ\u00e9ennes et voil\u00e0 [&hellip;]<\/p>\n","protected":false},"author":1,"featured_media":3960,"comment_status":"open","ping_status":"open","sticky":false,"template":"","format":"standard","meta":{"sfsi_plus_gutenberg_text_before_share":"","sfsi_plus_gutenberg_show_text_before_share":"","sfsi_plus_gutenberg_icon_type":"","sfsi_plus_gutenberg_icon_alignemt":"","sfsi_plus_gutenburg_max_per_row":"","site-sidebar-layout":"default","site-content-layout":"","ast-site-content-layout":"default","site-content-style":"default","site-sidebar-style":"default","ast-global-header-display":"","ast-banner-title-visibility":"","ast-main-header-display":"","ast-hfb-above-header-display":"","ast-hfb-below-header-display":"","ast-hfb-mobile-header-display":"","site-post-title":"","ast-breadcrumbs-content":"","ast-featured-img":"","footer-sml-layout":"","ast-disable-related-posts":"","theme-transparent-header-meta":"","adv-header-id-meta":"","stick-header-meta":"","header-above-stick-meta":"","header-main-stick-meta":"","header-below-stick-meta":"","astra-migrate-meta-layouts":"default","ast-page-background-enabled":"default","ast-page-background-meta":{"desktop":{"background-color":"var(--ast-global-color-4)","background-image":"","background-repeat":"repeat","background-position":"center center","background-size":"auto","background-attachment":"scroll","background-type":"","background-media":"","overlay-type":"","overlay-color":"","overlay-opacity":"","overlay-gradient":""},"tablet":{"background-color":"","background-image":"","background-repeat":"repeat","background-position":"center center","background-size":"auto","background-attachment":"scroll","background-type":"","background-media":"","overlay-type":"","overlay-color":"","overlay-opacity":"","overlay-gradient":""},"mobile":{"background-color":"","background-image":"","background-repeat":"repeat","background-position":"center center","background-size":"auto","background-attachment":"scroll","background-type":"","background-media":"","overlay-type":"","overlay-color":"","overlay-opacity":"","overlay-gradient":""}},"ast-content-background-meta":{"desktop":{"background-color":"var(--ast-global-color-5)","background-image":"","background-repeat":"repeat","background-position":"center center","background-size":"auto","background-attachment":"scroll","background-type":"","background-media":"","overlay-type":"","overlay-color":"","overlay-opacity":"","overlay-gradient":""},"tablet":{"background-color":"var(--ast-global-color-5)","background-image":"","background-repeat":"repeat","background-position":"center center","background-size":"auto","background-attachment":"scroll","background-type":"","background-media":"","overlay-type":"","overlay-color":"","overlay-opacity":"","overlay-gradient":""},"mobile":{"background-color":"var(--ast-global-color-5)","background-image":"","background-repeat":"repeat","background-position":"center center","background-size":"auto","background-attachment":"scroll","background-type":"","background-media":"","overlay-type":"","overlay-color":"","overlay-opacity":"","overlay-gradient":""}},"footnotes":""},"categories":[16],"tags":[],"class_list":["post-382","post","type-post","status-publish","format-standard","has-post-thumbnail","hentry","category-archives-cms"],"_links":{"self":[{"href":"https:\/\/lavoiedessansvoix.fr\/lavoie\/wp-json\/wp\/v2\/posts\/382","targetHints":{"allow":["GET"]}}],"collection":[{"href":"https:\/\/lavoiedessansvoix.fr\/lavoie\/wp-json\/wp\/v2\/posts"}],"about":[{"href":"https:\/\/lavoiedessansvoix.fr\/lavoie\/wp-json\/wp\/v2\/types\/post"}],"author":[{"embeddable":true,"href":"https:\/\/lavoiedessansvoix.fr\/lavoie\/wp-json\/wp\/v2\/users\/1"}],"replies":[{"embeddable":true,"href":"https:\/\/lavoiedessansvoix.fr\/lavoie\/wp-json\/wp\/v2\/comments?post=382"}],"version-history":[{"count":2,"href":"https:\/\/lavoiedessansvoix.fr\/lavoie\/wp-json\/wp\/v2\/posts\/382\/revisions"}],"predecessor-version":[{"id":2783,"href":"https:\/\/lavoiedessansvoix.fr\/lavoie\/wp-json\/wp\/v2\/posts\/382\/revisions\/2783"}],"wp:featuredmedia":[{"embeddable":true,"href":"https:\/\/lavoiedessansvoix.fr\/lavoie\/wp-json\/wp\/v2\/media\/3960"}],"wp:attachment":[{"href":"https:\/\/lavoiedessansvoix.fr\/lavoie\/wp-json\/wp\/v2\/media?parent=382"}],"wp:term":[{"taxonomy":"category","embeddable":true,"href":"https:\/\/lavoiedessansvoix.fr\/lavoie\/wp-json\/wp\/v2\/categories?post=382"},{"taxonomy":"post_tag","embeddable":true,"href":"https:\/\/lavoiedessansvoix.fr\/lavoie\/wp-json\/wp\/v2\/tags?post=382"}],"curies":[{"name":"wp","href":"https:\/\/api.w.org\/{rel}","templated":true}]}}