{"id":381,"date":"2024-06-26T18:02:00","date_gmt":"2024-06-26T16:02:00","guid":{"rendered":"https:\/\/lavoiedessansvoix.fr\/lavoie\/2024\/06\/26\/archive-reponses-a-tous\/"},"modified":"2026-04-26T20:22:02","modified_gmt":"2026-04-26T18:22:02","slug":"archive-reponses-a-tous","status":"publish","type":"post","link":"https:\/\/lavoiedessansvoix.fr\/lavoie\/2024\/06\/26\/archive-reponses-a-tous\/","title":{"rendered":"REPONSES A TOUS"},"content":{"rendered":"<p>REPONSES A TOUSMon article du21 juin \u00ab Pourquoi je ne voterai pas pour le nouveau front Populaire \u00bb a suscit\u00e9 de nombreuses r\u00e9actions. Eh non pas toutes hostiles, n\u2019en d\u00e9plaise \u00e0 mes d\u00e9tracteurs.<br \/>\n1 ) Je commencerai donc par une r\u00e9ponse g\u00e9n\u00e9rique aux plus am\u00e8nes, ceux qui ont d\u00e9clar\u00e9 ne plus vouloir m\u2019entendre, m\u2019ont pri\u00e9 de supprimer leur adresse de ma liste. (Tony, Fran\u00e7oise, Jean-Fran\u00e7ois,)<br \/>\nLorsque je corresponds par e-mail je n\u2019envoie pas l\u2019article lui-m\u00eame mais un lien. Vous \u00eates libres d\u2019activer le lien ou pas, et m\u00eame de supprimer l\u2019e-mail pour ne pas \u00eatre tent\u00e9 de lire quelque chose d\u2019enrichissant. Cette libert\u00e9 vous appartient, en aucun cas je ne me permettrais de vous en priver ni de l\u2019usage de votre \u00ab libre arbitre \u00bb.\u00ab On disait au Roi ce qu\u2019il voulait entendre, c\u2019est pourquoi il n\u2019a pas pu pr\u00e9venir les bruits de la r\u00e9volte. \u00bb Des gens qui ne veulent entendre que ce qui leur agr\u00e9e, comment pourraient-ils se forger une opinion \u00e9quilibr\u00e9e Or ceux-l\u00e0 pour la plupart sont ceux qui pr\u00f4ne la libert\u00e9 d\u2019opinions, voire m\u00eame \u00ab la libre pens\u00e9e \u00bb. Serait-ce \u00e0-dire la libert\u00e9 de penser comme eux ? Bien cal\u00e9s dans leurs certitudes ne veulent pas \u00eatre d\u00e9rang\u00e9es par les opinions d\u2019autrui. Voil\u00e0 l\u00e0 de bien mauvais pr\u00e9sages pour l\u2019exercice futur d\u2019une vraie d\u00e9mocratie du peuple. Demander \u00e0 quelqu\u2019un de ne plus envoyer ses articles de ne plus faire part de ses opinions, c\u2019est un peu, \u00e0 titre individuel certes, comme vouloir le faire taire. C\u2019est \u00e0 son \u00e9chelle apporter sa pierre \u00e0 la l\u2019\u0153uvre de censure \u00e0 laquelle le pouvoir se livre d\u00e9j\u00e0 avec fr\u00e9n\u00e9sie.Pas de soucis amis, vous me connaissais, j\u2019en r\u00e9f\u00e8re \u00e0 Voltaire, je ne me tairais pas. Vous n\u2019\u00eates pas oblig\u00e9 de m\u2019entendre, ni m\u00eame de m\u2019\u00e9couter, je vous en ai indiqu\u00e9 moi-m\u00eame les moyens. Toutefois alors, alors ayez au moins la d\u00e9cence de ne pas vous pr\u00e9valoir des valeurs d\u00e9mocratiques.<br \/>\n2 ) Je r\u00e9pondrais ensuite poliment \u00e0 chacun de ceux qui ont apport\u00e9 une vraie contribution au d\u00e9bat fut elle amicale ou agressive..<br \/>\nA \u2013 Jean-Marc, Bonsoir camarade,<br \/>\nJ\u2019ai lu attentivement ta r\u00e9action \u00e0 mon dernier article. Je crains que, d\u00e9concert\u00e9 par des positions qui te surprenne, ton discernement n\u2019es \u00e9t\u00e9 troubl\u00e9. ; et que tu ais pass\u00e9 le sens de la mesure.<br \/>\nNous voil\u00e0 en d\u00e9saccord sur deux questions importantes du moment, le \u00ab Front Populaire \u00bb et les \u00ab LGBT \u00bb. Soit !<br \/>\nEst-ce une raison pour me renvoyer brutalement dans les cordes ? Tu n\u2019as pas \u00e0 faire en ma personne \u00e0 un quelconque \u00ab trouduc \u00bb en col\u00e8re ou qui se trompe de col\u00e8re ou je ne sais quoi encore. Tu as \u00e0 faire \u00e0 un ouvrier, un prolo, qui a commenc\u00e9 \u00e0 travailler \u00e0 15 ans, qui a fait une carri\u00e8re enti\u00e8re de cheminot, syndicaliste depuis 62 ans, communiste, marxiste r\u00e9volutionnaire, trotskyste. Non pas un \u00ab lumpen prol\u00e9taire \u00bb sous cultiv\u00e9 mais un homme poss\u00e9dant une large culture politique. Au pr\u00e9texte d\u2019un d\u00e9saccord, fut-il d\u2019une grande intensit\u00e9, tu ne peux t\u2019en tirer simplement en pronon\u00e7ant ma rel\u00e9gation. Tu devrais \u00eatre au contraire interpell\u00e9, pourquoi un homme tel que lui prend-t-il ces positions-l\u00e0 ?<br \/>\nC\u2019est le malheur de cette gauche de ne vouloir voir dans la d\u00e9rive droiti\u00e8re de l\u2019\u00e9lectorat ouvrier que l\u2019\u0153uvre d\u00e9l\u00e9t\u00e8re de la propagande frontiste ou des politiques de droite, voire la b\u00eatise populaire. \u00ab La gauche \u00bb est dans le d\u00e9ni. C\u2019est son malheur, car en rejetant ainsi la responsabilit\u00e9 sur autrui elle s\u2019absout de la n\u00e9cessaire introspection sur ses propres trahisons et erreurs qui est le pr\u00e9alable n\u00e9cessaire \u00e0 son r\u00e9armement id\u00e9ologique.<br \/>\nMalgr\u00e9 les dissensions qui ont \u00e9maill\u00e9es son histoire, nous n\u2019en appartenons pas moins tous deux au m\u00eame courant politique. Je sais que les r\u00e9flexions que je viens d\u2019\u00e9crire concernant la d\u00e9rive frontiste de l\u2019\u00e9lectorat communiste, vous, tu les as faites comme moi. Tu ne peux \u00e0 mon \u00e9gard, parce que j\u2019exprime des choses qui te d\u00e9range, adopter toi aussi une attitude aussi lapidaire et futile.<br \/>\n\u00ab Tu peux \u00bb \u00e9cris-tu, \u00ab Ne pas voter pour ne pas diff\u00e9rencier les forces en pr\u00e9sence \u00bb Seul l\u2019aveuglement d\u2019une col\u00e8re inappropri\u00e9 peut te permettre d\u2019\u00e9crire cela. Tu vois bien que mon propos est beaucoup plus affin\u00e9 que \u00e7a et mon analyse infiniment plus pointue. Pour ma part je ne me laisse aller \u00e0 aucun amalgame. \u00ab Tu peux \u00bb poursuis-tu, \u00ab Sur l\u2019Ukraine soutenir Poutine le repr\u00e9sentant des int\u00e9r\u00eats des oligarques russes contre Zelinsky le re\u2026. \u00bb. Fallait-il pour contester ma position que tu chois dans l\u2019amalgame, comme les loups des m\u00e9dias que tu f\u00eesses de moi un \u00ab Poutiniste \u00bb d\u00e8s que je m\u2019avisais de ne pas \u00eatre d\u2019accord avec les th\u00e8ses bellicistes de l\u2019imp\u00e9rialisme occidental ? Je \u00ab peux tout cela \u00bb dis-tu donc, mais ce qui ne passes pas, l\u2019os, ce sont mes prises de positions sur la question \u00ab LGBT \u00bb, ce que tu appelles \u00ab mon glissement vers les id\u00e9es de \u00ab\u00a0la manif pour tous\u00a0\u00bb La encore tu ne r\u00e9sistes pas aux tentations de l\u2019amalgame. Pourquoi devrais-je \u00ab glisser vers \u00bb ne&rsquo; suis-je pas de taille \u00e0 avoir mes propres positions et mon propre libre arbitre ? Mais comme te voil\u00e0 dans l\u2019amalgame tu en rajoute une lourde couche dans l\u2019intention manifeste de me blesser ou de m\u2019injurier \u00ab ramassis de r\u00e9actionnaires d&rsquo;extr\u00eame droite, de chr\u00e9tiens int\u00e9gristes, de petites bandes de vrai nazillon qui s&rsquo;organisent pour casser de l&rsquo;ouvrier rouge. \u00bb Ces analyses politiques faites \u00e0 coup d\u2019\u00e9tiquettes et d\u2019amalgames ont pour effet la perte de discernement. La manif pour tous \u00e9tait mobilis\u00e9 sous le r\u00e8gne de \u00ab Flamby 1er \u00ab contre le mariage homosexuel et l\u2019adoption des enfants par les couples homosexuels. Ce que je conteste c\u2019est le pros\u00e9lytisme LGBT le transgenrisme et l\u2019ouverture de la PMA aux personnes homosexuelles et transgenres, c\u2019est la marchandisation capitaliste de la natalit\u00e9 et de l\u2019enfant. Aveugl\u00e9 semble-t-il, tu poursuis dans l\u2019amalgame. La criminalisation de l\u2019homosexualit\u00e9 par Staline, la r\u00e9pression des homosexuels par les nazies. \u00ab La r\u00e9volution de 1917 avait rappelles-tu \u00ab aboli toutes les lois oppressives tsaristes concernant la sexualit\u00e9, \u00ab d\u0117criminalis\u0117 \u00bb l&rsquo;homosexualit\u00e9\u2026 \u00bb Je sais cela depuis bien longtemps. As-tu lu \u00ab La r\u00e9volution sexuelle de Wilhem Reich ? Ce fut longtemps un de mes livres de chevet. Mais, Jean-Marc, puis-je t\u2019inviter \u00e0 un peu de discernement ? La R\u00e9volution russe avait d\u00e9criminalis\u00e9 l\u2019homosexualit\u00e9. Elle n\u2019avait pas autoris\u00e9 le pros\u00e9lytisme des pratiques LGBT et du Transgenrisme, ni celles de la mutilation des \u00eatres humains, ni l\u2019exploitation capitaliste du ventre de la femme et la marchandisation de l\u2019enfant et de la natalit\u00e9. Elle \u00e9tait dans l\u2019ouverture et le progr\u00e8s humain, pas dans la d\u00e9g\u00e9n\u00e9rescence sociale.<br \/>\nMais revenons-en \u00ab au Nouveau Front Populaire \u00bb. Le point essentiel de mon refus de voter pour lui, est la question de ses positions sur de la guerre en Ukraine. Je dis elle doit cesser, il faut une solution n\u00e9goci\u00e9e. Tu r\u00e9ponds que je soutiens Poutine. C\u2019est donc que tu colles aux positions d\u00e9velopp\u00e9es dans le contrat de l\u00e9gislature du NFP. Tu veux poursuivre la guerre pour punir Poutine. Non ? Non diras-tu. \u00ab Ni l&rsquo;OTAN ni Poutine c&rsquo;est la seule solution pour les peuples Russe et Ukrainien. Oui mais il y a l\u2019Otan et Poutine ? Comment fais-tu pour en venir \u00e0 bout ? \u00ab 500 000 morts de chaque c\u00f4t\u00e9. C&rsquo;est les peuples qui payent de leur sang cette barbarie. \u00bb dis-tu, Oui, mais le contrat de l\u00e9gislature du NFP que tu d\u00e9fends propose \u00ab sa \u00bb solution, en \u00ab faisant payer ses crimes \u00e0 Poutine \u00bb, en \u00e9crasant la Russie. En contribuant donc \u00e0 la victoire de l\u2019imp\u00e9rialisme am\u00e9ricain. Donc en poursuivant la guerre et l\u2019effusion de sang. O\u00f9 es la coh\u00e9rence ?<br \/>\nNous ne sommes pas d\u2019accord actuellement. J\u2019en conviens, sur la question \u00e9lectorale du \u00ab Front populaire \u00bb et sur la question soci\u00e9tale du mouvement LGBT.  Nous n\u2019en sommes pas moins tous deux des militants de la r\u00e9volution sociale, anticapitaliste, anti imp\u00e9rialiste, internationaliste.<br \/>\nPourtant tu te veux cassant. \u00ab Mes camarades et moi sommes dans le combat, on peut se tromper on rectifiera si n\u00e9cessaire. Vas ton chemin il ne croise pas le n\u00f4tre. \u00bb. Voil\u00e0 62 ans que mon chemin est celui de l\u2019\u00e9mancipation ouvri\u00e8re et de la r\u00e9volution sociale. Si le v\u00f4tre comme tu le dis est celui du combat, ils se croiseront \u00e0 nouveau n\u00e9cessairement. Il ne t\u2019appartient pas de vouloir l\u2019interdire, tu n\u2019as d\u2019ailleurs \u00e0 cet \u00e9gard aucune qualit\u00e9. C\u2019est l\u2019Histoire qui d\u00e9cide.<br \/>\nBon, il est possible \u00e0 mon grand regret que tu persistes dans la voie de l\u2019ostracisme \u00e0 mon endroit. Pour ma part je m\u2019obstine \u00e0 distinguer entre l\u2019essentiel et le contingent. Mon discernement, encore assez aiguis\u00e9, m\u2019autorise \u00e0 faire la diff\u00e9rence entre \u00ab un camarade \u00bb et un \u00ab ennemi de classe \u00bb. C\u2019est pourquoi, si tu croises ma route je persisterai \u00e0 te saluer comme je l\u2019ai toujours fait, comme un ami et un camarade. Libre \u00e0 toi d\u2019ignorer mon salut.<br \/>\nAvec mes amiti\u00e9s r\u00e9volutionnaires,Patrick Seignon.<br \/>\nB \u2013 Sylvie,<br \/>\nJe ne puis bien s\u00fbr lire tes messages sans quelques tristesses. Mais sans grande surprise non plus dois-je dire. Je sais ta nature \u00e9ruptive, tu crois, tu fonces. Ce n\u2019est pas un bl\u00e2me, c\u2019est un constat. Alors je me doutais bien que mes deux derniers articles allaient \u00ab te prendre \u00e0 revers \u00bb.<br \/>\nTu m\u2019\u00e9cris que \u00ab l\u2019arriv\u00e9e de l\u2019extr\u00eame droite ne ferait que favoriser l\u2019ultra lib\u00e9ralisme d\u00e9j\u00e0 \u00e0 l\u2019\u0153uvre avec Macron et d\u00e9truirait les derniers acquis du CNR \u00bb. Mais si l\u2019extr\u00eame droite n\u2019arrive pas tu dois bien admettre que \u00ab l\u2019ultralib\u00e9ralisme sera tout autant favoris\u00e9. Sauf !.. Sauf, si comme tu l\u2019esp\u00e8res, et le crois peut-\u00eatre, le front populaire gagnait la majorit\u00e9 absolue de la repr\u00e9sentation nationale. Mais m\u00eame dans ce cas, que pour ma part je crois fort improbable, je crains que tu ne sois am\u00e8rement d\u00e9\u00e7ue. Tout d\u2019abord Macron reste \u00ab au manche \u00bb, le gouvernement FNP n\u2019aurait pas les mains libres. Ensuite il faut consid\u00e9rer qu\u2019il y a dans le Front populaire des composantes (PS, Verts,) qui sont tout autant ultra lib\u00e9rales que les ultras lib\u00e9raux affich\u00e9s. Et \u00e0 peines rendus au pouvoir, m\u00eame peut-\u00eatre avant, comme ils l\u2019ont fait avec la Nupses, ils seront les meilleurs alli\u00e9s de Macron, et feront voler le NFP en \u00e9clats. Le PCF lui-m\u00eame jouera probablement un jeu pervers. Si bien que l\u2019argument \u00ab aye ! aye !  aye ! le FN poursuivra la politique ultra lib\u00e9rale n\u2019est pas un argument convaincant.<br \/>\nD\u2019autant plus que ce n\u2019est peut-\u00eatre pas tout \u00e0 fait vrai. La \u00ab v\u00e9rit\u00e9 \u00bb \u00e0 l\u2019emporte-pi\u00e8ce qui court actuellement sur le net, soutenue par les supporter du NFP selon laquelle Macron et RN pas de diff\u00e9rence, n\u2019est probablement pas tout \u00e0 fait juste. Macron veut une Europe F\u00e9d\u00e9rale, le RN est un parti souverainiste qui veut une \u00ab Europe des nations \u00bb. Cela recouvre des diff\u00e9rences de composition sociale et de classes, de servitudes et d\u2019int\u00e9r\u00eats. Macron est en lien direct sous l\u2019autorit\u00e9 des USA, avec les plus hauts cercles de la finance internationale. Le RN doit r\u00e9pondre des int\u00e9r\u00eats d\u2019une bourgeoisie plus \u00ab nationale \u00bb, ces deux fractions de la bourgeoisie ne partagent pas les m\u00eames parts de march\u00e9.<br \/>\nContrairement \u00e0 ce que tu sembles en dire, je combats le RN au moins autant que la macronie. Mon analyse sur la bonne mani\u00e8re de combattre l\u2019un et l\u2019autre est seulement diff\u00e9rente. Ce n\u2019est pas par exemple en reproduisant toujours les m\u00eames sch\u00e9mas politiques qui conduisent aux m\u00eames impasses et aux m\u00eames b\u00e9vues, que l\u2019on peut restaurer la confiance des \u00e9lecteurs populaires dans une solution \u00ab de gauche \u00bb. J\u2019ai v\u00e9cu les temps \u00ab du programme commun de la gauche \u00bb, de l\u2019alternance de 81 et des 110 propositions de Fran\u00e7ois Mitterrand. Puis la destruction de toutes les esp\u00e9rances populaires \u00e0 coup de compromissions et de trahisons. Alors comment voudrais-tu que je fusse abus\u00e9 par \u00ab les 10 points \u00ab essentiels \u00bb de l\u2019accord actuel NFP \u00ab bonne base programmatique ou pas \u00bb. Les mesures des programmes ce sont comme les \u00ab hame\u00e7ons \u00bb de la \u00ab p\u00eache miraculeuse \u00bb,\u2026 aux \u00e9lecteurs..<br \/>\nLes trahisons de la gauche je les ai comprises et d\u00e9nonc\u00e9es d\u00e8s 1982\/83. En 1986 j\u2019ai \u00e9crit une plaquette (Social bonapartisme et classe ouvri\u00e8re), qui expliquait le sens r\u00e9el de la politique mitterrandienne *. il a fallu attendre quinze ans au moins pour que l\u2019opinion g\u00e9n\u00e9rale me rende raison. En 1997 \u00ab la gauche plurielle \u00bb remportait les \u00e9lections l\u00e9gislatives anticip\u00e9es \u00e0 la suite de la dissolution de l\u2019A.N. par Jacques Chirac le 21 avril pr\u00e9c\u00e9dent. Daniel Ben Sa\u00efd \u00e9crivait : \u00ab Lionel, qu\u2019as-tu fait de notre victoire \u00bb et bien que d\u00e9sol\u00e9 de contredire mon ami je r\u00e9pondais : \u00ab on nous a vol\u00e9 rien du tout. La victoire \u00e9lectorale de 1997 \u00e9tait celle de Lionel, pas celle des travailleurs, pas la n\u00f4tre. (La social-d\u00e9mocratie est morte). A l\u2019approche de l\u2019\u00e9lection Pr\u00e9sidentielle de 2002, la presse les sondages unanimes donnaient Lionel Jospin victorieux haut la main. Pour un peu on ne serait m\u00eame pas all\u00e9 voter. Moi seul avec ma petite voie (des sans voix) encore bien plus inaudible en ce temps qu\u2019elle ne l\u2019est aujourd\u2019hui, annon\u00e7ait qu\u2019il serait battu. Oh, sans pr\u00e9tention. Je savais qu\u2019il serait battu mais je n\u2019avais pas imagin\u00e9 tout de m\u00eame \u00e0 quel point, jusqu\u2019\u00e0 l\u2019humiliation. Et pourquoi pensai-je cela ? Parce que la Gauche Plurielle qui se targuait de la \u00ab Loi Aubry \u00bb \u00ab les 35 heures \u00bb comme d\u2019une grande avanc\u00e9e sociale, digne du Front Populaire, \u00e9tait sourde et aveugle aux r\u00e9criminations populaires. Mais je savais moi que cet alambic complexe, selon le principe \u00ab donnant\/donnant \u00bb : la flexibilit\u00e9 du temps de travail contre sa r\u00e9duction avait \u00e9t\u00e9 v\u00e9cue chez les petits salari\u00e9s comme une grande arnaque (Titre d\u2019une brochure que j\u2019\u00e9crivis alors). Alors vois-tu Sylvie je ne vais pas \u00e0 cette heure me laisser berner par l\u2019enthousiasme de certains pour le NFP, et perdre \u00e0 cette occasion mon sens de la v\u00e9rit\u00e9 et de l\u2019Histoire.Alors diras-tu peut-\u00eatre, comme l\u2019as \u00e9crit Jean-Paul, \u00ab Quand les bl\u00e9s sont sous la gr\u00eale, fou qui fait le d\u00e9licat \u00bb (\u00ab la rose et le r\u00e9s\u00e9da \u00bb Louis Aragon) a quoi j\u2019adh\u00e8re pleinement mais qui s\u2019applique mal \u00e0 un contexte \u00e9lectoral, mais je te r\u00e9pondrais : \u00ab  Seule la v\u00e9rit\u00e9 est r\u00e9volutionnaire \u00bb. Certain domin\u00e9 par leur culture, comme tu le dis, c\u00e8dent aux pr\u00e9jug\u00e9s \u00e9lectoralistes du moment. Moi je prends acte pour le lendemain.<br \/>\nTu es tellement sinc\u00e8re et spontan\u00e9e que tu en viens parfois \u00e0 faire preuve d\u2019Ang\u00e9lisme. \u00ab il est pr\u00e9f\u00e9rable de pouvoir continuer \u00e0 se battre pour soutenir les \u00e9lus de notre bord, plut\u00f4t que de se retrouver interdits de manifester comme Macron l&rsquo;a d\u00e9j\u00e0 fait et comme le RN le ferait encore plus brutalement. \u00bb \u00e9cris-tu. Quand la Gauche a \u00e9t\u00e9 au pouvoir il n\u2019\u00e9tait pas interdit de manifester en effet. Cela eut d\u2019ailleurs \u00e9t\u00e9 inutile. On ne manifestait pas pour ne pas g\u00eaner l\u2019action gouvernementale. Puis il y a la Question LGBT qui provoque des crispations.<br \/>\n\u00ab Je pense, \u00e9cris-tu, que tu ignores les souffrances que vivent au quotidien des milliers de personnes ayant une orientation sexuelle diff\u00e9rente de la majorit\u00e9, peut-\u00eatre comparable \u00e0 la condition des femmes\u2026. \u00bb Je ne m\u2019attarderais pas sur la proximit\u00e9 que tu imagines entre ces souffrances des personnes LGBT et la condition pass\u00e9 des femmes. Je n\u2019en vois ni la pertinence ni l\u2019int\u00e9r\u00eat. Mais les souffrances, faut-il les conjurer ou les cultiver, faut-il les contenir ou les accro\u00eetre ? Et comment dois ton les soigner, par l\u2019accompagnement social ou par la chirurgie ? Voil\u00e0 de vraies questions. Le mal \u00eatre des adolescents face \u00e0 leur propre sexualit\u00e9 n\u2019est pas une chose nouvelle. Les aides-t-on a surmonter les interrogations et les doutes de la pubert\u00e9 naissante, ou les pr\u00e9cipitent-on dans des angoisses mortif\u00e8res par des r\u00e9ponses inad\u00e9quates et une propagande criminelle ? L\u2019ampleur pris par ce ph\u00e9nom\u00e8ne dans nos soci\u00e9t\u00e9 occidentales doit interpeler. S\u2019agit-il d\u2019une \u00e9volution humaine naturelle ou serait-ce le r\u00e9sultat de l\u2019action n\u00e9fastes de \u00bb quelques lobbies ou officines aux raisons peu avouables. La jeunesse a besoin d\u2019esp\u00e9rance et de s\u2019enthousiasmer pour une cause. Nous e\u00fbmes les luttes de lib\u00e9ration des peuples coloniaux la r\u00e9volution Cubaine, Che Gueverra, et la guerre du Viet-Nam. Les maitres du monde s\u2019emploient \u00e0 canaliser cette pr\u00e9disposition de la jeunesse ou \u00e0 l\u2019annuler. Tout, n\u2019importe quel chemin de perdition ou impasse, mais pas le chemin du combat contre l\u2019ordre capitaliste. Comme tu sais j\u2019ai v\u00e9cu 68. La jeunesse de France s\u2019\u00e9tait alors enthousiasm\u00e9e pour \u00ab la lutte des classes \u00bb aux c\u00f4t\u00e9 de la classe ouvri\u00e8re. Un vent de libert\u00e9 et de lib\u00e9ration des m\u0153urs soufflait ici. Alors la drogue se mit \u00e0 envahir et corroder notre jeunesse. Crois-tu que ce n\u2019\u00e9tais qu\u2019un hasard ? J\u2019ai vu des centaines de jeunes filles et gar\u00e7ons se naufrager dans ces addictions, jusqu\u2019\u00e0 la mort. Et que vois-je aujourd\u2019hui, une \u00e9pid\u00e9mie d\u2019un \u00ab genre \u00bb nouveau, une frange de la jeunesse en rupture avec l\u2019ordre social \u00e9tablit se perdre dans des id\u00e9es et des pratiques transgressives qui les \u00e9loignent du v\u00e9ritable combat n\u00e9cessaire. Derri\u00e8re, les m\u00eames forces sont \u00e0 la man\u0153uvre qui disloquent nos soci\u00e9t\u00e9s. Le nouvel ordre mondial dont ils nous rebattent les oreilles veut se fonder sur le chaos. Finalement, n\u2019est-il pas plus ais\u00e9 en effet de r\u00e9gner sur le chaos que sur des peuples organis\u00e9s ? Alors respect humain oui mais pas encouragements, ni soutien, ni pros\u00e9lytisme.<br \/>\nJe n\u2019ai pas la pr\u00e9tention de te convaincre en ce moment. Mon seul souhait, que tu ne chois pas toi aussi dans l\u2019ostracisme le rejet ou le d\u00e9ni. Des d\u00e9saccords importants ont surgi entre nous. Pour autant nous restons pr\u00e9occup\u00e9s des m\u00eames probl\u00e8mes et porteurs du m\u00eame message de transformation sociale. C\u2019est le r\u00f4le de l\u2019Histoire et l\u2019\u0153uvre du temps d\u2019\u00e9ponger les diff\u00e9rends. Je t\u2019en prie ne me rejette pas trop vite, tu le regretterais probablement bient\u00f4t.Tr\u00e8s amicalement \u00e0 toi, Patrick.<br \/>\nC- Michel<br \/>\nJe te remercie Michel de ta r\u00e9action \u00e0 mon article Tu as raison, l\u2019ennemi n\u00b0 1 des fran\u00e7ais et de la France laborieuse c\u2019est Emmanuel Macron. Certains qui ont fait du rejet du RN le point d\u2019orgue de leur action politique pr\u00e9cis\u00e9ment pour occulter cette r\u00e9alit\u00e9 se sont fait de la sorte les alli\u00e9s de facto d\u2019un pouvoir et d\u2019un Pr\u00e9sident de la R\u00e9publique honnis. Rien d\u2019\u00e9tonnant \u00e0 ce qu\u2019ils en \u00ab payent les pots cass\u00e9s \u00bb. Ils soutenaient le Pr\u00e9sident de la R\u00e9publique par crainte de l\u2019effondrement des institutions. Mais le r\u00e9sultat c\u2019est qu\u2019\u00e0 force de d\u00e9ni ils ont accumul\u00e9s les mat\u00e9riaux d\u2019une grave crise institutionnelle. La dissolution de l\u2019Assembl\u00e9e Nationale par Emmanuel Macron a inaugur\u00e9 celle-ci. Quel que soit \u00e0 pr\u00e9sent le r\u00e9sultat de ces \u00e9lections, il est probable que l\u2019on assistera, dans les mois qui viennent \u00e0 l\u2019effondrement de la 5\u00e8me R\u00e9publique.<br \/>\nD \u2013 Nathalie<br \/>\nTu as raison Nathalie. Sous la Pr\u00e9sidence de Macron le NFP ne pourras pas appliquer son programme. Alors, irait-il jusqu\u2019\u00e0 un conflit ouvert entre le gouvernement et le Pr\u00e9sident de la R\u00e9publique. Non ! Car la D\u00e9mission de Macron et la perspective d\u2019\u00e9lections Pr\u00e9sidentielles anticip\u00e9es ne lui agr\u00e9\u00e9 pas du tout. Encore une fois il redoute la victoire du RN. Dans l\u2019hypoth\u00e8se de son acc\u00e8s au pouvoir le NFP ferait profil bas pour ne pas d\u00e9stabiliser le Pr\u00e9sident. Son aile droite effectivement volerait m\u00eame au secours de Macron, faisant voler le front en \u00e9clats. Mais le mieux serait encore de ne pas gagner pour ne pas \u00eatre mis en situation de gouverner. Certains analystes commencent \u00e0 \u00e9mettre cette hypoth\u00e8se qu\u2019il fasse en sorte de perde.<br \/>\nE \u2013 Jean-Paul,<br \/>\nJ\u2019ai dit dans mon article : \u00ab Non je ne voterai pas pour le NFP, non je ne voterai pas pour la guerre \u00bb. \u00ab Je \u00bb, c\u2019est moi, c\u2019est une r\u00e9solution personnelle. Cet article n\u2019est en aucun cas un appel \u00e0 ne pas voter NFP.Jean-Paul r\u00e9pond de mani\u00e8re apais\u00e9e, sans col\u00e8re ni haine avec deux vers extrait du merveilleux po\u00e8me de Louis Aragon \u00ab La rose et le r\u00e9s\u00e9da \u00bb  : Oui au vote NFP, sans h\u00e9siter. \u00a0\u00bb Quand le bl\u00e9 est sous la gr\u00eale, fou qui fait le d\u00e9licat\u00a0\u00bb.  Et j\u2019entends bien cela quoique je puisse nuancer le propos en indiquant tout de m\u00eame que sous la gr\u00eale la moisson est d\u00e9j\u00e0 bien compromise \u00bb et qu\u2019au demeurant cette circonstance m\u00e9t\u00e9orologique ne pr\u00e9sage en rien des moyens \u00e0 mettre en \u0153uvre pour parer \u00e0 la calamit\u00e9.Or Jean-Paul pr\u00e9cise \u00ab mais le vote ne suffit pas. \u00bbLa question la plus d\u00e9licate abord\u00e9e dans mon article, et qui m\u2019a valu les foudres de quelques directeurs de consciences, et la question LGBT QI. Je remercie Jean-Paul, l\u00e0 encore en termes apais\u00e9s, d\u2019avoir \u00e9clair\u00e9 et consolid\u00e9 mon propos.\u00ab Oui, il faut lutter pour pr\u00e9server les libert\u00e9s individuelles, notamment, dans le domaine sexuel: mais, non, il ne faut rien c\u00e9der aux lobbies organis\u00e9s sp\u00e9cialis\u00e9s dans la promotion de modes de vie LGBT, oui \u00e0 la libert\u00e9, non \u00e0 la propagande \u00bb.<br \/>\nF \u2013 Jean-Fran\u00e7ois<br \/>\nQui veut \u00eatre retir\u00e9 de cette liste mail. Admet pourtant que \u00ab le NFP n&rsquo;est pas g\u00e9nial. Mais, dit-il, les th\u00e9ories fachos sont pires. \u00bb Choix binaire. Je fonce, je ne veux m\u00eame pas entendre le reste. Qu\u2019elle ouverture d\u2019esprit, qu\u2019elle promesse d\u2019avenir d\u00e9mocratique ?<br \/>\nG \u2013 Monique<br \/>\nSouhaite, dit-elle, \u00eatre ray\u00e9e de mes envois. \u00ab Parfois, je suis d&rsquo;accord, parfois non. \u00bb Voil\u00e0 qui est une tr\u00e8s bonne chose \u00e0 mon sens. C\u2019est ainsi qu\u2019est fait le d\u00e9bat. Cette circonstance ne me parait pas \u00eatre un bon argument pour refuser mes envois. Au contraire.Mais en v\u00e9rit\u00e9, ce qui chagrine Monique ce sont moins mes propres envois que certaines r\u00e9ponses qu\u2019ils suscitent. \u00ab Dans tous les cas je n&rsquo;ai pas envie de recevoir la litt\u00e9rature navrante des gens haineux, ignares et incultes (en particulier les LFIstes), qui te r\u00e9pondent. Ils ne voient pas o\u00f9 sont les vrais dangers, ne voient pas la r\u00e9alit\u00e9 que vivent les gens (petits entrepreneurs, ouvriers, paysans, africains qu&rsquo;on fait venir pour les esclavagiser, juifs pers\u00e9cut\u00e9s, etc.).Le danger de l&rsquo;islamisme radical et du trafic de drogue est compl\u00e8tement ignor\u00e9 de ces gens-l\u00e0, et apr\u00e8s on s&rsquo;\u00e9tonnera du vote des fran\u00e7ais. La gauche a abandonn\u00e9 le peuple depuis longtemps d\u00e9j\u00e0 h\u00e9las !Bien s\u00fbr Monique, si tu persistes dans ta demande je m\u2019abstiendrais pour la suite de te faire part de mes articles. Mais si j\u2019en juge par ton propos tu devrais en toute logique souhaiter plut\u00f4t que je les renouvelle. Bien entendu je prendrai alors les dispositions n\u00e9cessaires pour que te soit \u00e9vit\u00e9s les d\u00e9sagr\u00e9ments des r\u00e9ponses inutilement hostiles.<br \/>\nH \u2013 Martin<br \/>\nC\u2019est \u00e0 la contribution de Sylvie que Martin fait \u00e9cho. Il soul\u00e8ve de nombreuses questions et insinue quelques d\u00e9buts de r\u00e9ponse. Pour ma part, ce que je retiendrais surtout de son propos ce sont les deux phrases suivantes : Celle-ci d\u2019abord, qui m\u2019apporte de l\u2019oxyg\u00e8ne, sur la question LGBT qui m\u2019a valu les attaques les plus virulentes ou inf\u00e2mes. \u00ab Il faudrait que la gauche comprenne ce que veut dire ici Patrick. \u00c0 savoir que le lobby le plus financ\u00e9 au monde par les fondations ultra-mondialistes (tel l&rsquo;Open society, la fondation Bill Gates\u2026..) est le lobby LGBT. (avec le lobby pharmaceutique et le complexe militaro industriel) Pourquoi ? \u00bbCette autre qui en appelle \u00e0 la d\u00e9crispation du d\u00e9bat : \u00ab Il faudrait que la gauche cesse de vouloir transformer les ouvertures d&rsquo;esprits en fractures du cr\u00e2ne \u00bb. il faudrait cesser de vous d\u00e9clarer l\u2019alli\u00e9 de Le Pen d\u00e8s que vous \u00e9mettez un doute sur la coh\u00e9rence de la politique de \u00ab la gauche \u00bb Il faudrait que l\u2019on cesse de vous renvoyer aux camps de concentrations du III\u00e8me Reich et au traitement des homosexuels par les nazis d\u00e8s que vous aventurez la moindre remise en question du mouvement LGBT..Merci Martin.<br \/>\nI \u2013 Wilhem :<br \/>\n\u00ab Je n&rsquo;ai m\u00eame pas \u00e9t\u00e9 au bout de cet \u00ab\u00a0article\u00a0\u00bb puant sur la question LGBT. Je reste sans voix pour le coup.Je n&rsquo;en dirai pas plusJe suis constern\u00e9. \u00bb<br \/>\nCe qui me consterne moi c\u2019est que des gens intelligents, plut\u00f4t cultiv\u00e9s et en apparence ouverts d\u2019esprit refuse d\u2019entendre la parole d\u2019autrui sit\u00f4t qu\u2019ils se croient bouscul\u00e9s sur un sujet qui les touche de pr\u00e8s.<br \/>\nMais Wilhem, la question LGBT en tant que mouvement Wokiste, port\u00e9 par quelques lobbies et ONG aux financements douteux, n\u2019a rien \u00e0 voir avec celle de l\u2019homosexualit\u00e9 Le transgenrisme n\u2019a de rapport \u00e0 l\u2019homosexualit\u00e9 que l\u2019exploitation qu\u2019en font certains pour d\u00e9stabiliser la jeunesse et faire du fric au passage. Le fait d\u2019alerter sur ces d\u00e9rives et leurs dangers ne fait pas de moi un homophobe.Quant \u00e0 cesser de lire l\u2019article \u00e0 se pr\u00e9texte, quel signal de sectarisme. En quoi le fait que nous soyons, et je le con\u00e7ois sans amertume, en d\u00e9saccord total sur la question LGBT, est-il de nature \u00e0 disqualifier mon propos sur les autres sujets ?  Qu\u2019est-ce que cela enl\u00e8ve \u00e0 l\u2019int\u00e9r\u00eat et \u00e0 la qualit\u00e9 de la suite de mon raisonnement sur le contrat de l\u00e9gislature du nouveau front populaire ?<br \/>\nJ \u2013 Daniel,<br \/>\nSans autre commentaire de ma part, le soutien de Daniel. \u00ab Bravo Patrick, J&rsquo;approuve ton texte, J&rsquo;en ai profit\u00e9 pour le relayer \u00e0 mes amis autour de \u2026\u2026. \u00ab\u00a0La goche\u00a0\u00bb n&rsquo;a pas arr\u00eat\u00e9 de nous trahir. De nous brader aux dirigeants am\u00e9ricains. Le probl\u00e8me n&rsquo;est pas les \u00e9lections, c&rsquo;est ce que Michel d\u00e9montre : Le forum \u00e9conomique, Davos, L&rsquo;asservissement \u00e0 l&rsquo;Europe, \u00e0 l&rsquo;otan pour faire la guerre. Qui fera oublier la dette cr\u00e9\u00e9e de plus 3300 milliards par Macron. Oublier les politiques qui ont pr\u00f4n\u00e9 la vaccination de masse : guerre biologique\u2026.. \u00bb<br \/>\nK \u2013 Catherine,<br \/>\nCertes c\u2019est le d\u00e9bat, certes de part la nature de mon propos je devais m\u2019attendre \u00e0 quelques estocades peu am\u00e8nes. Pour autant, dans ces cas on n\u2019est pas \u00e0 l\u2019abri de quelques \u00ab vagues \u00e0 l\u2019\u00e2me \u00bb, de quelques tristesses et haut le c\u0153ur. Aussi dois-je remercier Catherine pour son soutien et son message r\u00e9confortant.\u00ab La gauche caviar, les petits bourgeois de campagne, les endormis, s\u2019offusquent ; peut-\u00eatre verront ils clair un jour, comprendront-ils qu\u2019ils ne sont que les esclaves d&rsquo;un syst\u00e8me. A bient\u00f4t, bon dimanche. \u00bb<br \/>\nL \u2013 Merci \u00e0 Emilie aussi.<br \/>\nMerci \u00e0 tous. D\u2019accords et pas d\u2019accords, agressifs et r\u00e9confortants. Certains peuvent refuser de les entendre, cela n\u2019arr\u00eate pas la course des id\u00e9es.Je vous embrasse tous. Patrick.<br \/>\nPatrick.<\/p>\n","protected":false},"excerpt":{"rendered":"<p>REPONSES A TOUSMon article du21 juin \u00ab Pourquoi je ne voterai pas pour le nouveau front Populaire \u00bb a suscit\u00e9 [&hellip;]<\/p>\n","protected":false},"author":1,"featured_media":3958,"comment_status":"open","ping_status":"open","sticky":false,"template":"","format":"standard","meta":{"sfsi_plus_gutenberg_text_before_share":"","sfsi_plus_gutenberg_show_text_before_share":"","sfsi_plus_gutenberg_icon_type":"","sfsi_plus_gutenberg_icon_alignemt":"","sfsi_plus_gutenburg_max_per_row":"","site-sidebar-layout":"default","site-content-layout":"","ast-site-content-layout":"default","site-content-style":"default","site-sidebar-style":"default","ast-global-header-display":"","ast-banner-title-visibility":"","ast-main-header-display":"","ast-hfb-above-header-display":"","ast-hfb-below-header-display":"","ast-hfb-mobile-header-display":"","site-post-title":"","ast-breadcrumbs-content":"","ast-featured-img":"","footer-sml-layout":"","ast-disable-related-posts":"","theme-transparent-header-meta":"","adv-header-id-meta":"","stick-header-meta":"","header-above-stick-meta":"","header-main-stick-meta":"","header-below-stick-meta":"","astra-migrate-meta-layouts":"default","ast-page-background-enabled":"default","ast-page-background-meta":{"desktop":{"background-color":"var(--ast-global-color-4)","background-image":"","background-repeat":"repeat","background-position":"center center","background-size":"auto","background-attachment":"scroll","background-type":"","background-media":"","overlay-type":"","overlay-color":"","overlay-opacity":"","overlay-gradient":""},"tablet":{"background-color":"","background-image":"","background-repeat":"repeat","background-position":"center center","background-size":"auto","background-attachment":"scroll","background-type":"","background-media":"","overlay-type":"","overlay-color":"","overlay-opacity":"","overlay-gradient":""},"mobile":{"background-color":"","background-image":"","background-repeat":"repeat","background-position":"center center","background-size":"auto","background-attachment":"scroll","background-type":"","background-media":"","overlay-type":"","overlay-color":"","overlay-opacity":"","overlay-gradient":""}},"ast-content-background-meta":{"desktop":{"background-color":"var(--ast-global-color-5)","background-image":"","background-repeat":"repeat","background-position":"center center","background-size":"auto","background-attachment":"scroll","background-type":"","background-media":"","overlay-type":"","overlay-color":"","overlay-opacity":"","overlay-gradient":""},"tablet":{"background-color":"var(--ast-global-color-5)","background-image":"","background-repeat":"repeat","background-position":"center center","background-size":"auto","background-attachment":"scroll","background-type":"","background-media":"","overlay-type":"","overlay-color":"","overlay-opacity":"","overlay-gradient":""},"mobile":{"background-color":"var(--ast-global-color-5)","background-image":"","background-repeat":"repeat","background-position":"center center","background-size":"auto","background-attachment":"scroll","background-type":"","background-media":"","overlay-type":"","overlay-color":"","overlay-opacity":"","overlay-gradient":""}},"footnotes":""},"categories":[16],"tags":[],"class_list":["post-381","post","type-post","status-publish","format-standard","has-post-thumbnail","hentry","category-archives-cms"],"_links":{"self":[{"href":"https:\/\/lavoiedessansvoix.fr\/lavoie\/wp-json\/wp\/v2\/posts\/381","targetHints":{"allow":["GET"]}}],"collection":[{"href":"https:\/\/lavoiedessansvoix.fr\/lavoie\/wp-json\/wp\/v2\/posts"}],"about":[{"href":"https:\/\/lavoiedessansvoix.fr\/lavoie\/wp-json\/wp\/v2\/types\/post"}],"author":[{"embeddable":true,"href":"https:\/\/lavoiedessansvoix.fr\/lavoie\/wp-json\/wp\/v2\/users\/1"}],"replies":[{"embeddable":true,"href":"https:\/\/lavoiedessansvoix.fr\/lavoie\/wp-json\/wp\/v2\/comments?post=381"}],"version-history":[{"count":3,"href":"https:\/\/lavoiedessansvoix.fr\/lavoie\/wp-json\/wp\/v2\/posts\/381\/revisions"}],"predecessor-version":[{"id":3959,"href":"https:\/\/lavoiedessansvoix.fr\/lavoie\/wp-json\/wp\/v2\/posts\/381\/revisions\/3959"}],"wp:featuredmedia":[{"embeddable":true,"href":"https:\/\/lavoiedessansvoix.fr\/lavoie\/wp-json\/wp\/v2\/media\/3958"}],"wp:attachment":[{"href":"https:\/\/lavoiedessansvoix.fr\/lavoie\/wp-json\/wp\/v2\/media?parent=381"}],"wp:term":[{"taxonomy":"category","embeddable":true,"href":"https:\/\/lavoiedessansvoix.fr\/lavoie\/wp-json\/wp\/v2\/categories?post=381"},{"taxonomy":"post_tag","embeddable":true,"href":"https:\/\/lavoiedessansvoix.fr\/lavoie\/wp-json\/wp\/v2\/tags?post=381"}],"curies":[{"name":"wp","href":"https:\/\/api.w.org\/{rel}","templated":true}]}}