{"id":379,"date":"2024-06-29T17:09:00","date_gmt":"2024-06-29T15:09:00","guid":{"rendered":"https:\/\/lavoiedessansvoix.fr\/lavoie\/2024\/06\/29\/archive-aux-urnes-citoyens\/"},"modified":"2026-04-26T20:21:45","modified_gmt":"2026-04-26T18:21:45","slug":"archive-aux-urnes-citoyens","status":"publish","type":"post","link":"https:\/\/lavoiedessansvoix.fr\/lavoie\/2024\/06\/29\/archive-aux-urnes-citoyens\/","title":{"rendered":"AUX URNES CITOYENS"},"content":{"rendered":"<p>AUX URNES CITOYENS<\/p>\n<p>Vous allez mettre demain votre petite enveloppe dans l\u2019urne. Des millions d\u2019enveloppes semblables, dont il sortira quoi ? Le vote des fran\u00e7ais ! Le verdict \u00e9lectoral ! une soi-disant volont\u00e9 commune de la nation, moyen de faire un bouillon inf\u00e2mes compos\u00e9 d\u2019int\u00e9r\u00eats contradictoire et de volont\u00e9s oppos\u00e9es.<br \/>\nEt alors ce seront les politiciens qui auront la main, qui feront des alliances, des tripatouillages, des arrangements et concocteront avec votre pr\u00e9tendu volont\u00e9 un ragout \u00e0 leur convenance.<br \/>\nQuelques \u00e9lus de premier tour, tr\u00e8s peu, les Barons, comme on les appelles, et de nombreux ballotages et triangulaires. Alors ils vous l\u2019ont dit. Vous ne pourrez pas pr\u00e9tendre que vous n\u2019aviez pas entendu ; Le pire que Macron (\u00e7a il faut d\u00e9j\u00e0 l\u2019inventer)  c\u2019est le RN, plus que la d\u00e9fense de leur propre programmme leur motivation premi\u00e8re c\u2019est faire barrage \u00e0 celui qu\u2019ils appellent le R haine \u00bb. Alors que vat-il se passer ? Dans les ballotages tous ces larrons, vont appeler comme un seul homme \u00e0 voter pour le candidat quel qu\u2019il soit oppos\u00e9 au candidat du Rassemblement National.  Et dans les triangulaires le candidat le plus mal plac\u00e9 se d\u00e9sistera pour le candidat anti RN quel qu\u2019il soit.<br \/>\nMacron a concentr\u00e9 toutes les haines des fran\u00e7ais. L\u00e9gislatives anticip\u00e9es ? Une aubaine se sont t-il dit, on va pouvoir enfin lui clouer le bec.<br \/>\nAlors les politiciens v\u00e9reux ont jou\u00e9 sur deux registres. Tant\u00f4t il nous disent que Macron et Bardella s\u2019est pareil. Tant\u00f4t ils nous disent que Bardella s\u2019est pire que Macron. Il faudrait s\u2019entendre ?<br \/>\nIls disent que Macron et Bardella s\u2019est pareil quand il s\u2019agit de rassurer les \u00e9lecteurs qui ne voudraient plus m\u00eame entendre parler d\u2019Emmanuel. (On va les virer tous les deux)<br \/>\nMais la r\u00e9alit\u00e9 sera probablement bien diff\u00e9rente. Ils le savent bien entendu, ils ne sont pas compl\u00e8tement ignares. C\u2019est pourquoi ils disent que Bardella et Macron c\u2019est pareil mais que Bardella c\u2019est pire.(Ha, ha !) Ca y est, vous commencez \u00e0 comprendre pourquoi ? Parce que m\u00eame si Macron et Bardella c\u2019est pareil, au bout du compte ils choisiront de sauver encore une fois la pomme \u00e0 Macron.<br \/>\nBon tr\u00e8s bien dira-t-on. Tous ces gens jugent que Bardella c\u2019est pire que Macron. Je ne sais pas vraiment, je ne vais pas leur donner tord \u00e0 ce stade, et ils font ce qu\u2019ils jugent utile pour barrer la route du challenger. Mais ils font autre chose aussi de la sorte. Ils scellent dans les urnes une alliance contre nature, une \u00ab union nationale sacr\u00e9e \u00bb pour sauver le Pr\u00e9sident de la R\u00e9publique. Lui permettre de garder la main.Garder la main \u00e0 Macron, mais pourquoi faire ?<br \/>\nSavez-vous ce que c\u2019est que l\u2019Union Sacr\u00e9e ? (extrait de la fiche Wikip\u00e9dia : \u00ab L&rsquo;Union sacr\u00e9e est le nom donn\u00e9 au mouvement de rapprochement politique qui a soud\u00e9 les Fran\u00e7ais de toutes tendances (politiques ou religieuses) lors du d\u00e9clenchement de la Premi\u00e8re Guerre mondiale. Le terme fut utilis\u00e9 pour la premi\u00e8re fois \u00e0 la Chambre des d\u00e9put\u00e9s le 4 ao\u00fbt 1914, par le pr\u00e9sident de la R\u00e9publique, Raymond Poincar\u00e9, dans son message aux Assembl\u00e9es. Cela fut le cas imm\u00e9diatement car l\u2019ensemble des organisations syndicales et politiques de gauche, essentiellement la CGT et la SFIO, se ralli\u00e8rent au gouvernement. \u00bb<br \/>\nGarder la main, donc, pour entrainer la France et l\u2019Union Europ\u00e9enne dans la guerre la plus idiote de tous les temps contre notre amie naturel la Russie pour servir les int\u00e9r\u00eats h\u00e9g\u00e9moniques de l\u2019empire am\u00e9ricain.<br \/>\nLe 4 ao\u00fbt 1914, la CGT (L\u00e9on Jouhaux) et la SFIO ( Vaillant) s\u2019\u00e9taient ralli\u00e9 au gouvernement. En cette ann\u00e9e 2024 les choses se passent un peu diff\u00e9remment, c\u2019est par son (programme) \u00ab contrat de l\u00e9gislature \u00bb que le \u00ab Nouveau Front Populaire \u00bb c\u2019est d\u00e9j\u00e0 ralli\u00e9 au camp de la guerre :  \u00ab Pour faire \u00e9chec \u00e0 la guerre d\u2019agression de Vladimir Poutine, et qu\u2019il r\u00e9ponde de ses crimes devant la justice internationale : d\u00e9fendre Ind\u00e9fectiblement la souverainet\u00e9 et la libert\u00e9 du peuple ukrainien ainsi que l\u2019int\u00e9grit\u00e9 de ses fronti\u00e8res, par la livraison d\u2019armes n\u00e9cessaires. \u00bb<br \/>\nLes variables de ce sc\u00e9nario tiennent au score r\u00e9el que r\u00e9alisera la RN, majorit\u00e9 absolue ou relative \u00e0 la chambre.  En cas de majorit\u00e9 absolue on pourrait d\u00e9boucher sur une crise politique majeure, des troubles sociaux que Macron prendrait \u00e0 pr\u00e9texte pour s\u2019emparer des pleins pouvoirs au titre d\u2019abord de l\u2019article 16 de la constitution et qu\u2019il pourrait ensuite sous pr\u00e9texte d\u2019\u00e9tat de guerre proroger en dictature de dur\u00e9e ind\u00e9termin\u00e9e. En cas de majorit\u00e9 relative du RN, s\u2019est probablement la strat\u00e9gie de l\u2019Union sacr\u00e9e qui serai favoris\u00e9e pour bloquer l\u2019action gouvernementale<br \/>\nDans tous les cas une nouvelle trahison de la volont\u00e9 populaire qui voulait en profiter pour se d\u00e9barrasser de Macron, et au bout du compte une nouvelle progression \u00e9lectorale du RN qui le portera inexorablement en 2027, \u00e0 la Pr\u00e9sidence de la R\u00e9publique.<br \/>\nMais, mais peut-\u00eatre, en juillet ao\u00fbt 2024 ou en avril 2027, la d\u00e9mocratie fran\u00e7aise \u00bb sera -t-elle sauv\u00e9e de l\u2019agression \u00ab fasciste du RN \u00bb par le coup d\u2019Etat du dictateur d\u00e9mocrate Emmanuel Macron 1er<br \/>\nPatrick Seignon. \u00ab lavoiedessansvoix.fr \u00bb Samedi 29 juin 2024.<\/p>\n","protected":false},"excerpt":{"rendered":"<p>AUX URNES CITOYENS Vous allez mettre demain votre petite enveloppe dans l\u2019urne. Des millions d\u2019enveloppes semblables, dont il sortira quoi [&hellip;]<\/p>\n","protected":false},"author":1,"featured_media":3956,"comment_status":"open","ping_status":"open","sticky":false,"template":"","format":"standard","meta":{"sfsi_plus_gutenberg_text_before_share":"","sfsi_plus_gutenberg_show_text_before_share":"","sfsi_plus_gutenberg_icon_type":"","sfsi_plus_gutenberg_icon_alignemt":"","sfsi_plus_gutenburg_max_per_row":"","site-sidebar-layout":"default","site-content-layout":"","ast-site-content-layout":"default","site-content-style":"default","site-sidebar-style":"default","ast-global-header-display":"","ast-banner-title-visibility":"","ast-main-header-display":"","ast-hfb-above-header-display":"","ast-hfb-below-header-display":"","ast-hfb-mobile-header-display":"","site-post-title":"","ast-breadcrumbs-content":"","ast-featured-img":"","footer-sml-layout":"","ast-disable-related-posts":"","theme-transparent-header-meta":"","adv-header-id-meta":"","stick-header-meta":"","header-above-stick-meta":"","header-main-stick-meta":"","header-below-stick-meta":"","astra-migrate-meta-layouts":"default","ast-page-background-enabled":"default","ast-page-background-meta":{"desktop":{"background-color":"var(--ast-global-color-4)","background-image":"","background-repeat":"repeat","background-position":"center center","background-size":"auto","background-attachment":"scroll","background-type":"","background-media":"","overlay-type":"","overlay-color":"","overlay-opacity":"","overlay-gradient":""},"tablet":{"background-color":"","background-image":"","background-repeat":"repeat","background-position":"center center","background-size":"auto","background-attachment":"scroll","background-type":"","background-media":"","overlay-type":"","overlay-color":"","overlay-opacity":"","overlay-gradient":""},"mobile":{"background-color":"","background-image":"","background-repeat":"repeat","background-position":"center center","background-size":"auto","background-attachment":"scroll","background-type":"","background-media":"","overlay-type":"","overlay-color":"","overlay-opacity":"","overlay-gradient":""}},"ast-content-background-meta":{"desktop":{"background-color":"var(--ast-global-color-5)","background-image":"","background-repeat":"repeat","background-position":"center center","background-size":"auto","background-attachment":"scroll","background-type":"","background-media":"","overlay-type":"","overlay-color":"","overlay-opacity":"","overlay-gradient":""},"tablet":{"background-color":"var(--ast-global-color-5)","background-image":"","background-repeat":"repeat","background-position":"center center","background-size":"auto","background-attachment":"scroll","background-type":"","background-media":"","overlay-type":"","overlay-color":"","overlay-opacity":"","overlay-gradient":""},"mobile":{"background-color":"var(--ast-global-color-5)","background-image":"","background-repeat":"repeat","background-position":"center center","background-size":"auto","background-attachment":"scroll","background-type":"","background-media":"","overlay-type":"","overlay-color":"","overlay-opacity":"","overlay-gradient":""}},"footnotes":""},"categories":[16],"tags":[],"class_list":["post-379","post","type-post","status-publish","format-standard","has-post-thumbnail","hentry","category-archives-cms"],"_links":{"self":[{"href":"https:\/\/lavoiedessansvoix.fr\/lavoie\/wp-json\/wp\/v2\/posts\/379","targetHints":{"allow":["GET"]}}],"collection":[{"href":"https:\/\/lavoiedessansvoix.fr\/lavoie\/wp-json\/wp\/v2\/posts"}],"about":[{"href":"https:\/\/lavoiedessansvoix.fr\/lavoie\/wp-json\/wp\/v2\/types\/post"}],"author":[{"embeddable":true,"href":"https:\/\/lavoiedessansvoix.fr\/lavoie\/wp-json\/wp\/v2\/users\/1"}],"replies":[{"embeddable":true,"href":"https:\/\/lavoiedessansvoix.fr\/lavoie\/wp-json\/wp\/v2\/comments?post=379"}],"version-history":[{"count":3,"href":"https:\/\/lavoiedessansvoix.fr\/lavoie\/wp-json\/wp\/v2\/posts\/379\/revisions"}],"predecessor-version":[{"id":2777,"href":"https:\/\/lavoiedessansvoix.fr\/lavoie\/wp-json\/wp\/v2\/posts\/379\/revisions\/2777"}],"wp:featuredmedia":[{"embeddable":true,"href":"https:\/\/lavoiedessansvoix.fr\/lavoie\/wp-json\/wp\/v2\/media\/3956"}],"wp:attachment":[{"href":"https:\/\/lavoiedessansvoix.fr\/lavoie\/wp-json\/wp\/v2\/media?parent=379"}],"wp:term":[{"taxonomy":"category","embeddable":true,"href":"https:\/\/lavoiedessansvoix.fr\/lavoie\/wp-json\/wp\/v2\/categories?post=379"},{"taxonomy":"post_tag","embeddable":true,"href":"https:\/\/lavoiedessansvoix.fr\/lavoie\/wp-json\/wp\/v2\/tags?post=379"}],"curies":[{"name":"wp","href":"https:\/\/api.w.org\/{rel}","templated":true}]}}