{"id":377,"date":"2024-07-02T03:18:00","date_gmt":"2024-07-02T01:18:00","guid":{"rendered":"https:\/\/lavoiedessansvoix.fr\/lavoie\/2024\/07\/02\/archive-la-grande-felonie-ou-l-ephemere-destin-politique-du-quot-nouveau-front-populaire\/"},"modified":"2026-04-26T20:21:24","modified_gmt":"2026-04-26T18:21:24","slug":"archive-la-grande-felonie-ou-l-ephemere-destin-politique-du-quot-nouveau-front-populaire","status":"publish","type":"post","link":"https:\/\/lavoiedessansvoix.fr\/lavoie\/2024\/07\/02\/archive-la-grande-felonie-ou-l-ephemere-destin-politique-du-quot-nouveau-front-populaire\/","title":{"rendered":"LA GRANDE F\u00c9LONIE ou : l&rsquo;\u00e9ph\u00e9m\u00e8re destin politique du &quot;Nouveau front Populaire&quot;"},"content":{"rendered":"<p>LA GRANDE F\u00c9LONIE<br \/>\nou : l&rsquo;\u00e9ph\u00e9m\u00e8re destin politique du \u00ab\u00a0Nouveau front Populaire\u00a0\u00bb<br \/>\nJ\u2019ai tenu a publier hier matin de bonne heure un premier article de Bilan de la journ\u00e9e \u00e9lectorale de la veille \u00e0 propos de l\u2019humiliation de Fabien Roussel. Tout un symbole.<br \/>\nJe concluais celui-ci de la sorte : \u00ab C\u2019est cela, c\u2019est sa trahison que les \u00e9lecteurs du nord ont lourdement fait payer \u00e0 Fabien Roussel. Tenez-vous-le pour dit messieurs \u00ab les politiques \u00bb, il ne faut pas prendre les \u00e9lecteurs pour des canards sauvages. \u00bb<br \/>\nCar oui c\u2019est ce qui adviendra de tous ces autres politicailleurs \u00ab de gauche \u00bb s\u2019ils persistent dans la voie de la trahison des int\u00e9r\u00eats populaires.. Le m\u00eame sort leur est promis \u00e0 eux qui se sont pr\u00e9cipit\u00e9s au soir m\u00eame du scrutin pour appeler aux soutiens et d\u00e9sistements \u00ab r\u00e9publicain \u00bb au pr\u00e9texte de faire barrage au RN. Cela signifie la volont\u00e9 de sauver le mandat Pr\u00e9sidentiel de Macron, permettre \u00e0 celui-ci de garder la main.<br \/>\nSoyons clairs. Par ces prises de positions unanimes des \u00ab\u00a0leaders\u00a0\u00bb de gauche, c&rsquo;est donc \u00ab\u00a0Le front R\u00e9publicain\u00a0\u00bb qui a \u00e9t\u00e9 fond\u00e9 de facto et il efface n\u00e9cessairement \u00ab\u00a0le Front populaire\u00a0\u00bb. N\u00e9 le 10. le \u00ab\u00a0Nouveau Front Populaire\u00a0\u00bb est donc mort le dimanche 30 juin apr\u00e8s 20 jours d&rsquo;existence seulement. Oh, je sais, certains en maintiendront le sigle le plus longtemps qu&rsquo;ils pourront, afin de faire illusion, de s&rsquo;illusionner surtout eux m\u00eames. Mais il ne s&rsquo;agira plus, comme le fut la \u00ab\u00a0NUPES\u00a0\u00bb que d&rsquo;une coquille vide. Le NFP est bien mort dimanche soir 30 juin.<br \/>\nDans le contrat de l\u00e9gislature, cens\u00e9 \u00eatre la profession de foi des parties coagul\u00e9es dans le \u00ab Nouveau Front Populaire \u00bb ainsi qu\u2019ils l\u2019avaient baptis\u00e9, \u00e9tait \u00e9crit : \u00ab Une seule priorit\u00e9 pour le gouvernement du Nouveau Front Populaire d\u00e8s son installation : r\u00e9pondre aux urgences qui ab\u00eement la vie et la confiance du peuple fran\u00e7ais. Nous en finirons avec la brutalisation et la maltraitance des ann\u00e9es Macron. \u00bb.<br \/>\n\u00ab En finir avec la brutalisation et la maltraitance des ann\u00e9es Macron. \u00bb Les mots sont forts. Et voil\u00e0 qu\u2019au soir m\u00eame du premier tour de scrutin, les m\u00eames nous disent qu\u2019ils vont faire bloc avec la brute et le maltraitant. Pouvait-on imaginer une pire sc\u00e9l\u00e9ratesse de la part des acteurs de cette \u00ab union des gauches \u00bb ? Pouvait-on concevoir une pire d\u00e9convenue pour ceux qui se sont enthousiasm\u00e9s en toute sinc\u00e9rit\u00e9 pour les promesses d\u2019une \u00ab unit\u00e9 \u00bb retrouv\u00e9 et la r\u00e9f\u00e9rence, mal fond\u00e9, \u00e0 une page d\u2019Histoire r\u00e9volue.<br \/>\nLe contrat de l\u00e9gislature du NFP, pas m\u00eame une profession de foi mais plut\u00f4t \u00ab profession de mauvaise foi \u00bb. Le NFP lui-m\u00eame, non pas nouveau front populaire mais une \u00ab Nouvelle F\u00e9lonie Politique \u00bb.<br \/>\nC\u2019est ce qui en restera dans la conscience populaire.<br \/>\nJ\u2019avais, tout expr\u00e8s, pour prendre date, post\u00e9 dimanche, dans les colonnes de mon blog \u00ab La voie des sans voix \u00bb, un article intitul\u00e9 aux urnes citoyens \u00bb dans lequel j\u2019expliquais pourquoi l\u2019Hyst\u00e9rie anti RN de \u00ab La gauche \u00bb conduirait immanquablement \u00e0 la trahison des int\u00e9r\u00eats populaires et sa collusion avec le pouvoir en place., Et je concluais celui-ci ainsi :  \u00ab Dans tous les cas une nouvelle trahison de la volont\u00e9 populaire qui voulait en profiter pour se d\u00e9barrasser de Macron, et au bout du compte une nouvelle progression \u00e9lectorale du RN qui le portera inexorablement en 2027, \u00e0 la Pr\u00e9sidence de la R\u00e9publique. \u00bb<br \/>\nLa politique d\u00e9bile de \u00ab la gauche \u00bb \u00e0 l\u2019endroit du RN, qui la conduit immenquablement \u00e0 toutes les trahisons et \u00e0 tous les reniements, est en effet sans aucun doute le meilleur \u00ab booster \u00bb historique de la progression \u00e9lectorale de l\u2019extr\u00eame droite..Patrick Seignon. \u00ab lavoiedessansvoix.fr \u00bb. Mardi 2 juillet 2024.<br \/>\nPS) (Mardi 2 juillet 14 H 03).  Ca y est, vous avez vu, ce n&rsquo;est d\u00e9j\u00e0 plus le front populaire, c&rsquo;est \u00ab\u00a0le front d\u00e9mocratique\u00a0\u00bb. Le mariage de la carpe et du lapin. l&rsquo;abandon des revendication populaires, des crit\u00e8res de classe, pour un pr\u00e9tendu int\u00e9r\u00eat commun entre bourgeois et prol\u00e9taires. Ce qui restait de la gauche Fran\u00e7aise sombre dans l&rsquo;ignominie.<\/p>\n","protected":false},"excerpt":{"rendered":"<p>LA GRANDE F\u00c9LONIE ou : l&rsquo;\u00e9ph\u00e9m\u00e8re destin politique du \u00ab\u00a0Nouveau front Populaire\u00a0\u00bb J\u2019ai tenu a publier hier matin de bonne [&hellip;]<\/p>\n","protected":false},"author":1,"featured_media":3954,"comment_status":"open","ping_status":"open","sticky":false,"template":"","format":"standard","meta":{"sfsi_plus_gutenberg_text_before_share":"","sfsi_plus_gutenberg_show_text_before_share":"","sfsi_plus_gutenberg_icon_type":"","sfsi_plus_gutenberg_icon_alignemt":"","sfsi_plus_gutenburg_max_per_row":"","site-sidebar-layout":"default","site-content-layout":"","ast-site-content-layout":"default","site-content-style":"default","site-sidebar-style":"default","ast-global-header-display":"","ast-banner-title-visibility":"","ast-main-header-display":"","ast-hfb-above-header-display":"","ast-hfb-below-header-display":"","ast-hfb-mobile-header-display":"","site-post-title":"","ast-breadcrumbs-content":"","ast-featured-img":"","footer-sml-layout":"","ast-disable-related-posts":"","theme-transparent-header-meta":"","adv-header-id-meta":"","stick-header-meta":"","header-above-stick-meta":"","header-main-stick-meta":"","header-below-stick-meta":"","astra-migrate-meta-layouts":"default","ast-page-background-enabled":"default","ast-page-background-meta":{"desktop":{"background-color":"var(--ast-global-color-4)","background-image":"","background-repeat":"repeat","background-position":"center center","background-size":"auto","background-attachment":"scroll","background-type":"","background-media":"","overlay-type":"","overlay-color":"","overlay-opacity":"","overlay-gradient":""},"tablet":{"background-color":"","background-image":"","background-repeat":"repeat","background-position":"center center","background-size":"auto","background-attachment":"scroll","background-type":"","background-media":"","overlay-type":"","overlay-color":"","overlay-opacity":"","overlay-gradient":""},"mobile":{"background-color":"","background-image":"","background-repeat":"repeat","background-position":"center center","background-size":"auto","background-attachment":"scroll","background-type":"","background-media":"","overlay-type":"","overlay-color":"","overlay-opacity":"","overlay-gradient":""}},"ast-content-background-meta":{"desktop":{"background-color":"var(--ast-global-color-5)","background-image":"","background-repeat":"repeat","background-position":"center center","background-size":"auto","background-attachment":"scroll","background-type":"","background-media":"","overlay-type":"","overlay-color":"","overlay-opacity":"","overlay-gradient":""},"tablet":{"background-color":"var(--ast-global-color-5)","background-image":"","background-repeat":"repeat","background-position":"center center","background-size":"auto","background-attachment":"scroll","background-type":"","background-media":"","overlay-type":"","overlay-color":"","overlay-opacity":"","overlay-gradient":""},"mobile":{"background-color":"var(--ast-global-color-5)","background-image":"","background-repeat":"repeat","background-position":"center center","background-size":"auto","background-attachment":"scroll","background-type":"","background-media":"","overlay-type":"","overlay-color":"","overlay-opacity":"","overlay-gradient":""}},"footnotes":""},"categories":[16],"tags":[],"class_list":["post-377","post","type-post","status-publish","format-standard","has-post-thumbnail","hentry","category-archives-cms"],"_links":{"self":[{"href":"https:\/\/lavoiedessansvoix.fr\/lavoie\/wp-json\/wp\/v2\/posts\/377","targetHints":{"allow":["GET"]}}],"collection":[{"href":"https:\/\/lavoiedessansvoix.fr\/lavoie\/wp-json\/wp\/v2\/posts"}],"about":[{"href":"https:\/\/lavoiedessansvoix.fr\/lavoie\/wp-json\/wp\/v2\/types\/post"}],"author":[{"embeddable":true,"href":"https:\/\/lavoiedessansvoix.fr\/lavoie\/wp-json\/wp\/v2\/users\/1"}],"replies":[{"embeddable":true,"href":"https:\/\/lavoiedessansvoix.fr\/lavoie\/wp-json\/wp\/v2\/comments?post=377"}],"version-history":[{"count":3,"href":"https:\/\/lavoiedessansvoix.fr\/lavoie\/wp-json\/wp\/v2\/posts\/377\/revisions"}],"predecessor-version":[{"id":2773,"href":"https:\/\/lavoiedessansvoix.fr\/lavoie\/wp-json\/wp\/v2\/posts\/377\/revisions\/2773"}],"wp:featuredmedia":[{"embeddable":true,"href":"https:\/\/lavoiedessansvoix.fr\/lavoie\/wp-json\/wp\/v2\/media\/3954"}],"wp:attachment":[{"href":"https:\/\/lavoiedessansvoix.fr\/lavoie\/wp-json\/wp\/v2\/media?parent=377"}],"wp:term":[{"taxonomy":"category","embeddable":true,"href":"https:\/\/lavoiedessansvoix.fr\/lavoie\/wp-json\/wp\/v2\/categories?post=377"},{"taxonomy":"post_tag","embeddable":true,"href":"https:\/\/lavoiedessansvoix.fr\/lavoie\/wp-json\/wp\/v2\/tags?post=377"}],"curies":[{"name":"wp","href":"https:\/\/api.w.org\/{rel}","templated":true}]}}