{"id":376,"date":"2024-07-04T02:43:00","date_gmt":"2024-07-04T00:43:00","guid":{"rendered":"https:\/\/lavoiedessansvoix.fr\/lavoie\/2024\/07\/04\/archive-plaidoyer-pour-l-elegance\/"},"modified":"2026-04-26T20:21:16","modified_gmt":"2026-04-26T18:21:16","slug":"archive-plaidoyer-pour-l-elegance","status":"publish","type":"post","link":"https:\/\/lavoiedessansvoix.fr\/lavoie\/2024\/07\/04\/archive-plaidoyer-pour-l-elegance\/","title":{"rendered":"PLAIDOYER POUR L\u2019ELEGANCE"},"content":{"rendered":"<p>PLAIDOYER POUR L\u2019ELEGANCE<\/p>\n<p>Je suis outr\u00e9 par la tournure du d\u00e9bat po\u2026 Non ! \u00ab apolitique \u00bb qui agite de Landernau. Comment peut-on se permettre d\u2019\u00eatre aussi vulgaire, aussi scabreux, aussi creux, aussi insultant, aussi faux ? L\u2019invective, le raccourci et l\u2019injure, sont devenus les seules lames pol\u00e9miques que des bretteurs incultes s\u2019exercent \u00e0 manipuler<br \/>\nAlors, hier, glissant au fil du Facebook j\u2019ai trouv\u00e9 ce post : \u00ab Je comprenais pas (passons la n\u00e9gation estropi\u00e9e \u00bbPS) comment en 1940, ils avaient r\u00e9ussi \u00e0 avoir autant de collabos\u2026.Maintenant, j\u2019ai compris !!! \u00bb.Celui-ci m\u2019a inspir\u00e9 le commentaire que voici r\u00e9dig\u00e9 d\u2019un seul \u00e9lan en moins de cinq minutes. Je vous le livre. Il est d\u2019une intensit\u00e9 et d\u2019une profondeur que n\u2019atteindront jamais les \u00ab prouts \u00bb inf\u00e2mes des pi\u00e8tres pol\u00e9mistes qui s\u2019\u00e9talent en absurdit\u00e9s.<br \/>\nLe voil\u00e0 :<br \/>\n\u00ab Sauf le respect que je vous dois, permettez-moi P\u2026 de vous dire ,que ce sont pr\u00e9cis\u00e9ment ces calques, que vous et beaucoup d&rsquo;autres font, des situations ant\u00e9rieures sur les situations pr\u00e9sentes, qui prouvent que vous ne connaissez pas ou n&rsquo;avez rien compris \u00e0 l&rsquo;Histoire et que vous vous mettez de la sorte en \u00e9tat de ne rien comprendre aux situations pr\u00e9sentes.<br \/>\nEn 1940 l&rsquo;offensive Allemande \u00e0 l&rsquo;ouest avait eu lieu, elle s&rsquo;\u00e9tait sold\u00e9e par la \u00ab\u00a0d\u00e9b\u00e2cle\u00a0\u00bb de l&rsquo;arm\u00e9e fran\u00e7aise, organis\u00e9e par les classes dirigeantes de notre pays qui pr\u00e9f\u00e9raient Hitler au \u00ab\u00a0Front Populaire\u00a0\u00bb (le vrai). La moiti\u00e9 de la France \u00e9tait occup\u00e9 et l&rsquo;autre administr\u00e9 par \u00ab\u00a0l&rsquo;\u00e9tat Fran\u00e7ais\u00a0\u00bb, gouvernement de Vichy sous l&rsquo;autorit\u00e9 du Mar\u00e9chal P\u00e9tain tenu pour \u00ab\u00a0un h\u00e9ros de la grande guerre\u00a0\u00bb. La r\u00e9sistance int\u00e9rieure n&rsquo;en \u00e9tait qu&rsquo;\u00e0 ses balbutiements et l&rsquo;Appel du G\u00e9n\u00e9ral De Gaulle \u00e9tait inconnu de la grande majorit\u00e9 des fran\u00e7ais.<br \/>\nAlors, dans ce contexte, grand donneur de le\u00e7on celui qui juge nos ascendants plus de 80 ans apr\u00e8s.<br \/>\nAujourd&rsquo;hui la France est libre, bien que les fran\u00e7ais ne le soit pas. Nous assistons \u00e0 un processus \u00e9lectoral d\u00e9mocratique auquel contribuent des partis politiques tous aussi l\u00e9gaux, donc r\u00e9publicains, les uns que les autres. Certes, on a le droit d&rsquo;\u00eatre politiquement oppos\u00e9 \u00e0 l&rsquo;extr\u00eame droite, je le suis, et de pr\u00e9f\u00e9rer qu&rsquo;elle n&rsquo;acc\u00e8de pas au pouvoir. Mais la grande majorit\u00e9 des \u00e9lecteurs qui ont et vont voter \u00ab\u00a0RN\u00a0\u00bb, ne sont pas \u00ab\u00a0des collabos\u00a0\u00bb, ce sont des fran\u00e7ais qui souffrent de la mis\u00e8re que Macron certes n&rsquo;a pas invent\u00e9 mais qu&rsquo;il a sans nul doute largement contribu\u00e9 \u00e0 accro\u00eetre. Des fran\u00e7ais qui souffrent de la corruption des \u00ab\u00a0\u00e9lites\u00a0\u00bb de l&rsquo;in\u00e9galit\u00e9 des revenus, d&rsquo;une politique \u00e9cologiste malthusienne, du ch\u00f4mage, du d\u00e9labrement des m\u0153urs, de la liquidation des services publics, de la d\u00e9gradation de la couverture sociale, des trahisons et compromissions successives de \u00ab\u00a0la gauche\u00a0\u00bb depuis 40 ans<br \/>\nCollabos ? Vous voudriez je suppose les convaincre que pour se sortir de ce gu\u00eapier le vote RN n&rsquo;est pas un bon plan. Croyez-vous que s&rsquo;est en les m\u00e9prisant et les insultants que vous y parviendrez ?<br \/>\nP. S.<br \/>\nConclusion :Le combat politique m\u00eame le plus acerbe ne dispense pas de la civilit\u00e9 et de l\u2019\u00e9l\u00e9gance. Ceux qui se laissent aller \u00e0 la grossi\u00e8ret\u00e9 sont ceux qui ont quelque chose \u00e0 cacher aux autres ou \u00e0 se cacher \u00e0 soi-m\u00eame. Les dirigeants politiques de \u00ab la gauche \u00bb qui doivent dissimuler leur trahison du peuple (car tel est le front r\u00e9publicain qui se dessine) sous un langage faussement radical. Les militants qui ont besoin d\u2019occulter par des exc\u00e8s de langage la tromperie dont ils sont \u00e0 la fois les acteurs et les victimes.<br \/>\nPatrick Seignon. \u00ab lavoiedessansvoix.fr \u00bb Mercredi 3 juillet 2024.<br \/>\nUne vid\u00e9o fort \u00e9difiante de Pierre-Yves Rougeyron. (lien ci-dessous).<\/p>\n<div class=\"ast-oembed-container \" style=\"height: 100%;\"><iframe loading=\"lazy\" title=\"L\u00e9gislatives : la Macronie dans le couloir de la mort ? \u2013 entretien avec Pierre-Yves Rougeyron\" width=\"500\" height=\"281\" src=\"https:\/\/www.youtube.com\/embed\/a1ZHxoAcnfA?feature=oembed\" frameborder=\"0\" allow=\"accelerometer; autoplay; clipboard-write; encrypted-media; gyroscope; picture-in-picture; web-share\" referrerpolicy=\"strict-origin-when-cross-origin\" allowfullscreen><\/iframe><\/div>\n","protected":false},"excerpt":{"rendered":"<p>PLAIDOYER POUR L\u2019ELEGANCE Je suis outr\u00e9 par la tournure du d\u00e9bat po\u2026 Non ! \u00ab apolitique \u00bb qui agite de [&hellip;]<\/p>\n","protected":false},"author":1,"featured_media":3953,"comment_status":"open","ping_status":"open","sticky":false,"template":"","format":"standard","meta":{"sfsi_plus_gutenberg_text_before_share":"","sfsi_plus_gutenberg_show_text_before_share":"","sfsi_plus_gutenberg_icon_type":"","sfsi_plus_gutenberg_icon_alignemt":"","sfsi_plus_gutenburg_max_per_row":"","site-sidebar-layout":"default","site-content-layout":"","ast-site-content-layout":"default","site-content-style":"default","site-sidebar-style":"default","ast-global-header-display":"","ast-banner-title-visibility":"","ast-main-header-display":"","ast-hfb-above-header-display":"","ast-hfb-below-header-display":"","ast-hfb-mobile-header-display":"","site-post-title":"","ast-breadcrumbs-content":"","ast-featured-img":"","footer-sml-layout":"","ast-disable-related-posts":"","theme-transparent-header-meta":"","adv-header-id-meta":"","stick-header-meta":"","header-above-stick-meta":"","header-main-stick-meta":"","header-below-stick-meta":"","astra-migrate-meta-layouts":"default","ast-page-background-enabled":"default","ast-page-background-meta":{"desktop":{"background-color":"var(--ast-global-color-4)","background-image":"","background-repeat":"repeat","background-position":"center center","background-size":"auto","background-attachment":"scroll","background-type":"","background-media":"","overlay-type":"","overlay-color":"","overlay-opacity":"","overlay-gradient":""},"tablet":{"background-color":"","background-image":"","background-repeat":"repeat","background-position":"center center","background-size":"auto","background-attachment":"scroll","background-type":"","background-media":"","overlay-type":"","overlay-color":"","overlay-opacity":"","overlay-gradient":""},"mobile":{"background-color":"","background-image":"","background-repeat":"repeat","background-position":"center center","background-size":"auto","background-attachment":"scroll","background-type":"","background-media":"","overlay-type":"","overlay-color":"","overlay-opacity":"","overlay-gradient":""}},"ast-content-background-meta":{"desktop":{"background-color":"var(--ast-global-color-5)","background-image":"","background-repeat":"repeat","background-position":"center center","background-size":"auto","background-attachment":"scroll","background-type":"","background-media":"","overlay-type":"","overlay-color":"","overlay-opacity":"","overlay-gradient":""},"tablet":{"background-color":"var(--ast-global-color-5)","background-image":"","background-repeat":"repeat","background-position":"center center","background-size":"auto","background-attachment":"scroll","background-type":"","background-media":"","overlay-type":"","overlay-color":"","overlay-opacity":"","overlay-gradient":""},"mobile":{"background-color":"var(--ast-global-color-5)","background-image":"","background-repeat":"repeat","background-position":"center center","background-size":"auto","background-attachment":"scroll","background-type":"","background-media":"","overlay-type":"","overlay-color":"","overlay-opacity":"","overlay-gradient":""}},"footnotes":""},"categories":[16],"tags":[],"class_list":["post-376","post","type-post","status-publish","format-standard","has-post-thumbnail","hentry","category-archives-cms"],"_links":{"self":[{"href":"https:\/\/lavoiedessansvoix.fr\/lavoie\/wp-json\/wp\/v2\/posts\/376","targetHints":{"allow":["GET"]}}],"collection":[{"href":"https:\/\/lavoiedessansvoix.fr\/lavoie\/wp-json\/wp\/v2\/posts"}],"about":[{"href":"https:\/\/lavoiedessansvoix.fr\/lavoie\/wp-json\/wp\/v2\/types\/post"}],"author":[{"embeddable":true,"href":"https:\/\/lavoiedessansvoix.fr\/lavoie\/wp-json\/wp\/v2\/users\/1"}],"replies":[{"embeddable":true,"href":"https:\/\/lavoiedessansvoix.fr\/lavoie\/wp-json\/wp\/v2\/comments?post=376"}],"version-history":[{"count":3,"href":"https:\/\/lavoiedessansvoix.fr\/lavoie\/wp-json\/wp\/v2\/posts\/376\/revisions"}],"predecessor-version":[{"id":2771,"href":"https:\/\/lavoiedessansvoix.fr\/lavoie\/wp-json\/wp\/v2\/posts\/376\/revisions\/2771"}],"wp:featuredmedia":[{"embeddable":true,"href":"https:\/\/lavoiedessansvoix.fr\/lavoie\/wp-json\/wp\/v2\/media\/3953"}],"wp:attachment":[{"href":"https:\/\/lavoiedessansvoix.fr\/lavoie\/wp-json\/wp\/v2\/media?parent=376"}],"wp:term":[{"taxonomy":"category","embeddable":true,"href":"https:\/\/lavoiedessansvoix.fr\/lavoie\/wp-json\/wp\/v2\/categories?post=376"},{"taxonomy":"post_tag","embeddable":true,"href":"https:\/\/lavoiedessansvoix.fr\/lavoie\/wp-json\/wp\/v2\/tags?post=376"}],"curies":[{"name":"wp","href":"https:\/\/api.w.org\/{rel}","templated":true}]}}