{"id":374,"date":"2024-07-11T02:46:00","date_gmt":"2024-07-11T00:46:00","guid":{"rendered":"https:\/\/lavoiedessansvoix.fr\/lavoie\/2024\/07\/11\/archive-adresse-a-ceux-qui-m-ont-offense\/"},"modified":"2026-04-26T20:20:56","modified_gmt":"2026-04-26T18:20:56","slug":"archive-adresse-a-ceux-qui-m-ont-offense","status":"publish","type":"post","link":"https:\/\/lavoiedessansvoix.fr\/lavoie\/2024\/07\/11\/archive-adresse-a-ceux-qui-m-ont-offense\/","title":{"rendered":"ADRESSE A CEUX QUI M\u2019ONT OFFENSE"},"content":{"rendered":"<p>ADRESSE A CEUX QUI M\u2019ONT OFFENSE <\/p>\n<p>Cette s\u00e9quence \u00e9lectorale aura agi comme le r\u00e9v\u00e9lateur de la terrible v\u00e9rit\u00e9 d\u2019un tournage de \u00ab life r\u00e9ality \u00bb.<br \/>\nParce que j\u2019ai os\u00e9 prendre \u00e0 revers leurs illusions, parce que j\u2019ai os\u00e9 dire avec quelques jours d\u2019avance l\u2019impasse o\u00f9 conduisait leur politique suicidaire, je me suis ali\u00e9n\u00e9 plusieurs de mes amis.<br \/>\nNon, je ne dirais pas que je m\u2019en moque \u00bb pour me donner avec des airs de forfanterie la force de supporter cette mal\u00e9diction. Je ne m\u2019en moque nullement et je regrette chacun d\u2019eux ou elles. Mais \u00e0 supposer que je me trompe, que j\u2019ai tort, \u00e9tai ce -ce une raison suffisante pour ne rejeter sans m\u00e9nagement, pour ne plus vouloir m\u2019entendre, pour me demander comme l\u2019a fait un d\u2019entre eux de ne plus lui envoyer \u00ab mes torchons \u00bb ?<br \/>\nDes torchons, pensez un peu, mes articles de qualit\u00e9s dont certains pourraient figurer aux cours de science po si ceux-ci n\u2019\u00e9taient pas vou\u00e9s \u00e0 la seule d\u00e9fense du syst\u00e8me. C\u2019est cela le d\u00e9sastre \u00e0 mon sens, ce refus du d\u00e9bat et de la r\u00e9flexion. Ce d\u00e9ni de la raison. J\u2019avais quelques amis que je consid\u00e9rai comme le dessus du panier, pr\u00e9cis\u00e9ment pour ce que je croyais \u00eatre leur libre arbitre, leur sens de la r\u00e9flexion et de la critique, et je me retrouve tout \u00e0 coup avec des butors qui s\u2019enferment dans leurs certitudes, qui se cachent les yeux pour ne point voir et se bouchent les oreilles pour ne point entendre.<br \/>\nNon mes amis ce n&rsquo;est pas vous ces \u00eatres frustres, qui se ferment aux lumi\u00e8res de la raison. Ce n\u2019est pas vous, je r\u00eave. On en fait de singuliers cauchemars sous le r\u00e8gne de notre N\u00e9ron. Non ce n\u2019est pas vraiment vous mais probablement de simples hologrammes peut-\u00eatre ? Vous allez \u00e9chapper \u00e0 la nuit de cet enfermement, Vous allez me revenir \u00e0 nouveau ouverts et intelligents.<br \/>\nJe ne m\u2019en moque pas, mais ni la douleur ni les regrets ne me feront taire. Je sais qu\u2019un jour quand bien m\u00eame vous ne l\u2019avouerez pas, fiert\u00e9 oblige, vous regretterez de ne pas m\u2019avoir pr\u00eat\u00e9 au moins une de vos deux oreilles. Il sera peut-\u00eatre d\u00e9j\u00e0 bien tard et cela ne servira plus \u00e0 rien qu\u2019\u00e0 insinuer un rayon de tristesse suppl\u00e9mentaire dans mon c\u0153ur calcin\u00e9. Mais qu\u2019importe, je me tordrais les doigts, je raclerai des dents, je me mordrais les l\u00e8vres, mais je ne c\u00e9derais rien, car c\u2019est mon droit le plus absolu d\u2019avoir des id\u00e9es et de les d\u00e9fendre et se devrait-\u00eatre votre devoir \u00e0 d\u00e9faut de les partager au moins de ne pas refuser de les entendre.<br \/>\nO\u00f9 donc est la libert\u00e9 de conscience, d\u2019expression, d\u2019opinion si chaque fois que vous formulez une id\u00e9e diff\u00e9rente, un d\u00e9saccord, on vous renvoi avec brutalit\u00e9 dans les cordes de la raison (que dis-je, de la d\u00e9raison): \u00ab facho, poutiniste, trumpiste, antivax, complotiste, R hainiste, transphobe, etc.<br \/>\nJe conteste la strat\u00e9gie (mais peut-on appeler strat\u00e9gie la r\u00e9action du l\u00e9vrier qui s\u2019\u00e9lance derri\u00e8re un leurre ?) suicidaire qui ne peut conduire qu\u2019\u00e0 se compromettre une nouvelle fois avec Macron et donc \u00e0 trahir les int\u00e9r\u00eats de classe des travailleurs et des couches populaires, et me voil\u00e0 sit\u00f4t \u00ab alli\u00e9 de Le Pen \u00bb (facho\u2026.)<br \/>\nJe soul\u00e8ve un probl\u00e8me d\u2019\u00e9thique humaine et m\u00e9dicale, celui du \u2018transgenrisme \u00bb et un camarade que je tenais pour quelqu\u2019un d\u2019ouvert et d\u2019intelligent, me pr\u00e9cipite aussit\u00f4t dans les enfers de Dante, me voil\u00e0 d\u00e9j\u00e0 SS, gardien de camps pour Juifs, communistes, tziganes, homosexuels, et mise \u00e0 jour moderne, \u00ab transgenre \u00bb.<br \/>\nY a-t-il donc des probl\u00e8mes soci\u00e9taux dont il serait interdit de d\u00e9battre ?<br \/>\nNon camarades, vous ne vous grandissez pas de la sorte.<br \/>\nOui camarade par cette attitude de rejet d\u2019autrui, d\u2019incapacit\u00e9 \u00e0 entendre l\u2019autre, vous actez votre faillite et validez la trajectoire qui vous destine, si vous ne la corrigez pas, aux oubliettes de l\u2019Histoire ?<br \/>\nPeut-\u00eatre partirais-je prochainement, triste et frustr\u00e9, au nombre de ceux \u00e0 qui l\u2019Histoire a refus\u00e9 de rendre raison. Mais je partirais fier de ma constance et de ma coh\u00e9rence, m\u00eame si cela ne sert plus \u00e0 rien, et s\u00fbr que la v\u00e9rit\u00e9 enfin sortie du puit r\u00e9gnera un jour sur la terre. Qu\u2019importe alors si le grain de sable que je fus, m\u00eal\u00e9 aux milliards d\u2019autres de la dune de l\u2019histoire Humaine, disparaitra de la m\u00e9moire \u00e0 jamais. Il n\u2019en aura pas moins contribu\u00e9 \u00e0 faire tourner la roue.<br \/>\nBien s\u00fbr je vous pardonne, moi le philanthrope qui a appris \u00e0 aimer l\u2019Humanit\u00e9, dans ses grandeurs comme dans ses faiblesses. Et je n\u2019exige pas m\u00eame de vous des actes de contritions. Si je vous tance c\u2019est parce que je vous aime malgr\u00e9 vos petitesses.<br \/>\nLa r\u00e9alit\u00e9 se chargera bient\u00f4t de temp\u00e9rer vos jugements.<br \/>\nPatrick Seignon. \u00ab lavoiedessansvoix.fr \u00bb Mercredi 10 juillet 2024.<\/p>\n","protected":false},"excerpt":{"rendered":"<p>ADRESSE A CEUX QUI M\u2019ONT OFFENSE Cette s\u00e9quence \u00e9lectorale aura agi comme le r\u00e9v\u00e9lateur de la terrible v\u00e9rit\u00e9 d\u2019un tournage [&hellip;]<\/p>\n","protected":false},"author":1,"featured_media":3951,"comment_status":"open","ping_status":"open","sticky":false,"template":"","format":"standard","meta":{"sfsi_plus_gutenberg_text_before_share":"","sfsi_plus_gutenberg_show_text_before_share":"","sfsi_plus_gutenberg_icon_type":"","sfsi_plus_gutenberg_icon_alignemt":"","sfsi_plus_gutenburg_max_per_row":"","site-sidebar-layout":"default","site-content-layout":"","ast-site-content-layout":"default","site-content-style":"default","site-sidebar-style":"default","ast-global-header-display":"","ast-banner-title-visibility":"","ast-main-header-display":"","ast-hfb-above-header-display":"","ast-hfb-below-header-display":"","ast-hfb-mobile-header-display":"","site-post-title":"","ast-breadcrumbs-content":"","ast-featured-img":"","footer-sml-layout":"","ast-disable-related-posts":"","theme-transparent-header-meta":"","adv-header-id-meta":"","stick-header-meta":"","header-above-stick-meta":"","header-main-stick-meta":"","header-below-stick-meta":"","astra-migrate-meta-layouts":"default","ast-page-background-enabled":"default","ast-page-background-meta":{"desktop":{"background-color":"var(--ast-global-color-4)","background-image":"","background-repeat":"repeat","background-position":"center center","background-size":"auto","background-attachment":"scroll","background-type":"","background-media":"","overlay-type":"","overlay-color":"","overlay-opacity":"","overlay-gradient":""},"tablet":{"background-color":"","background-image":"","background-repeat":"repeat","background-position":"center center","background-size":"auto","background-attachment":"scroll","background-type":"","background-media":"","overlay-type":"","overlay-color":"","overlay-opacity":"","overlay-gradient":""},"mobile":{"background-color":"","background-image":"","background-repeat":"repeat","background-position":"center center","background-size":"auto","background-attachment":"scroll","background-type":"","background-media":"","overlay-type":"","overlay-color":"","overlay-opacity":"","overlay-gradient":""}},"ast-content-background-meta":{"desktop":{"background-color":"var(--ast-global-color-5)","background-image":"","background-repeat":"repeat","background-position":"center center","background-size":"auto","background-attachment":"scroll","background-type":"","background-media":"","overlay-type":"","overlay-color":"","overlay-opacity":"","overlay-gradient":""},"tablet":{"background-color":"var(--ast-global-color-5)","background-image":"","background-repeat":"repeat","background-position":"center center","background-size":"auto","background-attachment":"scroll","background-type":"","background-media":"","overlay-type":"","overlay-color":"","overlay-opacity":"","overlay-gradient":""},"mobile":{"background-color":"var(--ast-global-color-5)","background-image":"","background-repeat":"repeat","background-position":"center center","background-size":"auto","background-attachment":"scroll","background-type":"","background-media":"","overlay-type":"","overlay-color":"","overlay-opacity":"","overlay-gradient":""}},"footnotes":""},"categories":[16],"tags":[],"class_list":["post-374","post","type-post","status-publish","format-standard","has-post-thumbnail","hentry","category-archives-cms"],"_links":{"self":[{"href":"https:\/\/lavoiedessansvoix.fr\/lavoie\/wp-json\/wp\/v2\/posts\/374","targetHints":{"allow":["GET"]}}],"collection":[{"href":"https:\/\/lavoiedessansvoix.fr\/lavoie\/wp-json\/wp\/v2\/posts"}],"about":[{"href":"https:\/\/lavoiedessansvoix.fr\/lavoie\/wp-json\/wp\/v2\/types\/post"}],"author":[{"embeddable":true,"href":"https:\/\/lavoiedessansvoix.fr\/lavoie\/wp-json\/wp\/v2\/users\/1"}],"replies":[{"embeddable":true,"href":"https:\/\/lavoiedessansvoix.fr\/lavoie\/wp-json\/wp\/v2\/comments?post=374"}],"version-history":[{"count":3,"href":"https:\/\/lavoiedessansvoix.fr\/lavoie\/wp-json\/wp\/v2\/posts\/374\/revisions"}],"predecessor-version":[{"id":2764,"href":"https:\/\/lavoiedessansvoix.fr\/lavoie\/wp-json\/wp\/v2\/posts\/374\/revisions\/2764"}],"wp:featuredmedia":[{"embeddable":true,"href":"https:\/\/lavoiedessansvoix.fr\/lavoie\/wp-json\/wp\/v2\/media\/3951"}],"wp:attachment":[{"href":"https:\/\/lavoiedessansvoix.fr\/lavoie\/wp-json\/wp\/v2\/media?parent=374"}],"wp:term":[{"taxonomy":"category","embeddable":true,"href":"https:\/\/lavoiedessansvoix.fr\/lavoie\/wp-json\/wp\/v2\/categories?post=374"},{"taxonomy":"post_tag","embeddable":true,"href":"https:\/\/lavoiedessansvoix.fr\/lavoie\/wp-json\/wp\/v2\/tags?post=374"}],"curies":[{"name":"wp","href":"https:\/\/api.w.org\/{rel}","templated":true}]}}