{"id":366,"date":"2024-07-19T17:30:00","date_gmt":"2024-07-19T15:30:00","guid":{"rendered":"https:\/\/lavoiedessansvoix.fr\/lavoie\/2024\/07\/19\/archive-andre-chassaigne-temoigne-de-la-perdition-du-pcf\/"},"modified":"2024-07-19T17:30:00","modified_gmt":"2024-07-19T15:30:00","slug":"archive-andre-chassaigne-temoigne-de-la-perdition-du-pcf","status":"publish","type":"post","link":"https:\/\/lavoiedessansvoix.fr\/lavoie\/2024\/07\/19\/archive-andre-chassaigne-temoigne-de-la-perdition-du-pcf\/","title":{"rendered":"ANDR\u00c9 CHASSAIGNE TEMOIGNE DE LA PERDITION DU PCF."},"content":{"rendered":"<p><strong>&lt;div style=&quot;text-align:center&quot;&gt;ANDR\u00c9 CHASSAIGNE TEMOIGNE DE LA PERDITION DU PCF.<br \/>&lt;\/div&gt;<\/strong><br \/>[JUSTIFIER]Le NFP ; m\u00e9thode Cou\u00e9 oblige, s\u2019\u00e9tait convaincu qu\u2019il \u00e9tait majoritaire \u00e0 l\u2019Assembl\u00e9e Nationale avec ses 182 d\u00e9put\u00e9s sur 577 Le vote d\u2019hier pour la pr\u00e9sidence de l\u2019Assembl\u00e9e (perchoir) devrait en toute logique le rappeler aux dures r\u00e9alit\u00e9s Il n\u2019en sera rien il est vrai. Le d\u00e9ni est une maladie mentale dont il est mal ais\u00e9 de venir \u00e0 bout.<\/p>\n<p>Mais il y a peut-\u00eatre aussi une explication politique \u00e0 leur ent\u00eatement. Ils ont gomm\u00e9 les oppositions politiques \u00ab irr\u00e9ductibles \u00bb entre \u2018droite\u2019 et \u00ab gauche \u00bb pour s\u2019unir dans la grande fraternit\u00e9 ma\u00e7onnique de \u00ab l\u2019arc r\u00e9publicain \u00bb contre le RN r\u00e9put\u00e9 antir\u00e9publicain. Du coup ils s\u2019illusionnent, ils croient voir des \u00ab compagnons \u00bb dans les autres composantes de cet arc. Des amis, li\u00e9s par la solidarit\u00e9 du combat commun comme l\u2019extr\u00eame droite.<\/p>\n<p>Ils ont ainsi oubli\u00e9 tous les fondamentaux, tous les points de rep\u00e8re qui permettent de se positionner en politique.<\/p>\n<p>Ecoutez plut\u00f4t la r\u00e9ac<em>tion, hier soir, du candidat au perchoir du NFP, battu de peu, mais battu tout de m\u00eame, par Ya\u00ebl Braun Pivet candidate macroniste :<br \/>Andr\u00e9 Chasseigne : \u00ab Le vote des Fran\u00e7ais aux \u00e9lections l\u00e9gislatives \u00aba \u00e9t\u00e9 vol\u00e9\u00bb lors de la r\u00e9\u00e9lection \u00e0 la pr\u00e9sidence de l&#39;Assembl\u00e9e nationale de Ya\u00ebl Braun-Pivet par une \u00aballiance contre nature\u00bb entre le camp pr\u00e9sidentiel et la droite<\/em>, \u00bb<br \/>C\u2019est sid\u00e9rant, abracadabrantesque, je dirai m\u00eame lunaire. <\/p>\n<p>Andr\u00e9 Chassaigne est un d\u00e9put\u00e9 communiste r\u00e9\u00e9lu dans le Puy de D\u00f4me depuis 2002. Ce n\u2019est donc pas un jeune \u00e9cervel\u00e9. Il a de \u00ab la bouteille \u00bb et on \u00e9tait en droit de l\u2019esp\u00e9rer, une certaine culture politique. Andr\u00e9 Chassaigne est la grande figure parlementaire de ce parti qui se d\u00e9signait lui-m\u00eame autrefois comme \u00ab le parti de la classe ouvri\u00e8re \u00bb. Et c\u2019\u00e9tait probablement la lettre \u00ab A \u00bb de l\u2019A.B.C. du communisme : si la classe ouvri\u00e8re avait besoin d\u2019\u00eatre repr\u00e9sent\u00e9 par son propre parti c\u2019\u00e9tait pour pouvoir d\u00e9fendre une politique de classe \u00ab ind\u00e9pendante \u00bb.<\/p>\n<p>Or que nous dit Andr\u00e9 Chassaigne ? Que l\u2019alliance \u00ab d\u2019Ensemble \u00bb (LREM) avec la droite est \u00ab une alliance contre nature \u00bb. L\u2019alliance du parti des patrons avec le commis des banques et de la finance est contre nature. C\u2019est dire que Macron ce n\u2019est pas la droite. Depuis 7 ann\u00e9es que ce calamiteux d\u00e9truit tous les acquis sociaux tout le mod\u00e8le social fran\u00e7ais, Andr\u00e9 Chassaigne n\u2019a donc toujours pas r\u00e9alis\u00e9 que cet homme \u00e9tait de droite et de la pire esp\u00e8ce. Cela ne signifierait-il pas au demeurant qu\u2019Andr\u00e9 Chassaigne comptait pour se faire \u00e9lire au perchoir sur le renfort de voix macronistes ?<\/p>\n<p>Jusqu\u2019o\u00f9 va cette alliance \u00ab contre nature \u00bb celle la il va sans dire, du PCF avec la macronie ?<\/p>\n<p>Quand \u00e0 l\u2019affirmation selon laquelle Le vote des Fran\u00e7ais aux \u00e9lections l\u00e9gislatives \u00aba \u00e9t\u00e9 vol\u00e9\u00bb lors de la r\u00e9\u00e9lection \u00e0 la pr\u00e9sidence de l&#39;Assembl\u00e9e nationale, elle est enti\u00e8rement fausse aussi. Certes un hold-up a bien confisqu\u00e9 l\u2019expression de la volont\u00e9 populaire, mais c\u2019\u00e9tait le dimanche 7 juillet quant \u00e0 l\u2019aide des d\u00e9sistements r\u00e9ciproques on a \u00ab resservi Macron aux fran\u00e7ais, dont le vote du premier toure avait prouv\u00e9 que ceux-ci, \u00e0 80 % voulaient se d\u00e9barrasser.<\/p>\n<p>C\u2019est \u00e0 d\u00e9sesp\u00e9rer de cette pr\u00e9tendue gauche et de se pauvre parti communiste qui devrait th\u00e9oriquement en \u00eatre le point d\u2019encrage.<\/p>\n<p>L\u2019ancien parti de la classe ouvri\u00e8re a d\u00e9finitivement perdu ses rep\u00e8res de classe. Le temps n\u2019est-il pas venu d\u2019en refaire un qui lutte v\u00e9ritablement pour les int\u00e9r\u00eats des travailleurs et des couches populaires et ne s\u2019acoquine pas avec leurs propres ennemis ?<br \/>[\/JUSTIFIER]<br \/>Patrick Seignon. \u00ab lavoiedessansvoix ?fr \u00bb. Vendredi 18 juillet 2024 .<\/p>\n","protected":false},"excerpt":{"rendered":"<p>&lt;div style=&quot;text-align:center&quot;&gt;ANDR\u00c9 CHASSAIGNE TEMOIGNE DE LA PERDITION DU PCF.&lt;\/div&gt;[JUSTIFIER]Le NFP ; m\u00e9thode Cou\u00e9 oblige, s\u2019\u00e9tait convaincu qu\u2019il \u00e9tait majoritaire \u00e0 [&hellip;]<\/p>\n","protected":false},"author":1,"featured_media":0,"comment_status":"open","ping_status":"open","sticky":false,"template":"","format":"standard","meta":{"sfsi_plus_gutenberg_text_before_share":"","sfsi_plus_gutenberg_show_text_before_share":"","sfsi_plus_gutenberg_icon_type":"","sfsi_plus_gutenberg_icon_alignemt":"","sfsi_plus_gutenburg_max_per_row":"","site-sidebar-layout":"default","site-content-layout":"","ast-site-content-layout":"default","site-content-style":"default","site-sidebar-style":"default","ast-global-header-display":"","ast-banner-title-visibility":"","ast-main-header-display":"","ast-hfb-above-header-display":"","ast-hfb-below-header-display":"","ast-hfb-mobile-header-display":"","site-post-title":"","ast-breadcrumbs-content":"","ast-featured-img":"","footer-sml-layout":"","ast-disable-related-posts":"","theme-transparent-header-meta":"","adv-header-id-meta":"","stick-header-meta":"","header-above-stick-meta":"","header-main-stick-meta":"","header-below-stick-meta":"","astra-migrate-meta-layouts":"default","ast-page-background-enabled":"default","ast-page-background-meta":{"desktop":{"background-color":"var(--ast-global-color-4)","background-image":"","background-repeat":"repeat","background-position":"center center","background-size":"auto","background-attachment":"scroll","background-type":"","background-media":"","overlay-type":"","overlay-color":"","overlay-opacity":"","overlay-gradient":""},"tablet":{"background-color":"","background-image":"","background-repeat":"repeat","background-position":"center center","background-size":"auto","background-attachment":"scroll","background-type":"","background-media":"","overlay-type":"","overlay-color":"","overlay-opacity":"","overlay-gradient":""},"mobile":{"background-color":"","background-image":"","background-repeat":"repeat","background-position":"center center","background-size":"auto","background-attachment":"scroll","background-type":"","background-media":"","overlay-type":"","overlay-color":"","overlay-opacity":"","overlay-gradient":""}},"ast-content-background-meta":{"desktop":{"background-color":"var(--ast-global-color-5)","background-image":"","background-repeat":"repeat","background-position":"center center","background-size":"auto","background-attachment":"scroll","background-type":"","background-media":"","overlay-type":"","overlay-color":"","overlay-opacity":"","overlay-gradient":""},"tablet":{"background-color":"var(--ast-global-color-5)","background-image":"","background-repeat":"repeat","background-position":"center center","background-size":"auto","background-attachment":"scroll","background-type":"","background-media":"","overlay-type":"","overlay-color":"","overlay-opacity":"","overlay-gradient":""},"mobile":{"background-color":"var(--ast-global-color-5)","background-image":"","background-repeat":"repeat","background-position":"center center","background-size":"auto","background-attachment":"scroll","background-type":"","background-media":"","overlay-type":"","overlay-color":"","overlay-opacity":"","overlay-gradient":""}},"footnotes":""},"categories":[15],"tags":[],"class_list":["post-366","post","type-post","status-publish","format-standard","hentry","category-archives"],"_links":{"self":[{"href":"https:\/\/lavoiedessansvoix.fr\/lavoie\/wp-json\/wp\/v2\/posts\/366","targetHints":{"allow":["GET"]}}],"collection":[{"href":"https:\/\/lavoiedessansvoix.fr\/lavoie\/wp-json\/wp\/v2\/posts"}],"about":[{"href":"https:\/\/lavoiedessansvoix.fr\/lavoie\/wp-json\/wp\/v2\/types\/post"}],"author":[{"embeddable":true,"href":"https:\/\/lavoiedessansvoix.fr\/lavoie\/wp-json\/wp\/v2\/users\/1"}],"replies":[{"embeddable":true,"href":"https:\/\/lavoiedessansvoix.fr\/lavoie\/wp-json\/wp\/v2\/comments?post=366"}],"version-history":[{"count":0,"href":"https:\/\/lavoiedessansvoix.fr\/lavoie\/wp-json\/wp\/v2\/posts\/366\/revisions"}],"wp:attachment":[{"href":"https:\/\/lavoiedessansvoix.fr\/lavoie\/wp-json\/wp\/v2\/media?parent=366"}],"wp:term":[{"taxonomy":"category","embeddable":true,"href":"https:\/\/lavoiedessansvoix.fr\/lavoie\/wp-json\/wp\/v2\/categories?post=366"},{"taxonomy":"post_tag","embeddable":true,"href":"https:\/\/lavoiedessansvoix.fr\/lavoie\/wp-json\/wp\/v2\/tags?post=366"}],"curies":[{"name":"wp","href":"https:\/\/api.w.org\/{rel}","templated":true}]}}