{"id":364,"date":"2024-07-26T11:09:00","date_gmt":"2024-07-26T09:09:00","guid":{"rendered":"https:\/\/lavoiedessansvoix.fr\/lavoie\/2024\/07\/26\/archive-il-ne-le-dit-plus-mais-il-le-fait-il-vous-emmerde\/"},"modified":"2024-07-26T11:09:00","modified_gmt":"2024-07-26T09:09:00","slug":"archive-il-ne-le-dit-plus-mais-il-le-fait-il-vous-emmerde","status":"publish","type":"post","link":"https:\/\/lavoiedessansvoix.fr\/lavoie\/2024\/07\/26\/archive-il-ne-le-dit-plus-mais-il-le-fait-il-vous-emmerde\/","title":{"rendered":"IL NE LE DIT PLUS MAIS IL LE FAIT (Il vous emmerde)"},"content":{"rendered":"<p><strong>&lt;div style=&quot;text-align:center&quot;&gt;IL NE LE DIT PLUS MAIS IL LE FAIT&lt;\/div&gt;<\/strong><br \/><strong>&lt;div style=&quot;text-align:center&quot;&gt;(Il vous emmerde)&lt;\/div&gt;<\/strong><br \/>[JUSTIFIER]Je dis vous. Je parle de ceux qui ont vol\u00e9 \u00e0 son secours lors des derni\u00e8res l\u00e9gislatives et s\u2019agitent et tr\u00e9pignent \u00e0 pr\u00e9sent exigeant d\u2019\u00eatre reconnu comme la \u00ab majorit\u00e9 gouvernementale \u00bb <\/p>\n<p>Il ne le dit plus, c\u2019est mal poli, \u00e7a marque mal, et \u00e7a ne valorise pas son homme ; Mais il le fait, il vous emmerde ; C\u2019est jouissif. Outre le pouvoir lui-m\u00eame avec son faste, ses honneurs et son luxe, quelles motivations, se demande parfois l\u2019homme du commun, l\u2019homme de pouvoir peut-il prendre \u00e0 l\u2019exercice d\u2019une tache somme toute harassante ? Eh bien oui, celui-l\u00e0 pr\u00e9cis\u00e9ment, d\u2019\u00ab emmerder son monde \u00bb ; Et cela convient particuli\u00e8rement bien \u00e0 l\u2019esprit pervers d\u2019un Macron.<\/p>\n<p>Les godillots de l\u2019Assembl\u00e9e n\u2019\u00e9taient pas \u00e0 sa pointure. Il avait le pouvoir de \u00ab dissoudre \u00bb, il en use au plus mauvais moment semble-t-il et au pr\u00e9texte d\u2019une situation qui ne l\u2019exigeait nullement. Les cartes sont rebattues ; Le cordonnier du suffrage universel lui a-t-il taill\u00e9e chaussure \u00e0 son pied ? Nullement. Son propre groupe parlementaire a perdu un tier de ses d\u00e9put\u00e9s, le Rn en a gagn\u00e9 un tier. Mais qu\u2019importe, ce n\u2019est pas \u00e7a l\u2019important. L\u2019Assembl\u00e9e nationale est \u00e9clat\u00e9e en trois blocs, aucun ne d\u00e9tient la majorit\u00e9, aucun ne peut avoir (sauf fanfaronnade) la pr\u00e9tention de gouverner sans compromissions. Alors en ce cas qui est-ce qui jubile, qui arbitre, qui reste ma\u00eetre du jeu ? C\u2019est Manu. Et qu\u2019importe si ces nouveaux godillots ne sont pas mieux ajust\u00e9s que les pr\u00e9c\u00e9dents, il chaussera la vieille paire de bottes de l\u2019autoritarisme que lui sied \u00e0 merveille, \u00ab ordonnances \u00bb  49.3, article 16, etc\u2026<\/p>\n<p>On a gagn\u00e9 ! On a gagn\u00e9 ! s\u2019\u00e9poumonne le Nouveau Front Populaire lequel nous a rebattu les oreilles du raccourci selon lequel la droite et l\u2019extr\u00eame droite c\u2019\u00e9tait pareil, que Macron et Bardella c\u2019\u00e9tait \u00ab Blanc bonnet Bonet blanc \u00bb. On a gagn\u00e9 s\u2019\u00e9poumone donc le NFP ? 7 millions d\u2019\u00e9lecteurs face au RN 11 millions et \u00e0 la droite son alter ego (6 millions.)<\/p>\n<p>Et pendant ce temps le pr\u00e9sident se pr\u00e9lasse, prend son temps. Il emprunte son inspiration \u00e0  Miterrand : \u00ab<em> il faut donner du temps au temps <\/em>\u00bb. La France a un gouvernement technique, pour exp\u00e9dier les \u00ab affaires courantes \u00bb c\u2019est bien suffisant lorsque l\u2019on a un prince omnipotent. Il y a pour l\u2019instant des choses bien plus importantes, baignades dans la Seine, jeux olympiques, pourquoi se presser, on nommera un nouveau gouvernement apr\u00e8s \u00ab les jeux \u00bb, \u00e0 la rentr\u00e9e, ou peut-\u00eatre m\u00eame plus tard encore, pourquoi perturber le retour \u00e0 l\u2019\u00e9cole de nos bambins. Et en d\u00e9finitive, si on se passait de premier Ministre, si le Pr\u00e9sident nommait lui-m\u00eame les membres du cabinet. Apr\u00e8s tout il en est tout \u00e0 fait capable Manu. Ne nous en a-t-il pas d\u00e9j\u00e0 administr\u00e9 la preuve au temps de la s\u00e9quence COVID avec le conseil scientifique et le conseil de d\u00e9fense sanitaire ?<\/p>\n<p>Bon, je l\u2019avoue, je ne sais pas moi-m\u00eame \u00e0 ce stade ce qu\u2019il nous r\u00e9serve, mais il l\u2019a dit hier soir : le NFP n\u2019a pas la majorit\u00e9. C\u2019est selon la constitution le Pr\u00e9sident qui nomme le premier-Ministre ; C\u2019est lui le chef. <\/p>\n<p>Patrick Seignon. \u00ab lavoiedessansvoix.fr \u00bb. mercredi 24 juillet 2024.<\/p>\n<p><strong>(Compl\u00e9ment &#8211; Vendredi 26 juillet 2024, 16 heures 45)<\/strong> Comme revenu chez moi je me proposai de publier cet article, j\u2019apprends, que Macron a d\u00e9j\u00e0 signifi\u00e9 son refus de nommer Lucie Castets au poste de premier Ministre. A quelques heures de la c\u00e9r\u00e9monie d\u2019ouverture des Jeux-Olympiques il aurait tout aussi bien pu s\u2019abstenir, vous laisser mariner encore. Mais cela \u00e0 l\u2019\u00e9vidence ne lui suffisait pas. Il voulait plus, il voulait vous \u00e9nerver <\/p>\n<p>Vous pensiez peut-\u00eatre qu\u2019il vous \u00e9tait redevable du service rendu ce 7 juillet ?. Les maitre ne sont jamais redevables aux domestiques des services que ceux-ci leur rende. Et \u00e7a n\u2019est jamais de la \u00ab consid\u00e9ration \u00bb qu\u2019ils ont en retour, mais au contraire du m\u00e9pris pour leurs valets trop obs\u00e9quieux.[\/JUSTIFIER]<\/p>\n<p>Vous l\u2019avez voulu, vous lui avez sauv\u00e9 la mise, il n\u2019a pas fini de vous emmerder.<\/p>\n<p>P.S.<\/p>\n","protected":false},"excerpt":{"rendered":"<p>&lt;div style=&quot;text-align:center&quot;&gt;IL NE LE DIT PLUS MAIS IL LE FAIT&lt;\/div&gt;&lt;div style=&quot;text-align:center&quot;&gt;(Il vous emmerde)&lt;\/div&gt;[JUSTIFIER]Je dis vous. Je parle de ceux qui [&hellip;]<\/p>\n","protected":false},"author":1,"featured_media":0,"comment_status":"open","ping_status":"open","sticky":false,"template":"","format":"standard","meta":{"sfsi_plus_gutenberg_text_before_share":"","sfsi_plus_gutenberg_show_text_before_share":"","sfsi_plus_gutenberg_icon_type":"","sfsi_plus_gutenberg_icon_alignemt":"","sfsi_plus_gutenburg_max_per_row":"","site-sidebar-layout":"default","site-content-layout":"","ast-site-content-layout":"default","site-content-style":"default","site-sidebar-style":"default","ast-global-header-display":"","ast-banner-title-visibility":"","ast-main-header-display":"","ast-hfb-above-header-display":"","ast-hfb-below-header-display":"","ast-hfb-mobile-header-display":"","site-post-title":"","ast-breadcrumbs-content":"","ast-featured-img":"","footer-sml-layout":"","ast-disable-related-posts":"","theme-transparent-header-meta":"","adv-header-id-meta":"","stick-header-meta":"","header-above-stick-meta":"","header-main-stick-meta":"","header-below-stick-meta":"","astra-migrate-meta-layouts":"default","ast-page-background-enabled":"default","ast-page-background-meta":{"desktop":{"background-color":"var(--ast-global-color-4)","background-image":"","background-repeat":"repeat","background-position":"center center","background-size":"auto","background-attachment":"scroll","background-type":"","background-media":"","overlay-type":"","overlay-color":"","overlay-opacity":"","overlay-gradient":""},"tablet":{"background-color":"","background-image":"","background-repeat":"repeat","background-position":"center center","background-size":"auto","background-attachment":"scroll","background-type":"","background-media":"","overlay-type":"","overlay-color":"","overlay-opacity":"","overlay-gradient":""},"mobile":{"background-color":"","background-image":"","background-repeat":"repeat","background-position":"center center","background-size":"auto","background-attachment":"scroll","background-type":"","background-media":"","overlay-type":"","overlay-color":"","overlay-opacity":"","overlay-gradient":""}},"ast-content-background-meta":{"desktop":{"background-color":"var(--ast-global-color-5)","background-image":"","background-repeat":"repeat","background-position":"center center","background-size":"auto","background-attachment":"scroll","background-type":"","background-media":"","overlay-type":"","overlay-color":"","overlay-opacity":"","overlay-gradient":""},"tablet":{"background-color":"var(--ast-global-color-5)","background-image":"","background-repeat":"repeat","background-position":"center center","background-size":"auto","background-attachment":"scroll","background-type":"","background-media":"","overlay-type":"","overlay-color":"","overlay-opacity":"","overlay-gradient":""},"mobile":{"background-color":"var(--ast-global-color-5)","background-image":"","background-repeat":"repeat","background-position":"center center","background-size":"auto","background-attachment":"scroll","background-type":"","background-media":"","overlay-type":"","overlay-color":"","overlay-opacity":"","overlay-gradient":""}},"footnotes":""},"categories":[15],"tags":[],"class_list":["post-364","post","type-post","status-publish","format-standard","hentry","category-archives"],"_links":{"self":[{"href":"https:\/\/lavoiedessansvoix.fr\/lavoie\/wp-json\/wp\/v2\/posts\/364","targetHints":{"allow":["GET"]}}],"collection":[{"href":"https:\/\/lavoiedessansvoix.fr\/lavoie\/wp-json\/wp\/v2\/posts"}],"about":[{"href":"https:\/\/lavoiedessansvoix.fr\/lavoie\/wp-json\/wp\/v2\/types\/post"}],"author":[{"embeddable":true,"href":"https:\/\/lavoiedessansvoix.fr\/lavoie\/wp-json\/wp\/v2\/users\/1"}],"replies":[{"embeddable":true,"href":"https:\/\/lavoiedessansvoix.fr\/lavoie\/wp-json\/wp\/v2\/comments?post=364"}],"version-history":[{"count":0,"href":"https:\/\/lavoiedessansvoix.fr\/lavoie\/wp-json\/wp\/v2\/posts\/364\/revisions"}],"wp:attachment":[{"href":"https:\/\/lavoiedessansvoix.fr\/lavoie\/wp-json\/wp\/v2\/media?parent=364"}],"wp:term":[{"taxonomy":"category","embeddable":true,"href":"https:\/\/lavoiedessansvoix.fr\/lavoie\/wp-json\/wp\/v2\/categories?post=364"},{"taxonomy":"post_tag","embeddable":true,"href":"https:\/\/lavoiedessansvoix.fr\/lavoie\/wp-json\/wp\/v2\/tags?post=364"}],"curies":[{"name":"wp","href":"https:\/\/api.w.org\/{rel}","templated":true}]}}