{"id":363,"date":"2024-07-31T03:09:00","date_gmt":"2024-07-31T01:09:00","guid":{"rendered":"https:\/\/lavoiedessansvoix.fr\/lavoie\/2024\/07\/31\/archive-seine-insane\/"},"modified":"2024-07-31T03:09:00","modified_gmt":"2024-07-31T01:09:00","slug":"archive-seine-insane","status":"publish","type":"post","link":"https:\/\/lavoiedessansvoix.fr\/lavoie\/2024\/07\/31\/archive-seine-insane\/","title":{"rendered":"SEINE INSANE"},"content":{"rendered":"<p><strong>&lt;div style=&quot;text-align:center&quot;&gt;SEINE INSANE&lt;\/div&gt;<\/strong><\/p>\n<p>&lt;div style=&quot;text-align:center&quot;&gt;C\u2019est \u00e0 Paris sur Seine<br \/>Lumi\u00e8re des cit\u00e9es<br \/>Que l\u2019outrance hautaine<br \/>Injuria la beaut\u00e9 <\/p>\n<p>La Seine \u00e9tait malsaine<br \/>Et Paris grillag\u00e9,<br \/>De l\u2019Olympisme en sc\u00e8ne<br \/>La charte insult\u00e9e<\/p>\n<p>De la sublimit\u00e9<br \/>D\u2019une Humanit\u00e9 saine<br \/>Des \u00eatres exog\u00e8nes<br \/>Ont-ils \u00e0 se venger ? <\/p>\n<p>Praxit\u00e8le immol\u00e9<br \/>Et l\u2019\u00e9l\u00e9gance Hell\u00e8ne<br \/>Et les valeurs l\u00e9gu\u00e9es<br \/>Par le Baron m\u00e9c\u00e8ne<\/p>\n<p>\u00c9tait-ce bien la c\u00e8ne<br \/>Et le Christ blasph\u00e9m\u00e9 ?<br \/>Ou les Dieux attabl\u00e9s ?<br \/>Aux quels cette G\u00e9henne ?<\/p>\n<p>Quels Dieux sont outrag\u00e9s ?<br \/>L\u2019art \u00e9tait \u00e0 la peine<br \/>Le faste en \u00e9tait laid<br \/>La sentence est certaine<\/p>\n<p>Point n\u2019est de s\u2019attarder<br \/>Besoin, \u00e2mes sereines<br \/>A ce d\u00e9bat biais\u00e9 :<br \/>\u00ab La sc\u00e8ne \u00e9tait obsc\u00e8ne ! \u00bb&lt;\/div&gt;<\/p>\n<p>Patrick Seignon. (29 juillet 2924)<br \/>(modifi\u00e9 31\/7\/24 \u00e0 11 h45.)<\/p>\n","protected":false},"excerpt":{"rendered":"<p>&lt;div style=&quot;text-align:center&quot;&gt;SEINE INSANE&lt;\/div&gt; &lt;div style=&quot;text-align:center&quot;&gt;C\u2019est \u00e0 Paris sur SeineLumi\u00e8re des cit\u00e9esQue l\u2019outrance hautaineInjuria la beaut\u00e9 La Seine \u00e9tait malsaineEt Paris [&hellip;]<\/p>\n","protected":false},"author":1,"featured_media":0,"comment_status":"open","ping_status":"open","sticky":false,"template":"","format":"standard","meta":{"sfsi_plus_gutenberg_text_before_share":"","sfsi_plus_gutenberg_show_text_before_share":"","sfsi_plus_gutenberg_icon_type":"","sfsi_plus_gutenberg_icon_alignemt":"","sfsi_plus_gutenburg_max_per_row":"","site-sidebar-layout":"default","site-content-layout":"","ast-site-content-layout":"default","site-content-style":"default","site-sidebar-style":"default","ast-global-header-display":"","ast-banner-title-visibility":"","ast-main-header-display":"","ast-hfb-above-header-display":"","ast-hfb-below-header-display":"","ast-hfb-mobile-header-display":"","site-post-title":"","ast-breadcrumbs-content":"","ast-featured-img":"","footer-sml-layout":"","ast-disable-related-posts":"","theme-transparent-header-meta":"","adv-header-id-meta":"","stick-header-meta":"","header-above-stick-meta":"","header-main-stick-meta":"","header-below-stick-meta":"","astra-migrate-meta-layouts":"default","ast-page-background-enabled":"default","ast-page-background-meta":{"desktop":{"background-color":"var(--ast-global-color-4)","background-image":"","background-repeat":"repeat","background-position":"center center","background-size":"auto","background-attachment":"scroll","background-type":"","background-media":"","overlay-type":"","overlay-color":"","overlay-opacity":"","overlay-gradient":""},"tablet":{"background-color":"","background-image":"","background-repeat":"repeat","background-position":"center center","background-size":"auto","background-attachment":"scroll","background-type":"","background-media":"","overlay-type":"","overlay-color":"","overlay-opacity":"","overlay-gradient":""},"mobile":{"background-color":"","background-image":"","background-repeat":"repeat","background-position":"center center","background-size":"auto","background-attachment":"scroll","background-type":"","background-media":"","overlay-type":"","overlay-color":"","overlay-opacity":"","overlay-gradient":""}},"ast-content-background-meta":{"desktop":{"background-color":"var(--ast-global-color-5)","background-image":"","background-repeat":"repeat","background-position":"center center","background-size":"auto","background-attachment":"scroll","background-type":"","background-media":"","overlay-type":"","overlay-color":"","overlay-opacity":"","overlay-gradient":""},"tablet":{"background-color":"var(--ast-global-color-5)","background-image":"","background-repeat":"repeat","background-position":"center center","background-size":"auto","background-attachment":"scroll","background-type":"","background-media":"","overlay-type":"","overlay-color":"","overlay-opacity":"","overlay-gradient":""},"mobile":{"background-color":"var(--ast-global-color-5)","background-image":"","background-repeat":"repeat","background-position":"center center","background-size":"auto","background-attachment":"scroll","background-type":"","background-media":"","overlay-type":"","overlay-color":"","overlay-opacity":"","overlay-gradient":""}},"footnotes":""},"categories":[15],"tags":[],"class_list":["post-363","post","type-post","status-publish","format-standard","hentry","category-archives"],"_links":{"self":[{"href":"https:\/\/lavoiedessansvoix.fr\/lavoie\/wp-json\/wp\/v2\/posts\/363","targetHints":{"allow":["GET"]}}],"collection":[{"href":"https:\/\/lavoiedessansvoix.fr\/lavoie\/wp-json\/wp\/v2\/posts"}],"about":[{"href":"https:\/\/lavoiedessansvoix.fr\/lavoie\/wp-json\/wp\/v2\/types\/post"}],"author":[{"embeddable":true,"href":"https:\/\/lavoiedessansvoix.fr\/lavoie\/wp-json\/wp\/v2\/users\/1"}],"replies":[{"embeddable":true,"href":"https:\/\/lavoiedessansvoix.fr\/lavoie\/wp-json\/wp\/v2\/comments?post=363"}],"version-history":[{"count":0,"href":"https:\/\/lavoiedessansvoix.fr\/lavoie\/wp-json\/wp\/v2\/posts\/363\/revisions"}],"wp:attachment":[{"href":"https:\/\/lavoiedessansvoix.fr\/lavoie\/wp-json\/wp\/v2\/media?parent=363"}],"wp:term":[{"taxonomy":"category","embeddable":true,"href":"https:\/\/lavoiedessansvoix.fr\/lavoie\/wp-json\/wp\/v2\/categories?post=363"},{"taxonomy":"post_tag","embeddable":true,"href":"https:\/\/lavoiedessansvoix.fr\/lavoie\/wp-json\/wp\/v2\/tags?post=363"}],"curies":[{"name":"wp","href":"https:\/\/api.w.org\/{rel}","templated":true}]}}