{"id":2692,"date":"2012-03-29T11:31:40","date_gmt":"2012-03-29T09:31:40","guid":{"rendered":"https:\/\/lavoiedessansvoix.fr\/lavoie\/2012\/03\/29\/forum-the-war\/"},"modified":"2012-03-29T11:31:40","modified_gmt":"2012-03-29T09:31:40","slug":"forum-the-war","status":"publish","type":"post","link":"https:\/\/lavoiedessansvoix.fr\/lavoie\/2012\/03\/29\/forum-the-war\/","title":{"rendered":"The war"},"content":{"rendered":"<p>http:\/\/www.fricfracclub.com\/spip\/IMG\/image\/barbier3.jpgTHE WARNous \u00e9tions, le vendredi 13, matin, \u00e0 8 heures, \u00e0 l\u2019\u00e9coute de \u00ab France-inter \u00bb, et avons entendu ceci : \u00ab les p\u00e9tromonarchies arabes, sont entr\u00e9es dans une guerre froide contre l\u2019Iran par Syrie interpos\u00e9e. \u00bb. Ce commentaire faisait suite, d\u2019une part, au constat selon lequel la  guerre contre l\u2019Iran n\u2019\u00e9tait plus \u00e0 cette heure du domaine de la seule  rh\u00e9torique, mais d\u00e9j\u00e0 dans sa phase active, et d\u2019autre part \u00e0 la  r\u00e9flexion selon laquelle, une des cons\u00e9quences du printemps arabe  pourrait bien \u00eatre de relancer la guerre entre les tendances sunnites et  chiites de l\u2019Islam. Ceux d\u2019entre vous qui ont suivi assidument nos propos sur le site de \u00ab  lavoiedessansvoix \u00bb constateront eux-m\u00eames, \u00e0 quel point ces all\u00e9gations  confirment tout ce que nous avons pu \u00e9crire \u00e0 ces sujets et \u00e0 celui de  la crise syrienne L\u2019AVEU :  \u00ab Guerre froide contre l\u2019Iran par Syrie interpos\u00e9e \u00bb ? Cela veut  donc dire que la pr\u00e9tendue insurrection syrienne est moins un mouvement  spontan\u00e9 du peuple, que la cons\u00e9quence de complots et manigances  foment\u00e9s par les monarchies arabes agissant comme relais de la politique  am\u00e9ricaine.QUI TIRE LES FICELLESIl y a deux volets dans la guerre d\u00e9j\u00e0 entreprise contre la R\u00e9publique  iranienne. 1) \u00ab La guerre froide \u00bb donc, pour reprendre le terme utilis\u00e9  par d\u2019autres, maniganc\u00e9e par les p\u00e9tromonarchies arabes. 2) La guerre  de l\u2019ombre entreprise par la CIA am\u00e9ricaine et le Mossad isra\u00e9liens,  consistant \u00e0 saboter des sites industriels et \u00e0 tuer, par des attaques  terroristes, des chercheurs et ing\u00e9nieurs li\u00e9s au programme nucl\u00e9aire  iranien.Dans cette affaire, deux \u00c9tats nains m\u00e8nent la valse, le Qatar et  Isra\u00ebl. Or chacun sait que ces entit\u00e9s nationales ne sont en v\u00e9rit\u00e9 que  les \u00ab choses \u00bb, les fantoches, les marionnettes, de l\u2019imp\u00e9rialisme  am\u00e9ricain.FAUTEURS DE GUERRELundi 16 janvier enfin, au journal de France 2, on nous a appris que le  Qatar, cet \u00c9tat prostitu\u00e9, grand comme un mouchoir de poche, souhaite  envoyer des soldats arabes en Syrie. Ce qui reviendrait \u00e0 d\u00e9clarer la  guerre, non plus froide, mais ouverte cette fois, au r\u00e9gime Syrien fond\u00e9  sur la la\u00efcit\u00e9 de l\u2019\u00c9tat et un certain \u00e9quilibre des communaut\u00e9s, ainsi  qu\u2019\u00e0 l\u2019Iran son alli\u00e9, et aux communaut\u00e9s alaouites et chiites. Or,  nous a-t-on expliqu\u00e9 sans ambages, le Qatar voudrait entreprendre cette  exp\u00e9dition militaire au plus vite, avant que ne lui \u00e9chappe la  pr\u00e9sidence de la ligue arabe, celle-ci devant \u00e9choir ensuite \u00e0 l\u2019Irak o\u00f9  domine la communaut\u00e9 chiite, majoritaire dans le pays, et dont la  proximit\u00e9 avec l\u2019Iran laisse craindre qu\u2019il ne rechigne \u00e0 initier cette  entreprise. Autrement dit, il faut, sans plus tarder, mettre le monde  arabe devant le fait accompli de l\u2019\u00e9tat de guerre afin qu\u2019il ne puisse  plus se raviser.CASSANDRE \u00c9TAIT UNE OPTIMISTENous avons, sur ce site, souvent tir\u00e9 la sonnette d\u2019alarme \u00e0 propos de  la guerre que nous disions \u00ab programm\u00e9e \u00bb, contre la R\u00e9publique  Islamique d&rsquo;Iran. Nous savons que certains de nos lecteurs nous ont cru  parfois, par trop alarmistes, catastrophistes. Certains m\u00eame n\u2019auraient  probablement pas rechign\u00e9 \u00e0 nous diagnostiquer parano\u00efaques. De ces gens  en souffrance qui voient, a tord, des complots en toute chose. Or la r\u00e9alit\u00e9 qui affleure \u00e0 pr\u00e9sent va bien au-del\u00e0 des pires sc\u00e9narios que nous n\u2019avions jamais os\u00e9 imaginer.  Nous avions \u00e9crit que l\u2019un des objectifs \u00ab du printemps arabe \u00bb pilot\u00e9  par l\u2019occident \u00e9tait d\u2019isoler la R\u00e9publique islamique, et par la m\u00eame  occasion la r\u00e9sistance palestinienne dont l\u2019Iran, \u00e0 cette heure, reste  la derni\u00e8re profondeur strat\u00e9gique. Il s\u2019agissait, disions-nous, de  tordre le cou \u00e0 la premi\u00e8re, sans risque d\u2019embrasement de la rue arabe,  et de gommer l\u2019existence m\u00eame de la seconde. Dans ce sc\u00e9nario-l\u00e0, l\u2019acte  de guerre venait des USA et d\u2019Isra\u00ebl, son Poucet frappeur. Mais on le  voit, les choses vont plus loin.Le \u00ab printemps arabe \u00bb a aboutit partout, en Tunisie, en Lybie, en  \u00c9gypte, \u00e0 donner la main aux tendances islamistes (mod\u00e9r\u00e9es), sunnites,  qui ob\u00e9issent \u00e0 l\u2019Arabie Saoudite leur inspiratrice et financi\u00e8re. De la  sorte, le puzzle arabe a \u00e9t\u00e9 resserr\u00e9 autour, et sous l\u2019\u00e9tendard, de la  famille wahhabite, gardienne des lieux saints, en d\u00e9licatesse avec  l\u2019Islam chiite. Ainsi, en guise de combat pour la d\u00e9mocratie, ledit \u00ab  printemps arabe \u00bb pourrait bien, au regard de l\u2019histoire, s\u2019av\u00e9rer  n\u2019avoir \u00e9t\u00e9 qu\u2019une phase de mise en ordre du monde arabo-sunnite, en vue  de son agression contre la branche s\u0153ur, chiite, de l\u2019islam.Pour contenir les r\u00eaves de puissance de l\u2019Iran, berceau de la Perse  antique, ce pourrait donc bien \u00eatre une guerre r\u00e9gionale que  l\u2019imp\u00e9rialisme anglo-am\u00e9ricain nous concocte. Les attentats qui se  sont encore r\u00e9cemment produits en Irak, visant la communaut\u00e9 chiite, ont  pour objet d\u2019allumer cette guerre communautariste. \u00ab Dual containment \u00bbOn se souvient, qu\u2019au lendemain de la r\u00e9volution islamique d\u2019Iran, et  afin d\u2019en contenir la pouss\u00e9e de l\u2019autre cot\u00e9 de l\u2019Euphrate,  l\u2019imp\u00e9rialisme occidental (Angleterre, France, USA) avait foment\u00e9 et  financ\u00e9e en 1981 l\u2019horrible guerre Iran\/Irak qui fit plusieurs millions  de morts et dont aucun des protagonistes ne devait sortir vainqueur, le  but \u00e9tant de les affaiblir et de les contenir tous les deux. Aux termes  de celle-ci, Saddam Hussein qui avait mal interpr\u00e9t\u00e9 les intentions de  ses alli\u00e9s occidentaux et arabes, voulu \u00eatre pay\u00e9 de retour. Ils  l\u2019avaient aid\u00e9 \u00e0 accumuler une puissance militaire qui risquait \u00e0  pr\u00e9sent de se retourner contre leurs int\u00e9r\u00eats. Ils d\u00e9cid\u00e8rent donc d\u2019un  plan d\u2019ex\u00e9cution, tel fut le sens de la premi\u00e8re guerre du golfe de  1991, dont l\u2019\u0153uvre fut achev\u00e9e par la guerre d\u2019Irak de 2003-2012. Mais  l\u2019abaissement de l\u2019Irak ne pouvait aller sans le sursaut relatif de  l\u2019Iran et de sa vocation de puissance r\u00e9gionale. L\u2019abaissement prochain  de l\u2019Iran, in\u00e9vitable du point de vu imp\u00e9rialiste, \u00e9tait donc inscrit  dans ces faits. Rien \u00e0 voir avec le terrorisme, la d\u00e9mocratie ou \u00ab la  menace nucl\u00e9aire \u00bb, qui ne sont que de simples formules de rh\u00e9torique  guerri\u00e8res. Les desseins agressifs de l\u2019occident, \u00e0 l\u2019\u00e9gard de l\u2019Iran,  tiennent \u00e0 la pratique de ces \u00e9quilibres r\u00e9gionaux, h\u00e9ritage de la  tradition \u00ab diplomatique \u00bb de la couronne britannique, que l\u2019on appelle  le \u00ab Dual containment \u00bb. Celui-ci a \u00e9t\u00e9 souvent appliqu\u00e9 au continent  europ\u00e9en, et a largement contribu\u00e9 \u00e0 conduire, avant certes, mais  surtout depuis \u00ab la Sainte-Alliance \u00bb, \u00e0 toutes les grandes boucheries  qu\u2019a connues l\u2019Europe continentale, dont les premi\u00e8re et deuxi\u00e8me  guerres mondiales.FI SOIT DE LA D\u00c9MOCRATIE ET DES DROITS DE L\u2019HOMMEIl ne se passe plus gu\u00e8re de bulletins d\u2019information o\u00f9 l\u2019on entende  parler et pour cause, du risque prochain de \u00ab troubles en Iran \u00bb. Les  fils de l\u2019intrigue se resserrent et il apparait de plus en plus  clairement, derri\u00e8re la l\u00e9gende du printemps arabe, les discours contre  les dictatures pour la d\u00e9mocratie et les droits de l\u2019homme, que la seule  v\u00e9rit\u00e9 vraiment tangible c\u2019est la r\u00e9alisation des plans de domination  r\u00e9gionale de l\u2019imp\u00e9rialisme quel qu\u2019en soit les moyens, les alli\u00e9s et  les co\u00fbts humains.P.S.<\/p>\n","protected":false},"excerpt":{"rendered":"<p>http:\/\/www.fricfracclub.com\/spip\/IMG\/image\/barbier3.jpgTHE WARNous \u00e9tions, le vendredi 13, matin, \u00e0 8 heures, \u00e0 l\u2019\u00e9coute de \u00ab France-inter \u00bb, et avons entendu ceci [&hellip;]<\/p>\n","protected":false},"author":1,"featured_media":0,"comment_status":"open","ping_status":"open","sticky":false,"template":"","format":"standard","meta":{"sfsi_plus_gutenberg_text_before_share":"","sfsi_plus_gutenberg_show_text_before_share":"","sfsi_plus_gutenberg_icon_type":"","sfsi_plus_gutenberg_icon_alignemt":"","sfsi_plus_gutenburg_max_per_row":"","site-sidebar-layout":"default","site-content-layout":"","ast-site-content-layout":"default","site-content-style":"default","site-sidebar-style":"default","ast-global-header-display":"","ast-banner-title-visibility":"","ast-main-header-display":"","ast-hfb-above-header-display":"","ast-hfb-below-header-display":"","ast-hfb-mobile-header-display":"","site-post-title":"","ast-breadcrumbs-content":"","ast-featured-img":"","footer-sml-layout":"","ast-disable-related-posts":"","theme-transparent-header-meta":"","adv-header-id-meta":"","stick-header-meta":"","header-above-stick-meta":"","header-main-stick-meta":"","header-below-stick-meta":"","astra-migrate-meta-layouts":"default","ast-page-background-enabled":"default","ast-page-background-meta":{"desktop":{"background-color":"var(--ast-global-color-4)","background-image":"","background-repeat":"repeat","background-position":"center center","background-size":"auto","background-attachment":"scroll","background-type":"","background-media":"","overlay-type":"","overlay-color":"","overlay-opacity":"","overlay-gradient":""},"tablet":{"background-color":"","background-image":"","background-repeat":"repeat","background-position":"center center","background-size":"auto","background-attachment":"scroll","background-type":"","background-media":"","overlay-type":"","overlay-color":"","overlay-opacity":"","overlay-gradient":""},"mobile":{"background-color":"","background-image":"","background-repeat":"repeat","background-position":"center center","background-size":"auto","background-attachment":"scroll","background-type":"","background-media":"","overlay-type":"","overlay-color":"","overlay-opacity":"","overlay-gradient":""}},"ast-content-background-meta":{"desktop":{"background-color":"var(--ast-global-color-5)","background-image":"","background-repeat":"repeat","background-position":"center center","background-size":"auto","background-attachment":"scroll","background-type":"","background-media":"","overlay-type":"","overlay-color":"","overlay-opacity":"","overlay-gradient":""},"tablet":{"background-color":"var(--ast-global-color-5)","background-image":"","background-repeat":"repeat","background-position":"center center","background-size":"auto","background-attachment":"scroll","background-type":"","background-media":"","overlay-type":"","overlay-color":"","overlay-opacity":"","overlay-gradient":""},"mobile":{"background-color":"var(--ast-global-color-5)","background-image":"","background-repeat":"repeat","background-position":"center center","background-size":"auto","background-attachment":"scroll","background-type":"","background-media":"","overlay-type":"","overlay-color":"","overlay-opacity":"","overlay-gradient":""}},"footnotes":""},"categories":[17],"tags":[],"class_list":["post-2692","post","type-post","status-publish","format-standard","hentry","category-archives-forum"],"_links":{"self":[{"href":"https:\/\/lavoiedessansvoix.fr\/lavoie\/wp-json\/wp\/v2\/posts\/2692","targetHints":{"allow":["GET"]}}],"collection":[{"href":"https:\/\/lavoiedessansvoix.fr\/lavoie\/wp-json\/wp\/v2\/posts"}],"about":[{"href":"https:\/\/lavoiedessansvoix.fr\/lavoie\/wp-json\/wp\/v2\/types\/post"}],"author":[{"embeddable":true,"href":"https:\/\/lavoiedessansvoix.fr\/lavoie\/wp-json\/wp\/v2\/users\/1"}],"replies":[{"embeddable":true,"href":"https:\/\/lavoiedessansvoix.fr\/lavoie\/wp-json\/wp\/v2\/comments?post=2692"}],"version-history":[{"count":0,"href":"https:\/\/lavoiedessansvoix.fr\/lavoie\/wp-json\/wp\/v2\/posts\/2692\/revisions"}],"wp:attachment":[{"href":"https:\/\/lavoiedessansvoix.fr\/lavoie\/wp-json\/wp\/v2\/media?parent=2692"}],"wp:term":[{"taxonomy":"category","embeddable":true,"href":"https:\/\/lavoiedessansvoix.fr\/lavoie\/wp-json\/wp\/v2\/categories?post=2692"},{"taxonomy":"post_tag","embeddable":true,"href":"https:\/\/lavoiedessansvoix.fr\/lavoie\/wp-json\/wp\/v2\/tags?post=2692"}],"curies":[{"name":"wp","href":"https:\/\/api.w.org\/{rel}","templated":true}]}}