{"id":213,"date":"2025-09-03T11:13:25","date_gmt":"2025-09-03T09:13:25","guid":{"rendered":"https:\/\/lavoiedessansvoix.fr\/lavoie\/?p=213"},"modified":"2026-04-26T14:16:21","modified_gmt":"2026-04-26T12:16:21","slug":"demain-la-guerre-lettre-aux-francais","status":"publish","type":"post","link":"https:\/\/lavoiedessansvoix.fr\/lavoie\/2025\/09\/03\/demain-la-guerre-lettre-aux-francais\/","title":{"rendered":"DEMAIN LA GUERRE ! Lettre aux Fran\u00e7ais"},"content":{"rendered":"\n<p><\/p>\n\n\n\n<p>Un quadrille de fous sanguinaires (Von Der Layen, Macron, Starmer, Merz) veut pr\u00e9cipiter l\u2019Europe (et la France donc) dans une guerre d\u00e9vastatrice contre la Russie.<\/p>\n\n\n\n<p>L\u2019engagement se pr\u00e9cise. Dans une interview au Financial Times (31 ao\u00fbt 2025) qui vient d\u2019\u00eatre publi\u00e9e, Ursula Von der Leyen annonce en effet le d\u00e9ploiement en Ukraine \u00ab sous commandement europ\u00e9en \u00bb de \u00ab dizaine de milliers de soldats.<\/p>\n\n\n\n<p>L\u2019opinion europ\u00e9enne, mue il est vrai par des justifications variables, \u00e0 une majorit\u00e9 \u00e9crasante ne veut pas de la guerre. Mais ces fous n\u2019ont rien \u00e0 faire de la d\u00e9mocratie et de la volont\u00e9 des peuples qui ne sont \u00e0 leur sens qu\u2019une masse de main-d\u2019\u0153uvre ou de chair \u00e0 canon dont eux, les maitres, ont le droit de disposer \u00e0 leur guise.<\/p>\n\n\n\n<p>Les peuples refusent la guerre, mais ces strat\u00e8ges misent sur un ph\u00e9nom\u00e8ne simple. D\u00e8s que les hostilit\u00e9s seront ouvertes, d\u00e8s les premiers objectifs atteints par l\u2019artillerie russe, d\u00e8s les premiers soldats europ\u00e9ens (fran\u00e7ais) morts au combat, ils comptent sur le basculement de l\u2019opinion en col\u00e8re contre les \u00ab&nbsp;m\u00e9chants Russes.&nbsp;\u00bb<\/p>\n\n\n\n<p>Ce ph\u00e9nom\u00e8ne de basculement s\u2019est produit en 1914. Dans les mois qui pr\u00e9c\u00e9d\u00e8rent le d\u00e9clenchement de la premi\u00e8re guerre mondiale, le mouvement anti-guerre \u00e9tait tr\u00e8s puissant en France avec \u00e0 sa t\u00eate la figure embl\u00e9matique de Jean-Jaur\u00e8s.et m\u00eame en Allemagne. Une gr\u00e8ve \u00e9tait annonc\u00e9e pour conjurer la guerre et refuser la mobilisation Mais le 31 juillet 1914 Jean Jaur\u00e8s est assassin\u00e9, le 4 ao\u00fbt les d\u00e9put\u00e9s socialistes allemand (a l\u2019exception de Karl LiebknechtA) votent les cr\u00e9dits de guerre, en France, \u00e0 l\u2019appel de Cl\u00e9menceau la CGT dirig\u00e9 par l\u2019anarcho-syndicaliste L\u00e9on Jouhaux et la SFIO rejoignent \u00ab&nbsp;l\u2019Union Sacr\u00e9e&nbsp;\u00bb et promettent que les travailleurs iront aux front.<\/p>\n\n\n\n<p>C\u2019est sur un ph\u00e9nom\u00e8ne \u00e9quivalent que parient les Macrons et Von Der Layen.<\/p>\n\n\n\n<p>Pourtant pas plus apr\u00e8s l\u2019ouverture des hostilit\u00e9s qu\u2019avant, la Russie n\u2019est ni ne sera l\u2019ennemie des peuples europ\u00e9ens et encore moins du peuple Fran\u00e7ais.<\/p>\n\n\n\n<p>Ce sont ces fous, ce quadrille dont nous avons parl\u00e9, qui nous inventent de toute force un ennemi, car ils veulent faire la guerre pour maintenir les peuples sous leur joug, pomper notre sang et nos revenus pour enrichir toujours plus le complexe militaro industriel et les banques, pour d\u00e9truire la Russie et piller ses richesses.<\/p>\n\n\n\n<p>Ce quadrille de fous est malheureusement aux commandes de l\u2019U.E. et de quelques-uns de ses Etats membres les plus puissants et les plus bellicistes et il a l\u2019intention semble-t-il de s\u2019engager dans la guerre contre la volont\u00e9 des peuples.<\/p>\n\n\n\n<p>Si cela se produit&nbsp;:<\/p>\n\n\n\n<p>Hostilit\u00e9s ou pas, je vous en conjure mes chers concitoyens ne c\u00e9dez pas \u00e0 la propagande ignoble de ces charognards. Les destructions que nous subirons, les fils morts qui nous reviendront, la responsabilit\u00e9 n\u2019en reviendra pas aux russes justifi\u00e9s \u00e0 r\u00e9pliquer, mais aux malades qui nous aurons pr\u00e9cipit\u00e9 dans cette aventure.&nbsp;<\/p>\n\n\n\n<p><strong>Refusez la guerre, refusez les cr\u00e9dits de guerre, refusez la mobilisation, persistez \u00e0 proclamer haut et fort l\u2019amiti\u00e9 du peuple de France avec le peuple russe, et tous les peuples de la terre d\u2019ailleurs.<\/strong><\/p>\n\n\n\n<p>Patrick Seignon.<\/p>\n\n\n\n<p>\u00ab&nbsp;lavoiedessansvoix.fr&nbsp;\u00bb 3 septembre 2025.<\/p>\n","protected":false},"excerpt":{"rendered":"<p>Un quadrille de fous sanguinaires (Von Der Layen, Macron, Starmer, Merz) veut pr\u00e9cipiter l\u2019Europe (et la France donc) dans une [&hellip;]<\/p>\n","protected":false},"author":1,"featured_media":332,"comment_status":"open","ping_status":"open","sticky":false,"template":"","format":"standard","meta":{"sfsi_plus_gutenberg_text_before_share":"","sfsi_plus_gutenberg_show_text_before_share":"","sfsi_plus_gutenberg_icon_type":"","sfsi_plus_gutenberg_icon_alignemt":"","sfsi_plus_gutenburg_max_per_row":"","site-sidebar-layout":"default","site-content-layout":"","ast-site-content-layout":"default","site-content-style":"default","site-sidebar-style":"default","ast-global-header-display":"","ast-banner-title-visibility":"","ast-main-header-display":"","ast-hfb-above-header-display":"","ast-hfb-below-header-display":"","ast-hfb-mobile-header-display":"","site-post-title":"","ast-breadcrumbs-content":"","ast-featured-img":"","footer-sml-layout":"","ast-disable-related-posts":"","theme-transparent-header-meta":"","adv-header-id-meta":"","stick-header-meta":"","header-above-stick-meta":"","header-main-stick-meta":"","header-below-stick-meta":"","astra-migrate-meta-layouts":"default","ast-page-background-enabled":"default","ast-page-background-meta":{"desktop":{"background-color":"var(--ast-global-color-4)","background-image":"","background-repeat":"repeat","background-position":"center center","background-size":"auto","background-attachment":"scroll","background-type":"","background-media":"","overlay-type":"","overlay-color":"","overlay-opacity":"","overlay-gradient":""},"tablet":{"background-color":"","background-image":"","background-repeat":"repeat","background-position":"center center","background-size":"auto","background-attachment":"scroll","background-type":"","background-media":"","overlay-type":"","overlay-color":"","overlay-opacity":"","overlay-gradient":""},"mobile":{"background-color":"","background-image":"","background-repeat":"repeat","background-position":"center center","background-size":"auto","background-attachment":"scroll","background-type":"","background-media":"","overlay-type":"","overlay-color":"","overlay-opacity":"","overlay-gradient":""}},"ast-content-background-meta":{"desktop":{"background-color":"var(--ast-global-color-5)","background-image":"","background-repeat":"repeat","background-position":"center center","background-size":"auto","background-attachment":"scroll","background-type":"","background-media":"","overlay-type":"","overlay-color":"","overlay-opacity":"","overlay-gradient":""},"tablet":{"background-color":"var(--ast-global-color-5)","background-image":"","background-repeat":"repeat","background-position":"center center","background-size":"auto","background-attachment":"scroll","background-type":"","background-media":"","overlay-type":"","overlay-color":"","overlay-opacity":"","overlay-gradient":""},"mobile":{"background-color":"var(--ast-global-color-5)","background-image":"","background-repeat":"repeat","background-position":"center center","background-size":"auto","background-attachment":"scroll","background-type":"","background-media":"","overlay-type":"","overlay-color":"","overlay-opacity":"","overlay-gradient":""}},"footnotes":""},"categories":[1],"tags":[],"class_list":["post-213","post","type-post","status-publish","format-standard","has-post-thumbnail","hentry","category-analyse-politique"],"_links":{"self":[{"href":"https:\/\/lavoiedessansvoix.fr\/lavoie\/wp-json\/wp\/v2\/posts\/213","targetHints":{"allow":["GET"]}}],"collection":[{"href":"https:\/\/lavoiedessansvoix.fr\/lavoie\/wp-json\/wp\/v2\/posts"}],"about":[{"href":"https:\/\/lavoiedessansvoix.fr\/lavoie\/wp-json\/wp\/v2\/types\/post"}],"author":[{"embeddable":true,"href":"https:\/\/lavoiedessansvoix.fr\/lavoie\/wp-json\/wp\/v2\/users\/1"}],"replies":[{"embeddable":true,"href":"https:\/\/lavoiedessansvoix.fr\/lavoie\/wp-json\/wp\/v2\/comments?post=213"}],"version-history":[{"count":1,"href":"https:\/\/lavoiedessansvoix.fr\/lavoie\/wp-json\/wp\/v2\/posts\/213\/revisions"}],"predecessor-version":[{"id":214,"href":"https:\/\/lavoiedessansvoix.fr\/lavoie\/wp-json\/wp\/v2\/posts\/213\/revisions\/214"}],"wp:featuredmedia":[{"embeddable":true,"href":"https:\/\/lavoiedessansvoix.fr\/lavoie\/wp-json\/wp\/v2\/media\/332"}],"wp:attachment":[{"href":"https:\/\/lavoiedessansvoix.fr\/lavoie\/wp-json\/wp\/v2\/media?parent=213"}],"wp:term":[{"taxonomy":"category","embeddable":true,"href":"https:\/\/lavoiedessansvoix.fr\/lavoie\/wp-json\/wp\/v2\/categories?post=213"},{"taxonomy":"post_tag","embeddable":true,"href":"https:\/\/lavoiedessansvoix.fr\/lavoie\/wp-json\/wp\/v2\/tags?post=213"}],"curies":[{"name":"wp","href":"https:\/\/api.w.org\/{rel}","templated":true}]}}