{"id":202,"date":"2025-07-14T20:03:23","date_gmt":"2025-07-14T18:03:23","guid":{"rendered":"https:\/\/lavoiedessansvoix.fr\/lavoie\/?p=202"},"modified":"2026-04-26T14:17:11","modified_gmt":"2026-04-26T12:17:11","slug":"macron-le-monstre","status":"publish","type":"post","link":"https:\/\/lavoiedessansvoix.fr\/lavoie\/2025\/07\/14\/macron-le-monstre\/","title":{"rendered":"MACRON LE MONSTRE"},"content":{"rendered":"\n<p><strong>MACRON LE MONSTRE<\/strong><\/p>\n\n\n\n<p>(Le m\u00e9rite d\u2019\u00eatre une victime)<\/p>\n\n\n\n<p>L\u00e9gion d&rsquo;honneur \u00e0 Gis\u00e8le P\u00e9licot ?&#8230;;Qu&rsquo;elle\u00a0\u00bb foutrerie\u00a0\u00bb ! Excusez moi madame, je compati \u00e0 votre malheur, et m&rsquo;indigne des souffrances qui vous ont \u00e9t\u00e9 impos\u00e9es, et je me r\u00e9jouis aussi des peines qui ont \u00e9t\u00e9 inflig\u00e9es \u00e0 vos agresseurs. Ce n&rsquo;est pas vous qui \u00eates v\u00e9ritablement en cause dans mon propos et vous prie de m&rsquo;excuser pour ce qui va suivre. Le mis en cause de mon propos, la honte de la France c&rsquo;est l&rsquo;individu qui endosse actuellement le titre de Pr\u00e9sident de la R\u00e9publique, qui vous attribut \u00e0 vous la l\u00e9gion d&rsquo;honneur. Cette distinction est normalement accord\u00e9e \u00e0 des personnes qui ont rendu un service insigne \u00e0 la France, ou ce sont distingu\u00e9s par leur m\u00e9rites, leur bravoure ou leur h\u00e9ro\u00efsme ; Certes me direz-vous, aucun des r\u00e9cipiendaire 2025 ne r\u00e9pondent \u00e0 ces crit\u00e8res. Mais accorder la l\u00e9gion d&rsquo;honneur \u00e0 une dame, une victime, qui a subi l&rsquo;indicible humiliation d&rsquo;\u00eatre viol\u00e9e des centaines de fois, vendue par son mari comme \u00ab\u00a0chair \u00e0 baiser\u00a0\u00bb, cette id\u00e9e ne pouvait sortir que de la t\u00eate tordue d&rsquo;un homme comme Macron; Seul un pervers monstrueux pouvait imaginer une telle chose. Quel, service cette dame a-t-elle rendu \u00e0 la France&nbsp;? Celui d&rsquo;\u00e9pancher les couilles de centaines de ces citoyens ? Ne faut-il pas la nommer aussi \u00e0 \u00ab\u00a0l&rsquo;ordre du m\u00e9rite\u00a0\u00bb ? Voil\u00e0 donc que sous le r\u00e8gne de Macron 1er qui laissera dans l&rsquo;histoire une souillure plus grande que N\u00e9ron, \u00eatre victime de viol devient un m\u00e9rite distinctif. Pouvait-on imaginer plus grande injure \u00e0 la femme et au genre humain en g\u00e9n\u00e9ral&nbsp;?<\/p>\n\n\n\n<p>Patrick Seignon. 14 juillet 2025.<\/p>\n","protected":false},"excerpt":{"rendered":"<p>MACRON LE MONSTRE (Le m\u00e9rite d\u2019\u00eatre une victime) L\u00e9gion d&rsquo;honneur \u00e0 Gis\u00e8le P\u00e9licot ?&#8230;;Qu&rsquo;elle\u00a0\u00bb foutrerie\u00a0\u00bb ! Excusez moi madame, je [&hellip;]<\/p>\n","protected":false},"author":1,"featured_media":336,"comment_status":"open","ping_status":"open","sticky":false,"template":"","format":"standard","meta":{"sfsi_plus_gutenberg_text_before_share":"","sfsi_plus_gutenberg_show_text_before_share":"","sfsi_plus_gutenberg_icon_type":"","sfsi_plus_gutenberg_icon_alignemt":"","sfsi_plus_gutenburg_max_per_row":"","site-sidebar-layout":"default","site-content-layout":"","ast-site-content-layout":"default","site-content-style":"default","site-sidebar-style":"default","ast-global-header-display":"","ast-banner-title-visibility":"","ast-main-header-display":"","ast-hfb-above-header-display":"","ast-hfb-below-header-display":"","ast-hfb-mobile-header-display":"","site-post-title":"","ast-breadcrumbs-content":"","ast-featured-img":"","footer-sml-layout":"","ast-disable-related-posts":"","theme-transparent-header-meta":"","adv-header-id-meta":"","stick-header-meta":"","header-above-stick-meta":"","header-main-stick-meta":"","header-below-stick-meta":"","astra-migrate-meta-layouts":"default","ast-page-background-enabled":"default","ast-page-background-meta":{"desktop":{"background-color":"var(--ast-global-color-4)","background-image":"","background-repeat":"repeat","background-position":"center center","background-size":"auto","background-attachment":"scroll","background-type":"","background-media":"","overlay-type":"","overlay-color":"","overlay-opacity":"","overlay-gradient":""},"tablet":{"background-color":"","background-image":"","background-repeat":"repeat","background-position":"center center","background-size":"auto","background-attachment":"scroll","background-type":"","background-media":"","overlay-type":"","overlay-color":"","overlay-opacity":"","overlay-gradient":""},"mobile":{"background-color":"","background-image":"","background-repeat":"repeat","background-position":"center center","background-size":"auto","background-attachment":"scroll","background-type":"","background-media":"","overlay-type":"","overlay-color":"","overlay-opacity":"","overlay-gradient":""}},"ast-content-background-meta":{"desktop":{"background-color":"var(--ast-global-color-5)","background-image":"","background-repeat":"repeat","background-position":"center center","background-size":"auto","background-attachment":"scroll","background-type":"","background-media":"","overlay-type":"","overlay-color":"","overlay-opacity":"","overlay-gradient":""},"tablet":{"background-color":"var(--ast-global-color-5)","background-image":"","background-repeat":"repeat","background-position":"center center","background-size":"auto","background-attachment":"scroll","background-type":"","background-media":"","overlay-type":"","overlay-color":"","overlay-opacity":"","overlay-gradient":""},"mobile":{"background-color":"var(--ast-global-color-5)","background-image":"","background-repeat":"repeat","background-position":"center center","background-size":"auto","background-attachment":"scroll","background-type":"","background-media":"","overlay-type":"","overlay-color":"","overlay-opacity":"","overlay-gradient":""}},"footnotes":""},"categories":[1],"tags":[],"class_list":["post-202","post","type-post","status-publish","format-standard","has-post-thumbnail","hentry","category-analyse-politique"],"_links":{"self":[{"href":"https:\/\/lavoiedessansvoix.fr\/lavoie\/wp-json\/wp\/v2\/posts\/202","targetHints":{"allow":["GET"]}}],"collection":[{"href":"https:\/\/lavoiedessansvoix.fr\/lavoie\/wp-json\/wp\/v2\/posts"}],"about":[{"href":"https:\/\/lavoiedessansvoix.fr\/lavoie\/wp-json\/wp\/v2\/types\/post"}],"author":[{"embeddable":true,"href":"https:\/\/lavoiedessansvoix.fr\/lavoie\/wp-json\/wp\/v2\/users\/1"}],"replies":[{"embeddable":true,"href":"https:\/\/lavoiedessansvoix.fr\/lavoie\/wp-json\/wp\/v2\/comments?post=202"}],"version-history":[{"count":1,"href":"https:\/\/lavoiedessansvoix.fr\/lavoie\/wp-json\/wp\/v2\/posts\/202\/revisions"}],"predecessor-version":[{"id":203,"href":"https:\/\/lavoiedessansvoix.fr\/lavoie\/wp-json\/wp\/v2\/posts\/202\/revisions\/203"}],"wp:featuredmedia":[{"embeddable":true,"href":"https:\/\/lavoiedessansvoix.fr\/lavoie\/wp-json\/wp\/v2\/media\/336"}],"wp:attachment":[{"href":"https:\/\/lavoiedessansvoix.fr\/lavoie\/wp-json\/wp\/v2\/media?parent=202"}],"wp:term":[{"taxonomy":"category","embeddable":true,"href":"https:\/\/lavoiedessansvoix.fr\/lavoie\/wp-json\/wp\/v2\/categories?post=202"},{"taxonomy":"post_tag","embeddable":true,"href":"https:\/\/lavoiedessansvoix.fr\/lavoie\/wp-json\/wp\/v2\/tags?post=202"}],"curies":[{"name":"wp","href":"https:\/\/api.w.org\/{rel}","templated":true}]}}