{"id":180,"date":"2025-04-02T23:20:51","date_gmt":"2025-04-02T21:20:51","guid":{"rendered":"https:\/\/lavoiedessansvoix.fr\/lavoie\/?p=180"},"modified":"2026-04-26T14:17:36","modified_gmt":"2026-04-26T12:17:36","slug":"la-clameur-du-sepulcre","status":"publish","type":"post","link":"https:\/\/lavoiedessansvoix.fr\/lavoie\/2025\/04\/02\/la-clameur-du-sepulcre\/","title":{"rendered":"LA CLAMEUR DU S\u00c9PULCRE"},"content":{"rendered":"\n<figure class=\"wp-block-image aligncenter size-large is-resized\"><img decoding=\"async\" width=\"1024\" height=\"576\" src=\"https:\/\/lavoiedessansvoix.fr\/lavoie\/wp-content\/uploads\/2025\/04\/manifestation-toronto-israel-1024x576.jpg\" alt=\"\" class=\"wp-image-186\" style=\"width:585px;height:auto\" srcset=\"https:\/\/lavoiedessansvoix.fr\/lavoie\/wp-content\/uploads\/2025\/04\/manifestation-toronto-israel-1024x576.jpg 1024w, https:\/\/lavoiedessansvoix.fr\/lavoie\/wp-content\/uploads\/2025\/04\/manifestation-toronto-israel-300x169.jpg 300w, https:\/\/lavoiedessansvoix.fr\/lavoie\/wp-content\/uploads\/2025\/04\/manifestation-toronto-israel-768x432.jpg 768w, https:\/\/lavoiedessansvoix.fr\/lavoie\/wp-content\/uploads\/2025\/04\/manifestation-toronto-israel.jpg 1250w\" sizes=\"(max-width: 1024px) 100vw, 1024px\" \/><\/figure>\n\n\n\n<p>LA CLAMEUR DU SEPULCRE<\/p>\n\n\n\n<p>Moutons et Oliviers, un peuple de bergers<br>Vivait depuis toujours serein et pacifique<br>Au pays du Jourdain, sur sa terre biblique<br>Mais l\u2019Histoire a souffl\u00e9 sur lui des vents mauvais.<\/p>\n\n\n\n<p>Des chaudrons de Satan, sorti ensanglant\u00e9<br>Calamit\u00e9 ultime d\u2019une \u00e9pop\u00e9e mythique,<br>D\u2019un peuple victimaire cr\u00e9ation path\u00e9tique,<br>Les hordes de Sion vinrent pour l\u2019en chasser.<\/p>\n\n\n\n<p>Ils ont vol\u00e9 ses terres ses maisons, et tu\u00e9<br>Ses fr\u00e8res et ses enfants et ni\u00e9, tyranniques<br>Et son droit d\u2019exister, et sa m\u00e9moire antique<br>Vouant aux survivants leur haine exacerb\u00e9e<\/p>\n\n\n\n<p>Des femmes, des vieillards, des enfants agoniques,<br>Des d\u00e9combres fumants et des corps calcin\u00e9s<br>Les plaintes lancinantes d\u2019un peuple fam\u00e9lique<br>Montent en geignements de Gaza immol\u00e9<\/p>\n\n\n\n<p>Mais qui sont ses bourreaux de l\u00e9gende toxique<br>Anges exterminateurs ou \u00e9lus de Yahv\u00e9 ?<br>Descendants de Jacob ou monstres amn\u00e9siques ?<br>Le Talion qu\u2019ils invoquent ne les peut disculper.<\/p>\n\n\n\n<p>Qui donc justifiera l\u2019holocauste bachique<br>Osera les absoudre de leurs perversit\u00e9s ?<br>Ceux-l\u00e0 au tribunal de l\u2019histoire offens\u00e9e<br>Devront r\u00e9pondre un jour de leurs humeurs cyniques<\/p>\n\n\n\n<p>Comment donc osent-ils, quand la raison abdique<br>Justifier leurs crimes et leurs motifs glac\u00e9s<br>En invoquant les m\u00e2nes du drame horrifique<br>Dont les larmes \u00e0 jamais enflent le flot d\u2019Alph\u00e9e ?<\/p>\n\n\n\n<p>Or, voil\u00e0 que la terre est prise de naus\u00e9e<br>De ses entrailles exhalent des plaintes path\u00e9tiques<br>C\u2019est la rumeur outr\u00e9e des victimes souill\u00e9es<br>Des cris, des voix, des pleurs et des cantiques<\/p>\n\n\n\n<p>Dans mille cimeti\u00e8res par l\u2019horreur consacr\u00e9s<br>Des plaintes des pri\u00e8res aux accents magnifiques<br>Font g\u00e9mir chaque pierre o\u00f9 bruissent atterr\u00e9s<br>Maintes lamentations \u00e0 des murs fantastiques<\/p>\n\n\n\n<p>A mille c\u00e9notaphes de m\u00e9moires fig\u00e9es,<br>Au m\u00e9morial prostr\u00e9 du souvenir inique<br>Et du sang de la terre o\u00f9 ils sont dispers\u00e9s<br>Et sous les vents en bl\u00e9s des plaines mal\u00e9fiques.<\/p>\n\n\n\n<p>Surgissant de l\u2019Er\u00e8be, tous protestent, insurg\u00e9s,<br>Tout un peuple des ombres ordonne \u2018canonique,<br>A ces l\u00e9gions barbares de cesser d\u2019insulter<br>La Shoah invoqu\u00e9e \u00e0 leurs fins fanatiques.<\/p>\n\n\n\n<p>Il y en a bien s\u00fbr m\u00eame aux Patries iniques.<br>C\u2019est la bonne nouvelle de notre humanit\u00e9<br>Entendez, ils se l\u00e8vent ces \u00ab justes \u00bb indign\u00e9s<br>Et tous fils d\u2019Isra\u00ebl ils clament, path\u00e9tiques<\/p>\n\n\n\n<p>\u00ab Non !\u2026 Pas en notre nom ! \u00bb<\/p>\n\n\n\n<p><br>Patrick Seignon. Mercredi 2 avril 2025<br><\/p>\n","protected":false},"excerpt":{"rendered":"<p>LA CLAMEUR DU SEPULCRE Moutons et Oliviers, un peuple de bergersVivait depuis toujours serein et pacifiqueAu pays du Jourdain, sur [&hellip;]<\/p>\n","protected":false},"author":1,"featured_media":338,"comment_status":"open","ping_status":"open","sticky":false,"template":"","format":"standard","meta":{"sfsi_plus_gutenberg_text_before_share":"","sfsi_plus_gutenberg_show_text_before_share":"","sfsi_plus_gutenberg_icon_type":"","sfsi_plus_gutenberg_icon_alignemt":"","sfsi_plus_gutenburg_max_per_row":"","site-sidebar-layout":"default","site-content-layout":"","ast-site-content-layout":"default","site-content-style":"default","site-sidebar-style":"default","ast-global-header-display":"","ast-banner-title-visibility":"","ast-main-header-display":"","ast-hfb-above-header-display":"","ast-hfb-below-header-display":"","ast-hfb-mobile-header-display":"","site-post-title":"","ast-breadcrumbs-content":"","ast-featured-img":"","footer-sml-layout":"","ast-disable-related-posts":"","theme-transparent-header-meta":"","adv-header-id-meta":"","stick-header-meta":"","header-above-stick-meta":"","header-main-stick-meta":"","header-below-stick-meta":"","astra-migrate-meta-layouts":"default","ast-page-background-enabled":"default","ast-page-background-meta":{"desktop":{"background-color":"var(--ast-global-color-4)","background-image":"","background-repeat":"repeat","background-position":"center center","background-size":"auto","background-attachment":"scroll","background-type":"","background-media":"","overlay-type":"","overlay-color":"","overlay-opacity":"","overlay-gradient":""},"tablet":{"background-color":"","background-image":"","background-repeat":"repeat","background-position":"center center","background-size":"auto","background-attachment":"scroll","background-type":"","background-media":"","overlay-type":"","overlay-color":"","overlay-opacity":"","overlay-gradient":""},"mobile":{"background-color":"","background-image":"","background-repeat":"repeat","background-position":"center center","background-size":"auto","background-attachment":"scroll","background-type":"","background-media":"","overlay-type":"","overlay-color":"","overlay-opacity":"","overlay-gradient":""}},"ast-content-background-meta":{"desktop":{"background-color":"var(--ast-global-color-5)","background-image":"","background-repeat":"repeat","background-position":"center center","background-size":"auto","background-attachment":"scroll","background-type":"","background-media":"","overlay-type":"","overlay-color":"","overlay-opacity":"","overlay-gradient":""},"tablet":{"background-color":"var(--ast-global-color-5)","background-image":"","background-repeat":"repeat","background-position":"center center","background-size":"auto","background-attachment":"scroll","background-type":"","background-media":"","overlay-type":"","overlay-color":"","overlay-opacity":"","overlay-gradient":""},"mobile":{"background-color":"var(--ast-global-color-5)","background-image":"","background-repeat":"repeat","background-position":"center center","background-size":"auto","background-attachment":"scroll","background-type":"","background-media":"","overlay-type":"","overlay-color":"","overlay-opacity":"","overlay-gradient":""}},"footnotes":""},"categories":[1],"tags":[],"class_list":["post-180","post","type-post","status-publish","format-standard","has-post-thumbnail","hentry","category-analyse-politique"],"_links":{"self":[{"href":"https:\/\/lavoiedessansvoix.fr\/lavoie\/wp-json\/wp\/v2\/posts\/180","targetHints":{"allow":["GET"]}}],"collection":[{"href":"https:\/\/lavoiedessansvoix.fr\/lavoie\/wp-json\/wp\/v2\/posts"}],"about":[{"href":"https:\/\/lavoiedessansvoix.fr\/lavoie\/wp-json\/wp\/v2\/types\/post"}],"author":[{"embeddable":true,"href":"https:\/\/lavoiedessansvoix.fr\/lavoie\/wp-json\/wp\/v2\/users\/1"}],"replies":[{"embeddable":true,"href":"https:\/\/lavoiedessansvoix.fr\/lavoie\/wp-json\/wp\/v2\/comments?post=180"}],"version-history":[{"count":4,"href":"https:\/\/lavoiedessansvoix.fr\/lavoie\/wp-json\/wp\/v2\/posts\/180\/revisions"}],"predecessor-version":[{"id":187,"href":"https:\/\/lavoiedessansvoix.fr\/lavoie\/wp-json\/wp\/v2\/posts\/180\/revisions\/187"}],"wp:featuredmedia":[{"embeddable":true,"href":"https:\/\/lavoiedessansvoix.fr\/lavoie\/wp-json\/wp\/v2\/media\/338"}],"wp:attachment":[{"href":"https:\/\/lavoiedessansvoix.fr\/lavoie\/wp-json\/wp\/v2\/media?parent=180"}],"wp:term":[{"taxonomy":"category","embeddable":true,"href":"https:\/\/lavoiedessansvoix.fr\/lavoie\/wp-json\/wp\/v2\/categories?post=180"},{"taxonomy":"post_tag","embeddable":true,"href":"https:\/\/lavoiedessansvoix.fr\/lavoie\/wp-json\/wp\/v2\/tags?post=180"}],"curies":[{"name":"wp","href":"https:\/\/api.w.org\/{rel}","templated":true}]}}