{"id":169,"date":"2025-03-13T17:04:46","date_gmt":"2025-03-13T16:04:46","guid":{"rendered":"https:\/\/lavoiedessansvoix.fr\/lavoie\/?p=169"},"modified":"2026-04-26T14:17:59","modified_gmt":"2026-04-26T12:17:59","slug":"melenchon-macron-union-sacree-contre-le-peuple","status":"publish","type":"post","link":"https:\/\/lavoiedessansvoix.fr\/lavoie\/2025\/03\/13\/melenchon-macron-union-sacree-contre-le-peuple\/","title":{"rendered":"M\u00c9LENCHON MACRON, \u201cUNION SACR\u00c9E\u201d CONTRE LE PEUPLE"},"content":{"rendered":"\n<figure class=\"wp-block-image aligncenter size-full is-resized\"><img decoding=\"async\" width=\"1000\" height=\"500\" src=\"https:\/\/lavoiedessansvoix.fr\/lavoie\/wp-content\/uploads\/2025\/03\/so-5aedf9e666a4bdd4283ab27a-ph0.jpg\" alt=\"\" class=\"wp-image-174\" style=\"width:600px;height:auto\" srcset=\"https:\/\/lavoiedessansvoix.fr\/lavoie\/wp-content\/uploads\/2025\/03\/so-5aedf9e666a4bdd4283ab27a-ph0.jpg 1000w, https:\/\/lavoiedessansvoix.fr\/lavoie\/wp-content\/uploads\/2025\/03\/so-5aedf9e666a4bdd4283ab27a-ph0-300x150.jpg 300w, https:\/\/lavoiedessansvoix.fr\/lavoie\/wp-content\/uploads\/2025\/03\/so-5aedf9e666a4bdd4283ab27a-ph0-768x384.jpg 768w\" sizes=\"(max-width: 1000px) 100vw, 1000px\" \/><\/figure>\n\n\n\n<p><strong>Qui soutiens quoi\u00a0?<\/strong><\/p>\n\n\n\n<p>Macron nous a fait le coup de la dissolution (rat\u00e9e\u00a0?) et des \u00e9lections l\u00e9gislatives anticip\u00e9es, (perdues selon certains imb\u00e9ciles qui n\u2019y ont vu que du bleu).<\/p>\n\n\n\n<p>Ce n\u2019est pas Macron qui a perdu, il est toujours aux commandes et c\u2019est lui qui dirige.<\/p>\n\n\n\n<p>C\u2019est l\u2019Assembl\u00e9e nationale qui s\u2019est \u00ab&nbsp;auto annul\u00e9e&nbsp;\u00bb de fait. Plus de majorit\u00e9 v\u00e9ritable elle laisse les mains libres au Pr\u00e9sident qui gouverne en v\u00e9rit\u00e9 tout seul. Elle en est r\u00e9duite \u00e0 coller \u00e0 la politique du maitre de l\u2019\u00c9lys\u00e9e pour ne pas mettre les institutions en p\u00e9ril.<\/p>\n\n\n\n<p>Quand, suite \u00e0 l\u2019\u00e9lection de Donald Trump la nouvelle administration am\u00e9ricaine s\u2019engage dans la voie de la paix, les valets europ\u00e9ens de l\u2019imp\u00e9rialisme am\u00e9ricains, Macron en t\u00eate, semblent vouloir s\u2019\u00e9manciper de leur suzerain et faire \u00e0 l\u2019\u00e9gard du conflit russo-ukrainien, une politique ind\u00e9pendante. \u00c7a n\u2019est en v\u00e9rit\u00e9 qu\u2019illusion d\u2019optique. Les vassaux sont toujours les vassaux, ils ob\u00e9issent au parti mondial de la guerre qui n\u2019a pas disparu avec l\u2019\u00e9lection de Donald Trump&nbsp;: Les d\u00e9mocrates am\u00e9ricains, les n\u00e9os-cons, le cartel des milliardaires mondialistes. Ceux-ci commandent aux Macrons, Stamer, Zelinsky, Von der Layen, de prendre le relais de l\u2019administration d\u00e9mocrate momentan\u00e9ment d\u00e9faillante, de poursuivre les provocations et l\u2019\u0153uvre de guerre entreprise, afin de mettre l\u2019administration Trump en \u00e9chec, en attendant. Des \u00ab&nbsp;jours meilleurs&nbsp;\u00bb viendront pour leur politique criminelle, quand ils auront d\u00e9gag\u00e9 Trump politiquement ou physiquement.<\/p>\n\n\n\n<p>Macron, en marionnette vedette&nbsp; de l\u2019imp\u00e9rialisme Yankee, semble avoir pris les commandes. C\u2019est en v\u00e9rit\u00e9 exactement ce qu\u2019il avait en t\u00eate avec la dissolution. L\u2019Assembl\u00e9e Nationale est de fait politiquement annul\u00e9e, Macron gouverne seul, \u00e0 son aise se jouant de l\u2019infirmit\u00e9 de la chambre, d\u2019autant mieux que traditionnellement la politique internationale de la France, sous la cinqui\u00e8me R\u00e9publique, est le domaine r\u00e9serv\u00e9 du Pr\u00e9sident, lequel peut, ou pas, selon son gr\u00e8s, lui demander son avis \u00ab&nbsp;non imp\u00e9ratif&nbsp;\u00bb.<\/p>\n\n\n\n<p>Alors Macron nous pr\u00e9cipite, nous la France, mais avec nous la partie au moins occidentale de l\u2019UE, dans le bourbier ukrainien, \u00e0 se pr\u00e9texte ordonne la mise du pays et de l\u2019\u00e9conomie en \u00e9tat de guerre. Que signifie cela&nbsp;? Tout le monde l\u2019a dit, une agression gigantesque contre le niveau de vie des masses populaires afin de d\u00e9gager la plus grande part de la production pour l\u2019effort de guerre, les sacrifices, l\u2019explosion de la mis\u00e8re populaire, cependant que ses amis de l\u2019industrie de l\u2019armement et tout ce qui tourne autour, et la finance, accumuleront des b\u00e9n\u00e9fices gigantesques&nbsp;?<\/p>\n\n\n\n<p>C\u2019\u00e9tait dit le \u00ab&nbsp;Mozart de la finance&nbsp;\u00bb a \u00e9t\u00e9 nomm\u00e9 \u00e0 ce poste pour engraisser ses maitres goulus qui n\u2019en ont jamais assez. Par cette politique belliciste, il tiendra ainsi parfaitement son r\u00f4le et ex\u00e9cutera pleinement son mandat.<\/p>\n\n\n\n<p>Or cela au demeurant co\u00efncide totalement avec ses ambitions personnelles. La France en \u00e9tat de guerre, c\u2019est la dictature qui s\u2019imposera. Lois martiale, Censure militaire, r\u00e9quisition des hommes pour la guerre mais aussi des personnels et entreprises. Comme l\u2019a fait Zelinsky dans l\u2019Ukraine martyris\u00e9e il interdira les partis, associations et groupes d\u2019expression oppos\u00e9s \u00e0 la guerre, suspendra les droits du parlement et le calendrier \u00e9lectoral. Imposera l\u2019int\u00e9gration de l\u2019Europe f\u00e9d\u00e9rale Ultra Capitaliste, dont il a peut-\u00eatre m\u00eame pour dessein de devenir \u00ab&nbsp;LE MAITRE FONDATEUR&nbsp;\u00bb.<\/p>\n\n\n\n<p>Cette politique implique l\u2019escalade guerri\u00e8re contre la Russie d\u2019abord, incluant le risque de g\u00e9n\u00e9ralisation en guerre mondiale&nbsp;? On verra bien. Dans tous les cas des destructions massives en Europe, des centaines de milliers de morts. Cela n\u2019a jamais troubl\u00e9 les tyrans de l\u2019Histoire. Tous ont b\u00e2tis leurs gloires sur les charniers.<\/p>\n\n\n\n<p>Alors, le bon sens le dicte \u00e0 ceux qui n\u2019ont pas encore perdu la raison, il faut arr\u00eater le char fou de ce \u00ab&nbsp;Ben-Hur&nbsp;\u00bb d\u00e9ment. Il faut stopper Macron. Il faut conjurer la guerre. Il faut appeler le peuple de France (et les peuples fr\u00e8res d\u2019Europe) qui n\u2019ont que des calamit\u00e9s \u00e0 attendre de la guerre, \u00e0 se mobiliser en masse, \u00e0 expulser Macron et ses acolytes hors des palais et des institutions du pouvoir, fran\u00e7ais et Europ\u00e9en.<\/p>\n\n\n\n<p>Paradoxalement c\u2019est le temps que choisissent LFI et une \u00ab&nbsp;palanqu\u00e9&nbsp;\u00bb d\u2019organisations qui se disent elle-m\u00eame \u00ab&nbsp;de gauche&nbsp;\u00bb pour appeler \u00e0 manifester le 22 mars, non pas contre Macron et l\u2019\u00e9tat ou l\u2019\u00e9conomie de guerre, mais contre l\u2019extr\u00eame droite. Un leurre, une diversion, sans aucun doute pour ne pas porter le coup o\u00f9 il doit l\u2019\u00eatre. Une esquive, une mani\u00e8re en quelque sorte, par le d\u00e9ni de se porter au secours de la politique Macronienne.<\/p>\n\n\n\n<p>*Vous exag\u00e9rez Monsieur Seignon, diront certains, il y a une v\u00e9ritable mont\u00e9e politique de l\u2019extr\u00eame droite en Europe et dans le monde, le danger que cela constitue n\u2019est pas niable, et le fait de manifester contre ne signifie nullement que l\u2019on adh\u00e8re ou soutien Macron.<\/p>\n\n\n\n<p>Cela se pourrait en effet r\u00e9pondrai-je, mais cela n\u2019est pas le cas. Et j\u2019en tiens la preuve. Car, \u00e7a tombe bien mal pour ces septiques de commande, je viens de prendre connaissance sur \u00ab&nbsp;You Tube&nbsp;\u00bb d\u2019une d\u00e9claration de Jean-Luc M\u00e9lenchon dont voil\u00e0 la quintessence&nbsp;:<\/p>\n\n\n\n<p>Parlant du clash diplomatique Trump\/Zelinsky \u00e0 la Maison Blanche.<\/p>\n\n\n\n<p><em>\u00ab&nbsp;nous nous sentons spontan\u00e9ment solidaires de celui qui est d\u00e9sarm\u00e9, sans moyen,&nbsp; humili\u00e9, opprim\u00e9, insult\u00e9, devant des millions de gens, avec un m\u00e9pris total pour les sacrifices de ses compatriotes qui depuis 3 ans luttent si durement pour la restitution de la souverainet\u00e9 de leur patrie et son existence m\u00eame \u2026\u2026&nbsp;\u00bb<\/em><\/p>\n\n\n\n<p>C\u2019est caract\u00e9riser mensong\u00e8rement ce conflit c\u00f4t\u00e9 ukrainien, de guerre de lib\u00e9ration nationale, et ainsi en nier le caract\u00e8re imp\u00e9rialiste, nier le fait qu\u2019il s\u2019agit en v\u00e9rit\u00e9 d\u2019une confrontation USA Russie par Ukraine interpos\u00e9e. C\u2019est blanchir le crime de ceux qui ont envoy\u00e9 \u00e0 la mort des centaines de milliers d\u2019ukrainiens, pour des int\u00e9r\u00eats qui leur sont \u00e9trangers.<\/p>\n\n\n\n<p><em>\u00ab&nbsp;Et m\u00eame si on avait des raisons d\u2019avoir \u00e0 dire \u00e0 propos de monsieur Zelinsky et des d\u00e9cisions qu\u2019il a prise&nbsp;\u00bb\u2026&nbsp; \u00ab&nbsp;rien de tout \u00e7a n\u2019efface le fait fondateur, la Russie n\u2019avait pas \u00e0 envahir l\u2019Ukraine,. Ceci est un point de d\u00e9part ferme, non n\u00e9gociable, non discutable,&nbsp;\u00bb<\/em><\/p>\n\n\n\n<p>Ce qui est une n\u00e9gation de la r\u00e9alit\u00e9 historique, car chacun sait maintenant, sauf \u00e0 s\u2019obstiner dans le d\u00e9ni, que le \u00ab&nbsp;fait fondateur&nbsp;\u00bb du conflit russo-ukrainien est le coup d\u2019\u00c9tat de la place Ma\u00efdan, le 23 f\u00e9vrier 2014, commandit\u00e9 financ\u00e9 et pilot\u00e9 par les USA et l\u2019UE,<\/p>\n\n\n\n<p><em>Et de conclure&nbsp;:<\/em><\/p>\n\n\n\n<p><em>\u00ab&nbsp;tel est le sort qui est r\u00e9serv\u00e9 \u00e0 ceux qui s\u2019abandonnent, ou qui ne savent pas, ou qui n\u2019ont pas les moyens de tenir t\u00eate. Telle est la r\u00e9alit\u00e9. Toujours elle proc\u00e9dera de la conflictualit\u00e9 et du rapport de forces qu\u2019il est possible d\u2019\u00e9tablir dans cette conflictualit\u00e9. Le droit des trait\u00e9s internationaux sont notre protection. Ils ne sont jamais parfaits, mais \u00e0 un moment donn\u00e9 ils sont les seuls moyens dont nous disposons pour non seulement pour nous-m\u00eames lutter, mais pour nous r\u00e9f\u00e9rer, pour exiger le ch\u00e2timent de ceux qui ne respectent pas ces trait\u00e9s.&nbsp;\u00bb<\/em><\/p>\n\n\n\n<p>Ce qui signifie qu\u2019il faut tenir t\u00eate si on en a les moyens, et les moyens il faut se les donner. \u00ab&nbsp;Lutter&nbsp;\u00bb, (Synonyme : s&rsquo;affronter, se battre, combattre, en d\u00e9coudre, \u00eatre aux prises avec, se mesurer, rivaliser, en venir aux mains), \u00ab&nbsp;pour le respect des trait\u00e9s internationaux&nbsp;\u00bb et pour \u00eatre tout \u00e0 fait clair M\u00e9lenchon ajoute&nbsp;: \u00ab&nbsp;pour exiger le ch\u00e2timent de ceux qui ne respectent pas ces trait\u00e9s&nbsp;\u00bb. C\u2019est clairement un appel \u00e0 la guerre, un peu retors certes, un peu honteux, mais un appel \u00e0 la guerre tout de m\u00eame.<\/p>\n\n\n\n<p>Certes M\u00e9lenchon ne dit pas l\u00e0 un seul mot de soutien \u00e0 l\u2019\u00e9tat de guerre ni \u00e0 l\u2019\u00e9conomie de guerre, mais il valide le raisonnement qui justifie Macron dans sa folie \u00e0 les promouvoir<\/p>\n\n\n\n<p>Les \u00ab&nbsp;ell\u00e9fistes, NPA et autres \u00ab&nbsp;antifas&nbsp;\u00bb, hurlent fr\u00e9quemment contre le PS et Faure qui sauvent Bayrou, contre Marine et le RN qui seraient devenus les meilleurs alli\u00e9s de la Macronnie. Mais ce positionnement de LFI sur le \u00ab&nbsp;Soutien \u00e0 l\u2019Ukraine&nbsp;\u00bb n\u2019est-il pas le plus habile, le plus puissant, le plus clair des soutien \u00e0 la politique belliciste de Macron&nbsp;?<\/p>\n\n\n\n<p>Cette d\u00e9claration de Jean-Luc M\u00e9lenchon, c\u2019est le manifeste de \u00ab&nbsp;L\u2019Union Sacr\u00e9e&nbsp;\u00bb contre le peuple, honte \u00e0 eux.<\/p>\n\n\n\n<p>Patrick Seignon&nbsp;. \u00ab&nbsp;lavoiedessansvoix.fr&nbsp;\u00bb&nbsp;; Jeudi 13 mars 2025.<\/p>\n\n\n\n<p>Lien de la vid\u00e9o de M\u00e9lenchon sur \u00ab&nbsp;You Tube&nbsp;\u00bb dont il est question ici&nbsp;: <a href=\"https:\/\/www.facebook.com\/watch?v=1831731357592001\" target=\"_blank\" rel=\"noopener\">https:\/\/www.facebook.com\/watch?v=1831731357592001<\/a><\/p>\n","protected":false},"excerpt":{"rendered":"<p>Qui soutiens quoi\u00a0? Macron nous a fait le coup de la dissolution (rat\u00e9e\u00a0?) et des \u00e9lections l\u00e9gislatives anticip\u00e9es, (perdues selon [&hellip;]<\/p>\n","protected":false},"author":1,"featured_media":340,"comment_status":"open","ping_status":"open","sticky":false,"template":"","format":"standard","meta":{"sfsi_plus_gutenberg_text_before_share":"","sfsi_plus_gutenberg_show_text_before_share":"","sfsi_plus_gutenberg_icon_type":"","sfsi_plus_gutenberg_icon_alignemt":"","sfsi_plus_gutenburg_max_per_row":"","site-sidebar-layout":"default","site-content-layout":"","ast-site-content-layout":"default","site-content-style":"default","site-sidebar-style":"default","ast-global-header-display":"","ast-banner-title-visibility":"","ast-main-header-display":"","ast-hfb-above-header-display":"","ast-hfb-below-header-display":"","ast-hfb-mobile-header-display":"","site-post-title":"","ast-breadcrumbs-content":"","ast-featured-img":"","footer-sml-layout":"","ast-disable-related-posts":"","theme-transparent-header-meta":"","adv-header-id-meta":"","stick-header-meta":"","header-above-stick-meta":"","header-main-stick-meta":"","header-below-stick-meta":"","astra-migrate-meta-layouts":"default","ast-page-background-enabled":"default","ast-page-background-meta":{"desktop":{"background-color":"var(--ast-global-color-4)","background-image":"","background-repeat":"repeat","background-position":"center center","background-size":"auto","background-attachment":"scroll","background-type":"","background-media":"","overlay-type":"","overlay-color":"","overlay-opacity":"","overlay-gradient":""},"tablet":{"background-color":"","background-image":"","background-repeat":"repeat","background-position":"center center","background-size":"auto","background-attachment":"scroll","background-type":"","background-media":"","overlay-type":"","overlay-color":"","overlay-opacity":"","overlay-gradient":""},"mobile":{"background-color":"","background-image":"","background-repeat":"repeat","background-position":"center center","background-size":"auto","background-attachment":"scroll","background-type":"","background-media":"","overlay-type":"","overlay-color":"","overlay-opacity":"","overlay-gradient":""}},"ast-content-background-meta":{"desktop":{"background-color":"var(--ast-global-color-5)","background-image":"","background-repeat":"repeat","background-position":"center center","background-size":"auto","background-attachment":"scroll","background-type":"","background-media":"","overlay-type":"","overlay-color":"","overlay-opacity":"","overlay-gradient":""},"tablet":{"background-color":"var(--ast-global-color-5)","background-image":"","background-repeat":"repeat","background-position":"center center","background-size":"auto","background-attachment":"scroll","background-type":"","background-media":"","overlay-type":"","overlay-color":"","overlay-opacity":"","overlay-gradient":""},"mobile":{"background-color":"var(--ast-global-color-5)","background-image":"","background-repeat":"repeat","background-position":"center center","background-size":"auto","background-attachment":"scroll","background-type":"","background-media":"","overlay-type":"","overlay-color":"","overlay-opacity":"","overlay-gradient":""}},"footnotes":""},"categories":[1],"tags":[],"class_list":["post-169","post","type-post","status-publish","format-standard","has-post-thumbnail","hentry","category-analyse-politique"],"_links":{"self":[{"href":"https:\/\/lavoiedessansvoix.fr\/lavoie\/wp-json\/wp\/v2\/posts\/169","targetHints":{"allow":["GET"]}}],"collection":[{"href":"https:\/\/lavoiedessansvoix.fr\/lavoie\/wp-json\/wp\/v2\/posts"}],"about":[{"href":"https:\/\/lavoiedessansvoix.fr\/lavoie\/wp-json\/wp\/v2\/types\/post"}],"author":[{"embeddable":true,"href":"https:\/\/lavoiedessansvoix.fr\/lavoie\/wp-json\/wp\/v2\/users\/1"}],"replies":[{"embeddable":true,"href":"https:\/\/lavoiedessansvoix.fr\/lavoie\/wp-json\/wp\/v2\/comments?post=169"}],"version-history":[{"count":4,"href":"https:\/\/lavoiedessansvoix.fr\/lavoie\/wp-json\/wp\/v2\/posts\/169\/revisions"}],"predecessor-version":[{"id":176,"href":"https:\/\/lavoiedessansvoix.fr\/lavoie\/wp-json\/wp\/v2\/posts\/169\/revisions\/176"}],"wp:featuredmedia":[{"embeddable":true,"href":"https:\/\/lavoiedessansvoix.fr\/lavoie\/wp-json\/wp\/v2\/media\/340"}],"wp:attachment":[{"href":"https:\/\/lavoiedessansvoix.fr\/lavoie\/wp-json\/wp\/v2\/media?parent=169"}],"wp:term":[{"taxonomy":"category","embeddable":true,"href":"https:\/\/lavoiedessansvoix.fr\/lavoie\/wp-json\/wp\/v2\/categories?post=169"},{"taxonomy":"post_tag","embeddable":true,"href":"https:\/\/lavoiedessansvoix.fr\/lavoie\/wp-json\/wp\/v2\/tags?post=169"}],"curies":[{"name":"wp","href":"https:\/\/api.w.org\/{rel}","templated":true}]}}