{"id":1535,"date":"2012-03-20T09:48:44","date_gmt":"2012-03-20T08:48:44","guid":{"rendered":"https:\/\/lavoiedessansvoix.fr\/lavoie\/2012\/03\/20\/archive-erreur-5oo\/"},"modified":"2012-03-20T09:48:44","modified_gmt":"2012-03-20T08:48:44","slug":"archive-erreur-5oo","status":"publish","type":"post","link":"https:\/\/lavoiedessansvoix.fr\/lavoie\/2012\/03\/20\/archive-erreur-5oo\/","title":{"rendered":"ERREUR 5OO"},"content":{"rendered":"<p>VENDREDI 16 MARS 2012 APRES PLUS DE DEUX MOIS DE SILENCE CONTRAINT, LA VOIX DES SANS VOIX REPRENDS SES PUBLICATIONS \u00ab ERREUR 500 \u00bb Lavoiedessansvoix a \u00e9t\u00e9 frapp\u00e9e d\u2019aphonie ? Voil\u00e0 plus de deux mois que nous rongeons notre frein. Notre voix \u00e9tait \u00e9teinte, morte inaudible, tous nos efforts pour prendre la parole et la faire entendre tout de m\u00eame, \u00e9taient vains, vou\u00e9s \u00e0 l\u2019\u00e9chec, \u00ab Erreur 500 \u00bb. Pourtant, paradoxe, nos visiteurs ne nous ont pas tout \u00e0 fait abandonn\u00e9s, nous les en remercions. Que s\u2019est-il pass\u00e9 ? Officiellement, un probl\u00e8me technique de serveur. Impossible de publier des modifications ou de nouveaux articles. Impossible, malgr\u00e9 nos instantes et nombreuses r\u00e9clamations, d\u2019\u00eatre r\u00e9par\u00e9.  Internet, espace de libert\u00e9 ? Erreur 500, vous n\u2019avez plus la parole ! Ne serait-ce l\u00e0, en v\u00e9rit\u00e9, une censure douce et masqu\u00e9e qui ne dit pas son nom ni qui ne se d\u00e9voile ? &#8211; Houlala ! Je vous arr\u00eate, mon bon monsieur, halte \u00e0 la parano\u00efa ! Qui donc, voulez-vous, qui prenne le temps et la peine de faire taire une voix aussi t\u00e9nue que la votre, un organe \u00e0 peine audible qui s\u2019\u00e9vertue \u00e0 pr\u00eacher une v\u00e9rit\u00e9 archa\u00efque dans la \u00ab multitude du d\u00e9sert \u00bb de la toile ? &#8211; La force d\u2019une voix ne se mesure pas toujours au volume de son audience imm\u00e9diate. Pas plus que la v\u00e9rit\u00e9 politique ne se mesure \u00e0 la c\u00f4te dans les sondages des hommes qui sont porteurs de messages. Saint Jean Baptiste ne pr\u00eachait-il pas dans le d\u00e9sert ? Et pourtant ! Cela ne lui valut-il pas la haine tenace d\u2019H\u00e9rode ? Malgr\u00e9 l\u2019absence d\u2019\u00e9cho dans le d\u00e9sert, sa voix n\u2019est-elle pas venue jusqu\u2019\u00e0 nous ? Il est ainsi de toutes petites voix lancinantes qui d\u00e9rangent les satrapes jusque dans leur sommeil. Nous allons remercier notre h\u00e9bergeur. Nous avons fait une demande d\u2019asile, nous avons commenc\u00e9 notre d\u00e9m\u00e9nagement, ailleurs, vers d\u2019autres rivages, sous d\u2019autres cieux. Nous vous tiendrons inform\u00e9s.  Ce matin nous avons fait publiquement part sur la toile de notre indignation, en \u00e9crivant sur un blog de gens m\u00e9contents du m\u00eame h\u00e9bergeur. Nous d\u00e9voilions notre intention d\u2019envoyer lundi 19, une lettre RAR de mise en demeure sous r\u00e9serve de poursuites judiciaires. Est-ce un simple concours de circonstances ? Cet apr\u00e8s-midi nous rentrons en contact avec un technicien au sujet du d\u00e9m\u00e9nagement des domaines. On rediscute des raisons de notre col\u00e8re, la panne, il revient dessus, et miracle ( ?) en un quart d\u2019heure, en direct, il nous d\u00e9panne. S\u2019il n\u2019y a pas de corr\u00e9lation entre ces deux \u00e9v\u00e8nements, alors c\u2019est peut-\u00eatre que nous sommes enfin tomb\u00e9s sur \u00ab la perle \u00bb rare parmi les nombreux collaborateurs de ce grand h\u00e9bergeur. Quoi qu&rsquo;il en soit, puisque la parole nous est rendue, ne soyons pas \u00ab b\u00e9gueule \u00bb. Nous publions sans attendre, ce jour m\u00eame et en urgence, l\u2019article ci-dessous, en souffrance depuis le 15 janvier il n\u2019a pas perdu de son actualit\u00e9, au contraire, malgr\u00e9 les \u00e9v\u00e8nements consid\u00e9rables qui se sont produits depuis. Aucun de ceux-ci n\u2019a invalid\u00e9 notre interpr\u00e9tation des choses. Bien au contraire, tous renforcent et confirment la justesse de notre point de vue. Patrick Seignon.<\/p>\n","protected":false},"excerpt":{"rendered":"<p>VENDREDI 16 MARS 2012 APRES PLUS DE DEUX MOIS DE SILENCE CONTRAINT, LA VOIX DES SANS VOIX REPRENDS SES PUBLICATIONS [&hellip;]<\/p>\n","protected":false},"author":1,"featured_media":0,"comment_status":"open","ping_status":"open","sticky":false,"template":"","format":"standard","meta":{"sfsi_plus_gutenberg_text_before_share":"","sfsi_plus_gutenberg_show_text_before_share":"","sfsi_plus_gutenberg_icon_type":"","sfsi_plus_gutenberg_icon_alignemt":"","sfsi_plus_gutenburg_max_per_row":"","site-sidebar-layout":"default","site-content-layout":"","ast-site-content-layout":"default","site-content-style":"default","site-sidebar-style":"default","ast-global-header-display":"","ast-banner-title-visibility":"","ast-main-header-display":"","ast-hfb-above-header-display":"","ast-hfb-below-header-display":"","ast-hfb-mobile-header-display":"","site-post-title":"","ast-breadcrumbs-content":"","ast-featured-img":"","footer-sml-layout":"","ast-disable-related-posts":"","theme-transparent-header-meta":"","adv-header-id-meta":"","stick-header-meta":"","header-above-stick-meta":"","header-main-stick-meta":"","header-below-stick-meta":"","astra-migrate-meta-layouts":"default","ast-page-background-enabled":"default","ast-page-background-meta":{"desktop":{"background-color":"var(--ast-global-color-4)","background-image":"","background-repeat":"repeat","background-position":"center center","background-size":"auto","background-attachment":"scroll","background-type":"","background-media":"","overlay-type":"","overlay-color":"","overlay-opacity":"","overlay-gradient":""},"tablet":{"background-color":"","background-image":"","background-repeat":"repeat","background-position":"center center","background-size":"auto","background-attachment":"scroll","background-type":"","background-media":"","overlay-type":"","overlay-color":"","overlay-opacity":"","overlay-gradient":""},"mobile":{"background-color":"","background-image":"","background-repeat":"repeat","background-position":"center center","background-size":"auto","background-attachment":"scroll","background-type":"","background-media":"","overlay-type":"","overlay-color":"","overlay-opacity":"","overlay-gradient":""}},"ast-content-background-meta":{"desktop":{"background-color":"var(--ast-global-color-5)","background-image":"","background-repeat":"repeat","background-position":"center center","background-size":"auto","background-attachment":"scroll","background-type":"","background-media":"","overlay-type":"","overlay-color":"","overlay-opacity":"","overlay-gradient":""},"tablet":{"background-color":"var(--ast-global-color-5)","background-image":"","background-repeat":"repeat","background-position":"center center","background-size":"auto","background-attachment":"scroll","background-type":"","background-media":"","overlay-type":"","overlay-color":"","overlay-opacity":"","overlay-gradient":""},"mobile":{"background-color":"var(--ast-global-color-5)","background-image":"","background-repeat":"repeat","background-position":"center center","background-size":"auto","background-attachment":"scroll","background-type":"","background-media":"","overlay-type":"","overlay-color":"","overlay-opacity":"","overlay-gradient":""}},"footnotes":""},"categories":[16],"tags":[],"class_list":["post-1535","post","type-post","status-publish","format-standard","hentry","category-archives-cms"],"_links":{"self":[{"href":"https:\/\/lavoiedessansvoix.fr\/lavoie\/wp-json\/wp\/v2\/posts\/1535","targetHints":{"allow":["GET"]}}],"collection":[{"href":"https:\/\/lavoiedessansvoix.fr\/lavoie\/wp-json\/wp\/v2\/posts"}],"about":[{"href":"https:\/\/lavoiedessansvoix.fr\/lavoie\/wp-json\/wp\/v2\/types\/post"}],"author":[{"embeddable":true,"href":"https:\/\/lavoiedessansvoix.fr\/lavoie\/wp-json\/wp\/v2\/users\/1"}],"replies":[{"embeddable":true,"href":"https:\/\/lavoiedessansvoix.fr\/lavoie\/wp-json\/wp\/v2\/comments?post=1535"}],"version-history":[{"count":0,"href":"https:\/\/lavoiedessansvoix.fr\/lavoie\/wp-json\/wp\/v2\/posts\/1535\/revisions"}],"wp:attachment":[{"href":"https:\/\/lavoiedessansvoix.fr\/lavoie\/wp-json\/wp\/v2\/media?parent=1535"}],"wp:term":[{"taxonomy":"category","embeddable":true,"href":"https:\/\/lavoiedessansvoix.fr\/lavoie\/wp-json\/wp\/v2\/categories?post=1535"},{"taxonomy":"post_tag","embeddable":true,"href":"https:\/\/lavoiedessansvoix.fr\/lavoie\/wp-json\/wp\/v2\/tags?post=1535"}],"curies":[{"name":"wp","href":"https:\/\/api.w.org\/{rel}","templated":true}]}}