{"id":1534,"date":"2012-03-20T09:48:48","date_gmt":"2012-03-20T08:48:48","guid":{"rendered":"https:\/\/lavoiedessansvoix.fr\/lavoie\/2012\/03\/20\/archive-adresse-a-la-jeunesse-arabe\/"},"modified":"2012-03-20T09:48:48","modified_gmt":"2012-03-20T08:48:48","slug":"archive-adresse-a-la-jeunesse-arabe","status":"publish","type":"post","link":"https:\/\/lavoiedessansvoix.fr\/lavoie\/2012\/03\/20\/archive-adresse-a-la-jeunesse-arabe\/","title":{"rendered":"ADRESSE A LA JEUNESSE ARABE"},"content":{"rendered":"<p>ADRESSE A LA JEUNESSE ARABE. Non, la politique internationale n\u2019est pas faite de bons sentiments ni d\u2019intentions philanthropiques. Oui, la politique internationale ob\u00e9it aux int\u00e9r\u00eats \u00e9conomiques des nations et aux vis\u00e9es g\u00e9ostrat\u00e9giques qui sont elles-m\u00eames au service de la d\u00e9fense des premiers  Le reste : les droits de l\u2019homme, la d\u00e9mocratie, les intentions humanitaires, ne sont \u00e0 l\u2019aune des int\u00e9r\u00eats des nations, que des discours vains et faux, un vernis pour masquer les r\u00e9alit\u00e9s. C\u2019est de la po\u00e9sie cynique, de la propagande la plupart du temps mensong\u00e8re, et de l\u2019enfumage des consciences. La mani\u00e8re dont fut engag\u00e9e la guerre en Irak est et restera longtemps un mod\u00e8le du genre. Le peuple irakien souffrait-il sous la f\u00e9rule de Saddam Hussein ? \u00c9tait-ce une raison suffisante pour l\u2019affamer, le meurtrir, le tuer encore davantage au nom de la d\u00e9mocratie venue de l\u2019occident dans les fourgons de l\u2019arm\u00e9e am\u00e9ricaine ? Commenc\u00e9e comme une grande f\u00eate des opprim\u00e9s, \u00e0 Tunis et au Caire, et poursuivit comme une guerre coloniale en Lybie, et comme une guerre civile en Syrie, la grande \u00ab offensive d\u00e9mocratique \u00bb, qui s\u2019est elle-m\u00eame fleurit du joli nom de \u00ab printemps arabe \u00bb n\u2019\u00e9chappe nullement \u00e0 ses consid\u00e9rations. J\u2019entends sur les radios et t\u00e9l\u00e9visions, je vois dans les journaux et sur le web, des t\u00e9moignages de \u00ab jeunes arabes \u00bb qui s\u2019indignent par exemple du v\u00e9to russe et chinois sur la Syrie, et arguent de leurs droits de se d\u00e9barrasser des \u00ab tyrans \u00bb qui les ont opprim\u00e9s depuis trente ou quarante ans. Mais que ne s\u2019interrogent-t-ils pas sur le sens du soutien \u00e0 leurs causes des puissances imp\u00e9rialistes occidentales, celles l\u00e0 m\u00eame qui ont inspir\u00e9s et fermement soutenus tout ce temps leurs \u00ab tyrans, dictateurs ou satrapes \u00bb. Les mobilisations populaires ont certes, au moins partiellement r\u00e9veill\u00e9 la fiert\u00e9 arabe. Prenez garde, jeunes Arabes, de ne pas la perdre dans la gangue de l\u2019humiliation historique sans pr\u00e9c\u00e9dent que vous vaudrait une trop grande na\u00efvet\u00e9. Car tel serait le r\u00e9sultat de toute cette s\u00e9quence historique si vous vous laissiez mener comme les moutons de Panurge, au pr\u00e9cipice o\u00f9 ont d\u00e9cid\u00e9 de vous conduire, les maitres du monde et grands manipulateurs. Les puissances imp\u00e9rialistes occidentales, soutiens de vos dictatures et monarchies archa\u00efques pendant 30 ou 40 ans, se sont tout \u00e0 coup d\u00e9couvert un amour suspect pour la d\u00e9mocratie et l\u2019insurrection populaire. C\u2019est que prenant acte de l\u2019usure de leurs pr\u00e9c\u00e9dents moyens de domination politique de vos nations elles ont d\u00e9cid\u00e9 d\u2019en renouveler les modalit\u00e9s. La \u00ab d\u00e9mocratie formelle \u00bb qui permet d\u2019\u00e9lire tous les cinq ans un satrape constitutionnel \u00e0 leur solde leur parait \u00e0 pr\u00e9sent un moyen plus s\u00fbr et plus souple de prolonger leur tutelle sur vos peuples. L\u2019objectif de cette \u00ab offensive d\u00e9mocratique \u00bb de l\u2019imp\u00e9rialisme ne s\u2019arr\u00eate pas au renouvellement des syst\u00e8mes politiques des nations arabes. Elle vise surtout \u00e0 reprendre le contr\u00f4le total et sans partage, de tout le Moyen-Orient et du bassin de la mer Caspienne. Il leur faut pour cela venir \u00e0 bout du r\u00e9gime \u00ab de la R\u00e9publique islamique d&rsquo;Iran \u00bb qui constitue un verrou sur la mer Caspienne et le golfe arabo-persique, et restaurer sur cette grande nation la main mise de l\u2019imp\u00e9rialisme anglo-am\u00e9ricain, perdue en 1979 avec la chute du Shah. \u00c0 cet \u00e9gard, la Syrie baasiste de Bachar Al-Assad, alli\u00e9e de l\u2019Iran, et pont politique, religieux et \u00ab civilisationnel \u00bb entre \u00ab la Perse \u00bb et le \u00ab monde arabe \u00bb, constitue le premier syst\u00e8me de d\u00e9fense de la R\u00e9publique islamique, qu\u2019au sens de l\u2019imp\u00e9rialisme, il convient de faire tomber au pr\u00e9alable. Alors, les ponts ainsi coup\u00e9s entre \u00ab l\u2019ancienne Perse \u00bb et le monde arabe, entre deux branches s\u0153urs de l\u2019Islam, le temps sera venu de dresser les uns contre les autres, de fomenter comme en 1980 (Guerre Iran-Irak) la guerre des p\u00e9tromonarchies et des peuples arabes enr\u00f4l\u00e9s sous la banni\u00e8re de l\u2019Islam sunnite, contre la R\u00e9publique islamique de l&rsquo;Iran Chiite. L\u2019empressement du Qatar \u00e0 s\u2019ing\u00e9rer militairement dans les affaires syriennes t\u00e9moigne trop clairement de cette perspective. Comble du comble ! Cette mise en ordre de combat du monde arabe, sous la direction des monarchies les plus archa\u00efques, qui paradoxalement n\u2019ont pas \u00e9t\u00e9 inqui\u00e9t\u00e9es par la vague des \u00ab mobilisations d\u00e9mocratiques \u00bb, sonnerait le glas de la revendication nationale palestinienne dont ces royaumes sont les ennemis av\u00e9r\u00e9s. Celle-ci serait simplement liquid\u00e9e au nom de la d\u00e9mocratie et de la coexistence avec Isra\u00ebl, ou au mieux, brad\u00e9e dans la constitution d\u2019un ersatz d\u2019\u00c9tat \u00ab bantoustan \u00bb, sans continuit\u00e9 territoriale et sans existence nationale v\u00e9ritable. Et cela constituerait le point final, ultime, de l\u2019abaissement et de l\u2019humiliation arabe. Un drame et un recul historique sans pr\u00e9c\u00e9dent pour le monde et la culture islamique dans sa totalit\u00e9. Alors, mais un peu tard, les peuples arabes d\u00e9couvriraient, horrifi\u00e9s qu\u2019ils ont \u00ab\u00e9t\u00e9, les jouets, des manipulateurs de l\u2019Empire du couchant, enr\u00f4l\u00e9s comme chair \u00e0 canon dans une guerre par d\u00e9l\u00e9gation pour la d\u00e9fense des int\u00e9r\u00eats anglo-am\u00e9ricains qui ne sont pas les leurs. Il n\u2019est pas trop tard encore, jeunesses arabes, pour vous d\u00e9ciller et faire barrage aux men\u00e9es bellicistes de vos faux amis occidentaux. Patrick Seignon. 14 mars 2012<\/p>\n","protected":false},"excerpt":{"rendered":"<p>ADRESSE A LA JEUNESSE ARABE. Non, la politique internationale n\u2019est pas faite de bons sentiments ni d\u2019intentions philanthropiques. Oui, la [&hellip;]<\/p>\n","protected":false},"author":1,"featured_media":0,"comment_status":"open","ping_status":"open","sticky":false,"template":"","format":"standard","meta":{"sfsi_plus_gutenberg_text_before_share":"","sfsi_plus_gutenberg_show_text_before_share":"","sfsi_plus_gutenberg_icon_type":"","sfsi_plus_gutenberg_icon_alignemt":"","sfsi_plus_gutenburg_max_per_row":"","site-sidebar-layout":"default","site-content-layout":"","ast-site-content-layout":"default","site-content-style":"default","site-sidebar-style":"default","ast-global-header-display":"","ast-banner-title-visibility":"","ast-main-header-display":"","ast-hfb-above-header-display":"","ast-hfb-below-header-display":"","ast-hfb-mobile-header-display":"","site-post-title":"","ast-breadcrumbs-content":"","ast-featured-img":"","footer-sml-layout":"","ast-disable-related-posts":"","theme-transparent-header-meta":"","adv-header-id-meta":"","stick-header-meta":"","header-above-stick-meta":"","header-main-stick-meta":"","header-below-stick-meta":"","astra-migrate-meta-layouts":"default","ast-page-background-enabled":"default","ast-page-background-meta":{"desktop":{"background-color":"var(--ast-global-color-4)","background-image":"","background-repeat":"repeat","background-position":"center center","background-size":"auto","background-attachment":"scroll","background-type":"","background-media":"","overlay-type":"","overlay-color":"","overlay-opacity":"","overlay-gradient":""},"tablet":{"background-color":"","background-image":"","background-repeat":"repeat","background-position":"center center","background-size":"auto","background-attachment":"scroll","background-type":"","background-media":"","overlay-type":"","overlay-color":"","overlay-opacity":"","overlay-gradient":""},"mobile":{"background-color":"","background-image":"","background-repeat":"repeat","background-position":"center center","background-size":"auto","background-attachment":"scroll","background-type":"","background-media":"","overlay-type":"","overlay-color":"","overlay-opacity":"","overlay-gradient":""}},"ast-content-background-meta":{"desktop":{"background-color":"var(--ast-global-color-5)","background-image":"","background-repeat":"repeat","background-position":"center center","background-size":"auto","background-attachment":"scroll","background-type":"","background-media":"","overlay-type":"","overlay-color":"","overlay-opacity":"","overlay-gradient":""},"tablet":{"background-color":"var(--ast-global-color-5)","background-image":"","background-repeat":"repeat","background-position":"center center","background-size":"auto","background-attachment":"scroll","background-type":"","background-media":"","overlay-type":"","overlay-color":"","overlay-opacity":"","overlay-gradient":""},"mobile":{"background-color":"var(--ast-global-color-5)","background-image":"","background-repeat":"repeat","background-position":"center center","background-size":"auto","background-attachment":"scroll","background-type":"","background-media":"","overlay-type":"","overlay-color":"","overlay-opacity":"","overlay-gradient":""}},"footnotes":""},"categories":[16],"tags":[],"class_list":["post-1534","post","type-post","status-publish","format-standard","hentry","category-archives-cms"],"_links":{"self":[{"href":"https:\/\/lavoiedessansvoix.fr\/lavoie\/wp-json\/wp\/v2\/posts\/1534","targetHints":{"allow":["GET"]}}],"collection":[{"href":"https:\/\/lavoiedessansvoix.fr\/lavoie\/wp-json\/wp\/v2\/posts"}],"about":[{"href":"https:\/\/lavoiedessansvoix.fr\/lavoie\/wp-json\/wp\/v2\/types\/post"}],"author":[{"embeddable":true,"href":"https:\/\/lavoiedessansvoix.fr\/lavoie\/wp-json\/wp\/v2\/users\/1"}],"replies":[{"embeddable":true,"href":"https:\/\/lavoiedessansvoix.fr\/lavoie\/wp-json\/wp\/v2\/comments?post=1534"}],"version-history":[{"count":0,"href":"https:\/\/lavoiedessansvoix.fr\/lavoie\/wp-json\/wp\/v2\/posts\/1534\/revisions"}],"wp:attachment":[{"href":"https:\/\/lavoiedessansvoix.fr\/lavoie\/wp-json\/wp\/v2\/media?parent=1534"}],"wp:term":[{"taxonomy":"category","embeddable":true,"href":"https:\/\/lavoiedessansvoix.fr\/lavoie\/wp-json\/wp\/v2\/categories?post=1534"},{"taxonomy":"post_tag","embeddable":true,"href":"https:\/\/lavoiedessansvoix.fr\/lavoie\/wp-json\/wp\/v2\/tags?post=1534"}],"curies":[{"name":"wp","href":"https:\/\/api.w.org\/{rel}","templated":true}]}}