{"id":1533,"date":"2012-03-22T09:39:00","date_gmt":"2012-03-22T08:39:00","guid":{"rendered":"https:\/\/lavoiedessansvoix.fr\/lavoie\/2012\/03\/22\/archive-le-podium-des-ignominieux\/"},"modified":"2012-03-22T09:39:00","modified_gmt":"2012-03-22T08:39:00","slug":"archive-le-podium-des-ignominieux","status":"publish","type":"post","link":"https:\/\/lavoiedessansvoix.fr\/lavoie\/2012\/03\/22\/archive-le-podium-des-ignominieux\/","title":{"rendered":"LE PODIUM DES IGNOMINIEUX"},"content":{"rendered":"<p>LE PODIUM DES IGNOMINIEUX  D&rsquo;abord, il y a, il faut le dire clairement, l\u2019odieux, ce jeune homme, ce tueur froid qui abat des petites filles \u00e0 bout portant au pr\u00e9texte de venger les petites victimes palestiniennes d\u2019une autre horreur. Tuer des enfants pour venger des enfants ? R\u00e9pondre \u00e0 l\u2019horreur par l\u2019horreur ? La justification est bien s\u00fbr irrecevable. \u0152il pour \u0153il, dent pour dent, la loi du talion ? Jusqu\u2019o\u00f9 donc peut conduire cette culture barbare qui prend racine dans la Bible ? Les mots de la haine f\u00e9tide         La haine n\u2019est pas toujours un sentiment amoral. Elle est m\u00eame justifi\u00e9e et salutaire quand il s\u2019agit de ha\u00efr ses ennemies. Mieux, elle est consubstantielle du concept m\u00eame \u00ab d\u2019ennemis \u00bb. Mais la haine est f\u00e9tide quand elle est mal plac\u00e9e, quand elle s\u2019applique \u00e0 des individus, des groupes sociaux, des nations ou des croyances non parce que ce sont des ennemis av\u00e9r\u00e9s, mais comme d\u00e9fouloir, comme exutoire, d\u2019une col\u00e8re qu\u2019ils n\u2019ont pas r\u00e9ellement provoqu\u00e9e. Et la haine mal plac\u00e9e d\u00e9bouche n\u00e9cessairement sur l\u2019ignominie. C\u2019est ainsi que Marine Le Pen c\u2019est rang\u00e9e ce matin sur la premi\u00e8re marche du podium de l\u2019ignominie, en d\u00e9clarant que \u00ab l\u2019on avait sous-estim\u00e9 le danger fondamentaliste \u00bb Fa\u00e7on fort \u00e0 propos il faut en convenir de faire rentrer l\u2019actualit\u00e9 en r\u00e9sonnance avec sa campagne \u00e9lectorale en faisant cro\u00eetre le r\u00e9flexe islamophobe. Cette r\u00e9action est ignominieuse, car le probl\u00e8me, pour ne pas dire le message, qu\u2019il faut d\u00e9crypter dans les actes odieux de l\u2019assassin, n\u2019est pas celui de la \u00ab dangerosit\u00e9 \u00bb de l\u2019Islam, pas d\u2019avantage celle du fondamentalisme musulman et pas m\u00eame celle du \u00ab salafisme \u00bb. L\u2019abc\u00e8s c\u2019est celui des rancoeurs et des haines que cr\u00e9ent, accumulent ou entretiennent les vell\u00e9it\u00e9s interventionnistes de l\u2019imp\u00e9rialisme occidental, partout dans le monde ; celles que cr\u00e9ent, accumulent et entretiennent les souffrances et injustices multiformes impos\u00e9es aux peuples des th\u00e9\u00e2tres d\u2019op\u00e9rations.  Au demeurant, focaliser les regards sur l\u2019aspect religieux de la question, n\u2019est-ce pas le moyen de s\u2019exon\u00e9rer \u00e0 bon compte des responsabilit\u00e9s qui sont celles de nos pays et de nos gouvernements, de nous-m\u00eames opinions publiques et citoyens aux silences complices ? N\u2019est-ce pas le moyen de s\u2019exon\u00e9rer \u00e0 bon compte du n\u00e9cessaire inconfort d\u2019une remise en question ? Ceux de l\u2019ind\u00e9cence Le grand rabbin de France n\u2019a pas voulu manquer la deuxi\u00e8me marche du podium. Il rejette comme irrecevable, tout amalgame avec de certaines situations au proche orient. Mais il n\u2019appartient pas au rabbin ni a quiconque de d\u00e9cr\u00e9ter ce qui a un lien et ce qui n\u2019en a pas. Il serait bien venu en l\u2019occurrence de s\u2019en remettre \u00e0 une approche plus humble de la question, et de se limiter \u00e0 prendre acte des r\u00e9alit\u00e9s. Or le lien existe quoi qu&rsquo;il en soit. On peut, nous le faisons ci-devant, juger ces motivations irrecevables, elles n\u2019en sont pas moins av\u00e9r\u00e9es de l\u2019aveu m\u00eame de l\u2019assassin. Si certaines barbaries ne sauraient \u00eatre des justificatifs suffisants \u00e0 d\u2019autres barbaries, il n\u2019en reste pas moins qu\u2019elles sont sans nul doute g\u00e9n\u00e9ratrices de frustrations de haine et de d\u00e9gouts et peuvent constituer un terreau favorable \u00e0 des r\u00e9actions insens\u00e9es. Il n\u2019y a pas de lien, proteste le grand rabbin,  pourtant, qui horrifi\u00e9 par l\u2019assassinat des petites filles de l\u2019\u00e9cole juive de Toulouse aurait l\u2019ind\u00e9cence de dire qu\u2019il le fut moins le 16 janvier 2009, par la mort des trois filles du docteur Al-Eich, tu\u00e9es \u00e0 Gaza dans leur maison pulv\u00e9ris\u00e9e par un tir d\u2019obus de char isra\u00e9lien ? Dans lequel de ces deux cas l\u2019amoralisme est-il le plus patent ? Dans l\u2019acte d\u00e9lirant d\u2019un tueur fanatis\u00e9 et isol\u00e9 ou dans celui d\u00e9lib\u00e9r\u00e9 et cynique d\u2019une arm\u00e9e pr\u00e9tendant agir au nom de la l\u00e9galit\u00e9, de la d\u00e9mocratie et de l\u2019autod\u00e9fense, qui \u00ab reconnait sa responsabilit\u00e9 \u00bb, mais seulement pour s\u2019autojustifier. ? Et ceux du cynisme         Benyamin N\u00e9tanyahou \u00e9tait bien s\u00fbr un peu en d\u00e9calage avec ce qui se passait sur la sc\u00e8ne fran\u00e7aise. C\u2019est pourquoi il a rat\u00e9 la premi\u00e8re et la seconde, mais aura bien m\u00e9rit\u00e9 tout de m\u00eame d\u2019acc\u00e9der \u00e0 la troisi\u00e8me marche du podium de l\u2019ignominie. Il a d\u00e9clar\u00e9 \u00e0 l\u2019adresse des politiques et journalistes fran\u00e7ais qu\u2019il leur fallait faire attention quand ils parlent des enfants palestiniens tu\u00e9s dans les territoires, car cela pouvait attiser les haines et justifier des fous \u00e0 passer \u00e0 l\u2019acte. Notons tout de m\u00eame et tout de suite que le premier ministre isra\u00e9lien en identifiants ainsi des liens de cause \u00e0 effet contredit lui-m\u00eame les d\u00e9clarations du grand rabbin de France. Mais cela n\u2019est qu\u2019anecdotique. Le fond de la question qui le classe aux premiers rangs des ignominieux, c\u2019est qu\u2019il vient en quelque sorte de sugg\u00e9rer \u00e0 la presse fran\u00e7aise de faire le silence quand \u00ab Tsahal \u00bb op\u00e8re et d\u00e9rape*. Selon lui, ce ne sont donc pas les horreurs commises par l\u2019arm\u00e9e de \u00ab l\u2019\u00c9tat juif \u00bb qui seraient g\u00e9n\u00e9ratrices de haines et de rancoeurs, mais l\u2019information qui en fait \u00e9tat.  Patrick Seignon. *Or, les journalistes fran\u00e7ais, pour la plupart grands amis de \u00ab l\u2019\u00c9tat juif \u00bb, savent d\u2019eux m\u00eame ce qu\u2019ils ont a faire. Le premier ministre isra\u00e9lien n\u2019avait pas besoin de dire cela. On a vu ces derniers jours, comment les m\u00e9dias fran\u00e7ais ont omis de couvrir les derniers \u00e9v\u00e8nements \u00e0 Gaza . La densit\u00e9 de l\u2019actualit\u00e9 et la campagne \u00e9lectorale leur permettent de cacher leur forfait.<\/p>\n","protected":false},"excerpt":{"rendered":"<p>LE PODIUM DES IGNOMINIEUX D&rsquo;abord, il y a, il faut le dire clairement, l\u2019odieux, ce jeune homme, ce tueur froid [&hellip;]<\/p>\n","protected":false},"author":1,"featured_media":0,"comment_status":"open","ping_status":"open","sticky":false,"template":"","format":"standard","meta":{"sfsi_plus_gutenberg_text_before_share":"","sfsi_plus_gutenberg_show_text_before_share":"","sfsi_plus_gutenberg_icon_type":"","sfsi_plus_gutenberg_icon_alignemt":"","sfsi_plus_gutenburg_max_per_row":"","site-sidebar-layout":"default","site-content-layout":"","ast-site-content-layout":"default","site-content-style":"default","site-sidebar-style":"default","ast-global-header-display":"","ast-banner-title-visibility":"","ast-main-header-display":"","ast-hfb-above-header-display":"","ast-hfb-below-header-display":"","ast-hfb-mobile-header-display":"","site-post-title":"","ast-breadcrumbs-content":"","ast-featured-img":"","footer-sml-layout":"","ast-disable-related-posts":"","theme-transparent-header-meta":"","adv-header-id-meta":"","stick-header-meta":"","header-above-stick-meta":"","header-main-stick-meta":"","header-below-stick-meta":"","astra-migrate-meta-layouts":"default","ast-page-background-enabled":"default","ast-page-background-meta":{"desktop":{"background-color":"var(--ast-global-color-4)","background-image":"","background-repeat":"repeat","background-position":"center center","background-size":"auto","background-attachment":"scroll","background-type":"","background-media":"","overlay-type":"","overlay-color":"","overlay-opacity":"","overlay-gradient":""},"tablet":{"background-color":"","background-image":"","background-repeat":"repeat","background-position":"center center","background-size":"auto","background-attachment":"scroll","background-type":"","background-media":"","overlay-type":"","overlay-color":"","overlay-opacity":"","overlay-gradient":""},"mobile":{"background-color":"","background-image":"","background-repeat":"repeat","background-position":"center center","background-size":"auto","background-attachment":"scroll","background-type":"","background-media":"","overlay-type":"","overlay-color":"","overlay-opacity":"","overlay-gradient":""}},"ast-content-background-meta":{"desktop":{"background-color":"var(--ast-global-color-5)","background-image":"","background-repeat":"repeat","background-position":"center center","background-size":"auto","background-attachment":"scroll","background-type":"","background-media":"","overlay-type":"","overlay-color":"","overlay-opacity":"","overlay-gradient":""},"tablet":{"background-color":"var(--ast-global-color-5)","background-image":"","background-repeat":"repeat","background-position":"center center","background-size":"auto","background-attachment":"scroll","background-type":"","background-media":"","overlay-type":"","overlay-color":"","overlay-opacity":"","overlay-gradient":""},"mobile":{"background-color":"var(--ast-global-color-5)","background-image":"","background-repeat":"repeat","background-position":"center center","background-size":"auto","background-attachment":"scroll","background-type":"","background-media":"","overlay-type":"","overlay-color":"","overlay-opacity":"","overlay-gradient":""}},"footnotes":""},"categories":[16],"tags":[],"class_list":["post-1533","post","type-post","status-publish","format-standard","hentry","category-archives-cms"],"_links":{"self":[{"href":"https:\/\/lavoiedessansvoix.fr\/lavoie\/wp-json\/wp\/v2\/posts\/1533","targetHints":{"allow":["GET"]}}],"collection":[{"href":"https:\/\/lavoiedessansvoix.fr\/lavoie\/wp-json\/wp\/v2\/posts"}],"about":[{"href":"https:\/\/lavoiedessansvoix.fr\/lavoie\/wp-json\/wp\/v2\/types\/post"}],"author":[{"embeddable":true,"href":"https:\/\/lavoiedessansvoix.fr\/lavoie\/wp-json\/wp\/v2\/users\/1"}],"replies":[{"embeddable":true,"href":"https:\/\/lavoiedessansvoix.fr\/lavoie\/wp-json\/wp\/v2\/comments?post=1533"}],"version-history":[{"count":0,"href":"https:\/\/lavoiedessansvoix.fr\/lavoie\/wp-json\/wp\/v2\/posts\/1533\/revisions"}],"wp:attachment":[{"href":"https:\/\/lavoiedessansvoix.fr\/lavoie\/wp-json\/wp\/v2\/media?parent=1533"}],"wp:term":[{"taxonomy":"category","embeddable":true,"href":"https:\/\/lavoiedessansvoix.fr\/lavoie\/wp-json\/wp\/v2\/categories?post=1533"},{"taxonomy":"post_tag","embeddable":true,"href":"https:\/\/lavoiedessansvoix.fr\/lavoie\/wp-json\/wp\/v2\/tags?post=1533"}],"curies":[{"name":"wp","href":"https:\/\/api.w.org\/{rel}","templated":true}]}}