{"id":1531,"date":"2012-03-25T03:30:00","date_gmt":"2012-03-25T01:30:00","guid":{"rendered":"https:\/\/lavoiedessansvoix.fr\/lavoie\/2012\/03\/25\/archive-mohamed-merah-et-s-il-s-agissait-d-une-manipulation\/"},"modified":"2012-03-25T03:30:00","modified_gmt":"2012-03-25T01:30:00","slug":"archive-mohamed-merah-et-s-il-s-agissait-d-une-manipulation","status":"publish","type":"post","link":"https:\/\/lavoiedessansvoix.fr\/lavoie\/2012\/03\/25\/archive-mohamed-merah-et-s-il-s-agissait-d-une-manipulation\/","title":{"rendered":"MOHAMED MERAH ! Et S&rsquo;IL S&rsquo;AGISSAIT D&rsquo;UNE MANIPULATION ?"},"content":{"rendered":"<p>MOHAMED MERAH,ET S\u2019il S\u2019AGISSAIT D\u2019UNE MANIPULATION ? Un pr\u00e9alable tout d\u2019abord. Comme d&rsquo;aucuns voudront bien nous l\u2019ass\u00e9ner, L\u2019horreur suscit\u00e9e par les \u00e9v\u00e8nements de Toulouse et Montauban rend elle ind\u00e9cente cette question ? Ceux qui l\u2019affirment ont l\u2019espoir de nous r\u00e9duire au silence ou \u00e0 tout le moins d\u2019invalider notre propos. Eh bien non, pas le moins du monde, r\u00e9pondons-nous !. On ne compte plus \u00e0 ce jour les affaires autant horribles que c\u00e9l\u00e8bres, attribu\u00e9es \u00e0 des terroristes ou groupes extr\u00e9mistes, qui se sont r\u00e9v\u00e9l\u00e9es n\u2019\u00eatres quelques ann\u00e9es plus tard, d\u2019odieuses manipulations des services secrets ou manigances diverses. Nous n\u2019en citerons qu\u2019une, l\u2019assassinat d\u2019Ado Moro par exemple. Nous laissons \u00e0 d\u2019autres le soin de compl\u00e9ter ce chapitre, ne peut-on citer une des derni\u00e8res en date et des plus odieuses, car aux plus hauts niveaux des \u00c9tats et du monde, qui eut pour objet d\u2019abuser l\u2019opinion publique mondiale tout enti\u00e8re, nous voulons parler des mensonges des services secrets am\u00e9ricains pour donner aux pouvoirs mati\u00e8re \u00e0 justifier la guerre en Irak ? Alors, non ce n\u2019est pas ind\u00e9cent de se poser une telle question, c\u2019est m\u00eame un devoir aux citoyens conscients de n\u2019\u00e9carter aucune hypoth\u00e8se \u00e0 priori, parut-elle une injure au sens commun. Mohammed Merah \u00e9tait connu de la DCRI. D\u00e8s le premier meurtre de soldat \u00e0 Toulouse, son nom apparaissait dans la liste des suspects. 17e RGP = Afghanistan, comment d\u00e9s cette heure ne pas faire le lien avec le profil particulier de ce gar\u00e7on. Pourquoi n\u2019a-t-il pas \u00e9tait au moins convoqu\u00e9 pour un interrogatoire de routine, sur son emploi du temps par exemple ? Toutes les r\u00e9ponses partielles qui ont \u00e9t\u00e9 faites jusqu\u2019ici \u00e0 ce questionnement ne sont pas convaincantes. Nous a-t-on amus\u00e9s ? Drogue, trafic d\u2019armes, vengeance d\u2019un candidat \u00e9conduit par l\u2019arm\u00e9e. Ne s\u2019agissait-il pas de tergiversations pour gagner du temps pour lui laisser la latitude d\u2019agir ? Le premier meurtre \u00e0 lui tout seul n\u2019\u00e9tant pas de nature \u00e0 frapper les esprits. Nouveaux meurtres de soldat du 17 RGP,= Afghanistan. Cette fois \u00e0 Montauban. Or, ces soldats sont d\u2019origine maghr\u00e9bine, le premier \u00e9tait antillais, ne s\u2019agirait-il pas d\u2019un acte raciste ? Nous aurait-on amus\u00e9s encore, et encore gagn\u00e9 du temps, l\u2019horreur n\u2019ayant pas \u00e0 ce stade saisie l\u2019opinion ? Or, d\u2019autres \u00e9l\u00e9ments laissent perplexe et renforcent la suspicion de coup fourr\u00e9. La mort. On nous a dit et r\u00e9p\u00e9t\u00e9 \u00e0 sati\u00e9t\u00e9 qu\u2019on voulait l\u2019arr\u00eater vivant. Pour en savoir plus, pour le faire parler. On a fait durer le si\u00e8ge pour donner du cr\u00e9dit \u00e0 cette \u2019id\u00e9e qu\u2019on voulait le prendre vivant et attester ainsi sa bonne foi. Mais n\u2019\u00e9tai ce pas pour \u00e9luder, pour anesth\u00e9sier l\u2019opinion, pourquoi, au bout de cette longue attente dont on supputait que l\u2019objet \u00e9tait de l\u2019\u00e9puiser, d\u00e9clenche-t-on un assaut violent et meurtrier. \u00ab Il a saut\u00e9 par la fen\u00eatre, une arme \u00e0 la main, en tirant, on l\u2019a retrouv\u00e9 mort sur le parking de l\u2019autre c\u00f4t\u00e9 \u00bb. Cette phrase du ministre de l\u2019Int\u00e9rieur traduit son embarras. Comment dire apr\u00e8s avoir jur\u00e9 qu\u2019on le voulait vivant, qu\u2019on l\u2019avait simplement abattu ? Comme si on ne savait pas de quoi il \u00e9tait mort, une balle en pleine t\u00eate, comme si l\u2019on rechignait encore \u00e0 reconnaitre qu\u2019on l\u2019avait tout bonnement ex\u00e9cut\u00e9. Pourtant, l\u2019appr\u00e9hender vivant \u00e9tait possible, le t\u00e9moignage de Christian Prouteau ancien commandant et fondateur du GIGN, l\u2019atteste de sa haute expertise.  Alors, malgr\u00e9 toutes les professions de foi, la main sur le c\u0153ur, qu\u2019on le voulait vivant, n\u2019est-on pas fond\u00e9s \u00e0 penser qu\u2019en v\u00e9rit\u00e9 on avait pris de longtemps la r\u00e9solution de l\u2019abattre ? Mais dans ce cas pourquoi ? Ne fallait-il pas le tuer pour \u00e9viter qu\u2019il ne fasse des r\u00e9v\u00e9lations embarrassantes pour les autorit\u00e9s . Par exemple, pourquoi avait-il choisi d\u2019agir maintenant, \u00e0 la charni\u00e8re de la campagne \u00e9lectorale fran\u00e7aise, quand on passait de la campagne officieuse \u00e0 l\u2019officielle ? Comment a-t-il s\u00e9lectionn\u00e9 ses cibles ? Au journal de la 2, ce 22 mars, \u00e0 13 heures 20, un t\u00e9moignage journalistique \u00e9piloguait sur des pratiques en cours aux \u00c9tats-Unis, pour pi\u00e9ger les terroristes potentiels. Ces m\u00e9thodes fort contestables, \u00ab pousse au crime \u00bb, disent certaines critiques, ne datent pas d\u2019aujourd\u2019hui, elles furent amplement utilis\u00e9es par la police tsariste avant la r\u00e9volution russe, ils appelaient \u00e7a \u00ab l\u2019agrainage \u00bb, mot d\u00e9riv\u00e9 d\u2019une technique de chasse fort amorale. Comment, disait la reporter de la 2, les services secrets am\u00e9ricains s\u2019y prennent-ils pour \u00ab neutraliser \u00bb un terroriste islamiste potentiel ?  Ils rentrent en contact avec lui, il croit parler \u00e0 un contact d\u2019al-Qaida, en fait il est pi\u00e9g\u00e9, il parle \u00e0 un agent des services secrets. \u00bb Chacun a entendu parler de plusieurs affaires de ce genre ces derniers mois, ou des terroristes pr\u00e9sum\u00e9s pi\u00e9g\u00e9s ont \u00e9t\u00e9 arr\u00eat\u00e9s pour de pr\u00e9tendues tentatives de pr\u00e9tendus attentats en v\u00e9rit\u00e9 mont\u00e9s de toutes pi\u00e8ces par les services secrets am\u00e9ricains. Nous avons entendu r\u00e9cemment de bonnes gens s\u2019indigner de pratiques discutables des services de polices mexicaines. Les m\u00eames ne seraient-ils pas bien venus de s\u2019indigner des pratiques plus que douteuses des services secrets am\u00e9ricains ? Mais l\u00e0 n\u2019est pas notre propos. Ce t\u00e9moignage, \u00e9manent d\u2019une t\u00e9l\u00e9vision officielle est tout \u00e0 fait pr\u00e9cieux. Il montre \u00e0 quel point, l\u2019activation \u00ab d\u2019une bombe terroriste dormante \u00bb par des services secrets occidentaux, ne rel\u00e8ve pas de notre esprit tordu ou malade, mais est au contraire une r\u00e9alit\u00e9 av\u00e9r\u00e9e. Il existe, dans nos soci\u00e9t\u00e9s occidentales, r\u00e9sultats des rancoeurs et des haines que cr\u00e9ent, accumulent ou entretiennent les vell\u00e9it\u00e9s interventionnistes de l\u2019imp\u00e9rialisme occidental, partout dans le monde ; et les souffrances et injustices multiformes impos\u00e9es aux peuples des th\u00e9\u00e2tres d\u2019op\u00e9rations, des cellules, des individus, v\u00e9ritables bombes terroristes dormantes qui attendent d\u2019\u00eatre activ\u00e9es. D\u00e8s lors, comment ne pas envisager que \u00ab la bombe terroriste dormante \u00bb qu\u2019\u00e9tait Mohamed Merah, ait \u00e9t\u00e9 activ\u00e9e \u00e0 un moment \u00ab opportun \u00bb choisit par des services secrets, pour des motivations que nous laisserons chacun libre d\u2019imaginer ? En tout cas, un certain nombre d\u2019\u00e9l\u00e9ments convergents pourraient donner \u00e0 le croire. 23 mars 2012. Patrick Seignon.<\/p>\n","protected":false},"excerpt":{"rendered":"<p>MOHAMED MERAH,ET S\u2019il S\u2019AGISSAIT D\u2019UNE MANIPULATION ? Un pr\u00e9alable tout d\u2019abord. Comme d&rsquo;aucuns voudront bien nous l\u2019ass\u00e9ner, L\u2019horreur suscit\u00e9e par [&hellip;]<\/p>\n","protected":false},"author":1,"featured_media":0,"comment_status":"open","ping_status":"open","sticky":false,"template":"","format":"standard","meta":{"sfsi_plus_gutenberg_text_before_share":"","sfsi_plus_gutenberg_show_text_before_share":"","sfsi_plus_gutenberg_icon_type":"","sfsi_plus_gutenberg_icon_alignemt":"","sfsi_plus_gutenburg_max_per_row":"","site-sidebar-layout":"default","site-content-layout":"","ast-site-content-layout":"default","site-content-style":"default","site-sidebar-style":"default","ast-global-header-display":"","ast-banner-title-visibility":"","ast-main-header-display":"","ast-hfb-above-header-display":"","ast-hfb-below-header-display":"","ast-hfb-mobile-header-display":"","site-post-title":"","ast-breadcrumbs-content":"","ast-featured-img":"","footer-sml-layout":"","ast-disable-related-posts":"","theme-transparent-header-meta":"","adv-header-id-meta":"","stick-header-meta":"","header-above-stick-meta":"","header-main-stick-meta":"","header-below-stick-meta":"","astra-migrate-meta-layouts":"default","ast-page-background-enabled":"default","ast-page-background-meta":{"desktop":{"background-color":"var(--ast-global-color-4)","background-image":"","background-repeat":"repeat","background-position":"center center","background-size":"auto","background-attachment":"scroll","background-type":"","background-media":"","overlay-type":"","overlay-color":"","overlay-opacity":"","overlay-gradient":""},"tablet":{"background-color":"","background-image":"","background-repeat":"repeat","background-position":"center center","background-size":"auto","background-attachment":"scroll","background-type":"","background-media":"","overlay-type":"","overlay-color":"","overlay-opacity":"","overlay-gradient":""},"mobile":{"background-color":"","background-image":"","background-repeat":"repeat","background-position":"center center","background-size":"auto","background-attachment":"scroll","background-type":"","background-media":"","overlay-type":"","overlay-color":"","overlay-opacity":"","overlay-gradient":""}},"ast-content-background-meta":{"desktop":{"background-color":"var(--ast-global-color-5)","background-image":"","background-repeat":"repeat","background-position":"center center","background-size":"auto","background-attachment":"scroll","background-type":"","background-media":"","overlay-type":"","overlay-color":"","overlay-opacity":"","overlay-gradient":""},"tablet":{"background-color":"var(--ast-global-color-5)","background-image":"","background-repeat":"repeat","background-position":"center center","background-size":"auto","background-attachment":"scroll","background-type":"","background-media":"","overlay-type":"","overlay-color":"","overlay-opacity":"","overlay-gradient":""},"mobile":{"background-color":"var(--ast-global-color-5)","background-image":"","background-repeat":"repeat","background-position":"center center","background-size":"auto","background-attachment":"scroll","background-type":"","background-media":"","overlay-type":"","overlay-color":"","overlay-opacity":"","overlay-gradient":""}},"footnotes":""},"categories":[16],"tags":[],"class_list":["post-1531","post","type-post","status-publish","format-standard","hentry","category-archives-cms"],"_links":{"self":[{"href":"https:\/\/lavoiedessansvoix.fr\/lavoie\/wp-json\/wp\/v2\/posts\/1531","targetHints":{"allow":["GET"]}}],"collection":[{"href":"https:\/\/lavoiedessansvoix.fr\/lavoie\/wp-json\/wp\/v2\/posts"}],"about":[{"href":"https:\/\/lavoiedessansvoix.fr\/lavoie\/wp-json\/wp\/v2\/types\/post"}],"author":[{"embeddable":true,"href":"https:\/\/lavoiedessansvoix.fr\/lavoie\/wp-json\/wp\/v2\/users\/1"}],"replies":[{"embeddable":true,"href":"https:\/\/lavoiedessansvoix.fr\/lavoie\/wp-json\/wp\/v2\/comments?post=1531"}],"version-history":[{"count":0,"href":"https:\/\/lavoiedessansvoix.fr\/lavoie\/wp-json\/wp\/v2\/posts\/1531\/revisions"}],"wp:attachment":[{"href":"https:\/\/lavoiedessansvoix.fr\/lavoie\/wp-json\/wp\/v2\/media?parent=1531"}],"wp:term":[{"taxonomy":"category","embeddable":true,"href":"https:\/\/lavoiedessansvoix.fr\/lavoie\/wp-json\/wp\/v2\/categories?post=1531"},{"taxonomy":"post_tag","embeddable":true,"href":"https:\/\/lavoiedessansvoix.fr\/lavoie\/wp-json\/wp\/v2\/tags?post=1531"}],"curies":[{"name":"wp","href":"https:\/\/api.w.org\/{rel}","templated":true}]}}