{"id":1529,"date":"2012-03-30T03:01:00","date_gmt":"2012-03-30T01:01:00","guid":{"rendered":"https:\/\/lavoiedessansvoix.fr\/lavoie\/2012\/03\/30\/archive-la-monstruosite-des-actes-autorise-t-elle-la-dissimulation-de-la-verite\/"},"modified":"2012-03-30T03:01:00","modified_gmt":"2012-03-30T01:01:00","slug":"archive-la-monstruosite-des-actes-autorise-t-elle-la-dissimulation-de-la-verite","status":"publish","type":"post","link":"https:\/\/lavoiedessansvoix.fr\/lavoie\/2012\/03\/30\/archive-la-monstruosite-des-actes-autorise-t-elle-la-dissimulation-de-la-verite\/","title":{"rendered":"LA MONSTRUOSIT\u00c9 DES ACTES AUTORISE-T-ELLE LA DISSIMULATION DE LA V\u00c9RIT\u00c9 ?"},"content":{"rendered":"<p>LA MONSTRUOSIT\u00c9 DES ACTES AUTORISE-T-ELLE LA DISSIMULATION DE LA V\u00c9RIT\u00c9 ?Le p\u00e8re de Mohamed Merah souhaite porter plainte contre l\u2019\u00e9tat fran\u00e7ais qui a tu\u00e9 son fils. Alain Jupp\u00e9 lui r\u00e9plique \u00ab si j\u2019\u00e9tais le p\u00e8re d\u2019un tel monstre je me terrerais dans un trou. Outre la tonalit\u00e9 insultante de cette r\u00e9partie, il faut noter qu\u2019elle est empreinte de forts relents d\u2019inhumanit\u00e9 et d\u2019un grand m\u00e9pris pour la justice et la v\u00e9rit\u00e9. Toutes choses surprenantes dans l\u2019expression publique d\u2019un haut dignitaire de l\u2019\u00e9tat. Mohamed Merah est un monstre ? C\u2019est un jugement moral qui ne fait pas avancer \u201cle schmilblick\u201d, ni la compr\u00e9hension des r\u00e9alit\u00e9s, ni n\u2019apporte aucun \u00e9clairage de la v\u00e9rit\u00e9. Mais soit, prenons le pour dit et passons. En droit p\u00e9nal fran\u00e7ais, il n\u2019existe pas de notion de responsabilit\u00e9 collective. \u00ab La monstruosit\u00e9 \u00bb d\u00e9cr\u00e9t\u00e9e du fils ne fait pas un monstre de celui qui l\u2019a engendr\u00e9 et n\u2019autorise en rien \u00e0 l\u2019insulter, lui et son amour filial. Pour \u00eatre \u201cmonstre \u201d, Mohamed Merah n\u2019en \u00e9tait pas moins un fils et Mohamed Benlalel est un p\u00e8re. Un p\u00e8re qui lui aussi a perdu un fils qui que soit ce dernier. Les vaines insultes que lui adressent Jupp\u00e9, et Sarkozy dans la foul\u00e9e du premier, ne grandissent pas ceux qui les prof\u00e8rent. Mais allons au-del\u00e0 des \u00e9clats de voix. L\u2019injure faite au p\u00e8re ne t\u00e9moigne-t-elle pas de l\u2019embarras des autorit\u00e9s ? Ne s\u2019agit-il pas d\u2019intimider le plaignant en disqualifiant sa plainte \u00e0 peine formul\u00e9e. L\u2019\u00c9tat, ses plus hautes autorit\u00e9s auraient-elles quelque chose \u00e0 cacher ? Les \u00ab terroristes \u00bb tuent, froidement, ils sont \u00ab extr\u00e9mistes, embrigad\u00e9s, fous, monstrueux, fanatiques \u00bb. Mais \u00ab l\u2019\u00c9tat de droit \u00bb fran\u00e7ais, lui, n\u2019est rien de tout cela, il ne tue pas ? Ce n\u2019est pas son r\u00f4le ? Il a des lois, les fait respecter et appr\u00e9hende les contrevenants. D\u2019ailleurs, la peine de mort n\u2019est plus en vigueur chez nous depuis 1981 et aucun tribunal n\u2019est habilit\u00e9 \u00e0 la prononcer contre qui que ce soit. A fortiori, aucun officier de police ou de gendarmerie, aucun fonctionnaire quel que soit son rang ni aucun donneur d\u2019ordre, n\u2019est habilit\u00e9 \u00e0 l\u2019appliquer, de mani\u00e8re pr\u00e9ventive en quelque sorte et sans aucune forme de proc\u00e8s, La peine de mort est bannie de notre arsenal p\u00e9nal, peut-on tol\u00e9rer qu\u2019elle soit tout de m\u00eame appliqu\u00e9e \u00e0 la discr\u00e9tion de ceux-l\u00e0 m\u00eames dont le r\u00f4le est d\u2019appr\u00e9hender et non de tuer les pr\u00e9venus. La mission de l\u2019\u00c9tat et de ses serviteurs policiers, GIGN compris, c\u2019est de d\u00e9f\u00e9rer vivants, \u00e0 la justice, les d\u00e9linquants les fous les assassins et les terroristes afin que soit faite toute la lumi\u00e8re sur leur forfait. Alors, on peut tenter de discr\u00e9diter notre propos en r\u00e9torquant de mani\u00e8re condescendante, que cela est facile \u00e0 dire et moins ais\u00e9 \u00e0 faire, et que \u00ab les d\u00e9cideurs, les vrais \u00bb n\u2019ont que faire des conseils des \u201cdonneurs de le\u00e7ons de tous bords \u201d. Mais nous non plus ne manquons pas de r\u00e9parties, c\u2019est pourquoi nous r\u00e9pliquons imm\u00e9diatement : les \u00ab d\u00e9cideurs de l\u2019\u00c9tat qui ne sont pas capables d\u2019appliquer les propres principes de cette institution ni d\u2019en respecter eux-m\u00eames les lois et les r\u00e8gles doivent sans plus tarder laisser la place \u00e0 des gens plus comp\u00e9tents qu\u2019eux. Un grand pays comme le n\u00f4tre en regorge.  On ne se taira pas, bien que nous ne pr\u00e9tendions donner de le\u00e7ons \u00e0 personne. On peut faire preuve d\u2019humilit\u00e9 sans que cela amortisse notre exigence de v\u00e9rit\u00e9. Or, dans le cas d\u2019esp\u00e8ce ce n\u2019est pas nous qui faisons la le\u00e7on, mais un monsieur qui de par son pass\u00e9 et son expertise est totalement habilit\u00e9 \u00e0 le faire et hors soup\u00e7on d\u2019impartialit\u00e9. Ce monsieur c\u2019est Christian Proutaud fondateur et ancien patron du GIGN. Qui a dit que cueillir Mohamed Merah vivant \u00e9tait possible. Alors si on ne l\u2019a pas fait, et si au demeurant on veut faire taire ceux qui disent cela et veulent en savoir plus, c\u2019est sans nul doute parce qu\u2019il y a des choses \u00e0 cacher \u00e0 l\u2019opinion publique. Mohamed Merah s\u2019est conduit en monstre ? Cette v\u00e9rit\u00e9 lapidaire n\u2019a-t-elle pas pour fonction de \u2018fermer le clapet \u2019 \u00e0 tous ceux qui r\u00e9clament la lumi\u00e8re ? N\u2019y aurait-il pas dans cette affaire des services ou des hommes que l\u2019\u00e9clairage de la v\u00e9rit\u00e9 d\u00e9signerait comme tout aussi monstrueux ou plus encore ? Plus cyniques, parce qu\u2019ils ont tir\u00e9 les ficelles, parce qu\u2019ils auraient instrumentalis\u00e9 la d\u00e9rive meurtri\u00e8re d\u2019un jeune paum\u00e9 de banlieue ? Le p\u00e8re de Mohamed Merah veut porter plainte contre la France, il ne se satisfait pas de la v\u00e9rit\u00e9 officielle un peu courte, il a raison ! Sa plainte n\u2019est-elle pas la meilleure fa\u00e7on de faire valoir l\u2019exigence de la v\u00e9rit\u00e9 ? Tous ceux, et ils sont nombreux, qui comme nous d\u00e9noncent les zones d\u2019ombres de cette affaire, ne peuvent que lui donner raison et l\u2019appuyer dans sa difficile d\u00e9marche.<\/p>\n","protected":false},"excerpt":{"rendered":"<p>LA MONSTRUOSIT\u00c9 DES ACTES AUTORISE-T-ELLE LA DISSIMULATION DE LA V\u00c9RIT\u00c9 ?Le p\u00e8re de Mohamed Merah souhaite porter plainte contre l\u2019\u00e9tat [&hellip;]<\/p>\n","protected":false},"author":1,"featured_media":0,"comment_status":"open","ping_status":"open","sticky":false,"template":"","format":"standard","meta":{"sfsi_plus_gutenberg_text_before_share":"","sfsi_plus_gutenberg_show_text_before_share":"","sfsi_plus_gutenberg_icon_type":"","sfsi_plus_gutenberg_icon_alignemt":"","sfsi_plus_gutenburg_max_per_row":"","site-sidebar-layout":"default","site-content-layout":"","ast-site-content-layout":"default","site-content-style":"default","site-sidebar-style":"default","ast-global-header-display":"","ast-banner-title-visibility":"","ast-main-header-display":"","ast-hfb-above-header-display":"","ast-hfb-below-header-display":"","ast-hfb-mobile-header-display":"","site-post-title":"","ast-breadcrumbs-content":"","ast-featured-img":"","footer-sml-layout":"","ast-disable-related-posts":"","theme-transparent-header-meta":"","adv-header-id-meta":"","stick-header-meta":"","header-above-stick-meta":"","header-main-stick-meta":"","header-below-stick-meta":"","astra-migrate-meta-layouts":"default","ast-page-background-enabled":"default","ast-page-background-meta":{"desktop":{"background-color":"var(--ast-global-color-4)","background-image":"","background-repeat":"repeat","background-position":"center center","background-size":"auto","background-attachment":"scroll","background-type":"","background-media":"","overlay-type":"","overlay-color":"","overlay-opacity":"","overlay-gradient":""},"tablet":{"background-color":"","background-image":"","background-repeat":"repeat","background-position":"center center","background-size":"auto","background-attachment":"scroll","background-type":"","background-media":"","overlay-type":"","overlay-color":"","overlay-opacity":"","overlay-gradient":""},"mobile":{"background-color":"","background-image":"","background-repeat":"repeat","background-position":"center center","background-size":"auto","background-attachment":"scroll","background-type":"","background-media":"","overlay-type":"","overlay-color":"","overlay-opacity":"","overlay-gradient":""}},"ast-content-background-meta":{"desktop":{"background-color":"var(--ast-global-color-5)","background-image":"","background-repeat":"repeat","background-position":"center center","background-size":"auto","background-attachment":"scroll","background-type":"","background-media":"","overlay-type":"","overlay-color":"","overlay-opacity":"","overlay-gradient":""},"tablet":{"background-color":"var(--ast-global-color-5)","background-image":"","background-repeat":"repeat","background-position":"center center","background-size":"auto","background-attachment":"scroll","background-type":"","background-media":"","overlay-type":"","overlay-color":"","overlay-opacity":"","overlay-gradient":""},"mobile":{"background-color":"var(--ast-global-color-5)","background-image":"","background-repeat":"repeat","background-position":"center center","background-size":"auto","background-attachment":"scroll","background-type":"","background-media":"","overlay-type":"","overlay-color":"","overlay-opacity":"","overlay-gradient":""}},"footnotes":""},"categories":[16],"tags":[],"class_list":["post-1529","post","type-post","status-publish","format-standard","hentry","category-archives-cms"],"_links":{"self":[{"href":"https:\/\/lavoiedessansvoix.fr\/lavoie\/wp-json\/wp\/v2\/posts\/1529","targetHints":{"allow":["GET"]}}],"collection":[{"href":"https:\/\/lavoiedessansvoix.fr\/lavoie\/wp-json\/wp\/v2\/posts"}],"about":[{"href":"https:\/\/lavoiedessansvoix.fr\/lavoie\/wp-json\/wp\/v2\/types\/post"}],"author":[{"embeddable":true,"href":"https:\/\/lavoiedessansvoix.fr\/lavoie\/wp-json\/wp\/v2\/users\/1"}],"replies":[{"embeddable":true,"href":"https:\/\/lavoiedessansvoix.fr\/lavoie\/wp-json\/wp\/v2\/comments?post=1529"}],"version-history":[{"count":0,"href":"https:\/\/lavoiedessansvoix.fr\/lavoie\/wp-json\/wp\/v2\/posts\/1529\/revisions"}],"wp:attachment":[{"href":"https:\/\/lavoiedessansvoix.fr\/lavoie\/wp-json\/wp\/v2\/media?parent=1529"}],"wp:term":[{"taxonomy":"category","embeddable":true,"href":"https:\/\/lavoiedessansvoix.fr\/lavoie\/wp-json\/wp\/v2\/categories?post=1529"},{"taxonomy":"post_tag","embeddable":true,"href":"https:\/\/lavoiedessansvoix.fr\/lavoie\/wp-json\/wp\/v2\/tags?post=1529"}],"curies":[{"name":"wp","href":"https:\/\/api.w.org\/{rel}","templated":true}]}}