{"id":1526,"date":"2012-04-03T17:13:00","date_gmt":"2012-04-03T15:13:00","guid":{"rendered":"https:\/\/lavoiedessansvoix.fr\/lavoie\/2012\/04\/03\/archive-l-indigne-recuperation-du-candidat-sarkozy\/"},"modified":"2012-04-03T17:13:00","modified_gmt":"2012-04-03T15:13:00","slug":"archive-l-indigne-recuperation-du-candidat-sarkozy","status":"publish","type":"post","link":"https:\/\/lavoiedessansvoix.fr\/lavoie\/2012\/04\/03\/archive-l-indigne-recuperation-du-candidat-sarkozy\/","title":{"rendered":"L&rsquo;indigne r\u00e9cup\u00e9ration du candidat Sarkozy"},"content":{"rendered":"<p>Dans notre article du 30 mars 2012, \u00ab DE LA GRAINE DE DICTATEUR \u00bb nous avons \u00e9crit :\u00ab Nous voil\u00e0 rendu dans l\u2019ignoble et le sordide quand le pr\u00e9sident sortant instrumentalise l\u2019actualit\u00e9 pour faire avec le budget de l\u2019\u00c9tat, et en abusant des pr\u00e9rogatives de sa fonction, une campagne \u00e9lectorale parall\u00e8le et permanente. V\u00eatu de la veste de chef de l\u2019\u00c9tat qui lui sied si mal, le pantin d\u00e9sarticul\u00e9 et sans vergogne foule ouvertement aux pieds les principes \u00ab d\u2019\u00e9quit\u00e9 \u00bb du CSA.Nous voil\u00e0 rendus dans la magouille et la manipulation polici\u00e8re. Voil\u00e0 la France, si fi\u00e8re d\u2019avoir \u00e9t\u00e9 un berceau du principe r\u00e9publicain et de la d\u00e9mocratie moderne, la patrie des droits de l\u2019homme, ramen\u00e9e au rang des plus licencieuses dictatures polici\u00e8res. C\u2019est le dernier coup foireux de Sarkozy contre cette brave patrie et cette pauvre Marianne auxquelles, disait-il au d\u00e9but de son mandat, il \u00ab devait tout \u00bbNotre propos a-t-il paru excessif \u00e0 quelques-uns d\u2019entre vous ? Il est pourtant corrobor\u00e9 par ce communiqu\u00e9 de presse du \u00ab Syndicat national de la Magistrature \u00bb dont nous prenons connaissance ce jour et que nous vous livrons s\u00e9ant.L\u2019indigne r\u00e9cup\u00e9ration du candidat SarkozyCommuniqu\u00e9 du Syndicat de la magistrature sur les annonces de Nicolas Sarkozy suite aux drames de Montauban et ToulouseCommuniqu\u00e9s de presse, publi\u00e9 le 22 mars 2012, mis \u00e0 jour le 26 mars 2012\u00ab La R\u00e9publique doit \u00eatre implacable sur ses valeurs \u00bb vient d\u2019affirmer Nicolas Sarkozy dans une allocution suivant imm\u00e9diatement les \u00e9v\u00e8nements dramatiques de Montauban et de Toulouse.On ne pourrait qu\u2019y souscrire si cette p\u00e9tition de principe, en pleine campagne pr\u00e9sidentielle, n\u2019\u00e9tait pas le pr\u00e9texte \u00e0 une \u00e9ni\u00e8me et vaine surench\u00e8re s\u00e9curitaire poursuivant l\u2019entreprise de mise \u00e0 mal de cette m\u00eame R\u00e9publique, \u00e0 l\u2019oeuvre depuis plusieurs ann\u00e9es.Sous couvert de la volont\u00e9 de prot\u00e9ger la soci\u00e9t\u00e9 de telles trag\u00e9dies, le pr\u00e9sident-candidat Nicolas Sarkozy, s\u2019\u00e9rigeant en l\u00e9gislateur et faisant mine d\u2019oublier que les travaux parlementaires sont suspendus jusqu\u2019aux prochaines \u00e9lections, annonce la cr\u00e9ation de trois nouvelles infractions, qui s\u2019ajouteraient \u00e0 un arsenal juridique pourtant d\u00e9j\u00e0 bien fourni :le d\u00e9lit de \u00ab consultation habituelle de sites internet faisant l\u2019apologie du terrorisme ou appelant \u00e0 la haine et \u00e0 la violence \u00bble d\u00e9lit de \u00ab voyage \u00e0 l\u2019\u00e9tranger pour suivre des travaux d\u2019endoctrinement \u00e0 des id\u00e9ologies conduisant au terrorisme \u00bble d\u00e9lit de \u00ab propagation et d\u2019apologie des id\u00e9ologies extr\u00e9mistes \u00bb.Va t\u2019on aller jusqu\u2019\u00e0 cr\u00e9er une liste de pays par nature terroristes ? Va t\u2019on organiser une surveillance g\u00e9n\u00e9rale de tous les internautes ? Aura t\u2019on une d\u00e9finition officielle de ce qu\u2019est \u00ab une id\u00e9ologie extr\u00e9miste \u00bb ?Ces quelques questions d\u00e9montrent que ces infractions, dont la poursuite se r\u00e9v\u00e9lera quasiment impossible, seront gravement attentatoires aux libert\u00e9s de tous les citoyens et profond\u00e9ment inefficaces dans la lutte n\u00e9cessaire contre le terrorisme. C\u2019est pourtant l\u2019honneur de la d\u00e9mocratie que d\u2019assurer un juste \u00e9quilibre entre la garantie de la s\u00e9curit\u00e9 des citoyens et le respect de leurs droits et libert\u00e9s.Dans cette \u00e9preuve, la R\u00e9publique et ses citoyens m\u00e9ritent mieux que des lois dict\u00e9es par une \u00e9motion &#8211; certes l\u00e9gitime &#8211; au service d\u2019une communication \u00e9lectoraliste.<\/p>\n","protected":false},"excerpt":{"rendered":"<p>Dans notre article du 30 mars 2012, \u00ab DE LA GRAINE DE DICTATEUR \u00bb nous avons \u00e9crit :\u00ab Nous voil\u00e0 [&hellip;]<\/p>\n","protected":false},"author":1,"featured_media":0,"comment_status":"open","ping_status":"open","sticky":false,"template":"","format":"standard","meta":{"sfsi_plus_gutenberg_text_before_share":"","sfsi_plus_gutenberg_show_text_before_share":"","sfsi_plus_gutenberg_icon_type":"","sfsi_plus_gutenberg_icon_alignemt":"","sfsi_plus_gutenburg_max_per_row":"","site-sidebar-layout":"default","site-content-layout":"","ast-site-content-layout":"default","site-content-style":"default","site-sidebar-style":"default","ast-global-header-display":"","ast-banner-title-visibility":"","ast-main-header-display":"","ast-hfb-above-header-display":"","ast-hfb-below-header-display":"","ast-hfb-mobile-header-display":"","site-post-title":"","ast-breadcrumbs-content":"","ast-featured-img":"","footer-sml-layout":"","ast-disable-related-posts":"","theme-transparent-header-meta":"","adv-header-id-meta":"","stick-header-meta":"","header-above-stick-meta":"","header-main-stick-meta":"","header-below-stick-meta":"","astra-migrate-meta-layouts":"default","ast-page-background-enabled":"default","ast-page-background-meta":{"desktop":{"background-color":"var(--ast-global-color-4)","background-image":"","background-repeat":"repeat","background-position":"center center","background-size":"auto","background-attachment":"scroll","background-type":"","background-media":"","overlay-type":"","overlay-color":"","overlay-opacity":"","overlay-gradient":""},"tablet":{"background-color":"","background-image":"","background-repeat":"repeat","background-position":"center center","background-size":"auto","background-attachment":"scroll","background-type":"","background-media":"","overlay-type":"","overlay-color":"","overlay-opacity":"","overlay-gradient":""},"mobile":{"background-color":"","background-image":"","background-repeat":"repeat","background-position":"center center","background-size":"auto","background-attachment":"scroll","background-type":"","background-media":"","overlay-type":"","overlay-color":"","overlay-opacity":"","overlay-gradient":""}},"ast-content-background-meta":{"desktop":{"background-color":"var(--ast-global-color-5)","background-image":"","background-repeat":"repeat","background-position":"center center","background-size":"auto","background-attachment":"scroll","background-type":"","background-media":"","overlay-type":"","overlay-color":"","overlay-opacity":"","overlay-gradient":""},"tablet":{"background-color":"var(--ast-global-color-5)","background-image":"","background-repeat":"repeat","background-position":"center center","background-size":"auto","background-attachment":"scroll","background-type":"","background-media":"","overlay-type":"","overlay-color":"","overlay-opacity":"","overlay-gradient":""},"mobile":{"background-color":"var(--ast-global-color-5)","background-image":"","background-repeat":"repeat","background-position":"center center","background-size":"auto","background-attachment":"scroll","background-type":"","background-media":"","overlay-type":"","overlay-color":"","overlay-opacity":"","overlay-gradient":""}},"footnotes":""},"categories":[16],"tags":[],"class_list":["post-1526","post","type-post","status-publish","format-standard","hentry","category-archives-cms"],"_links":{"self":[{"href":"https:\/\/lavoiedessansvoix.fr\/lavoie\/wp-json\/wp\/v2\/posts\/1526","targetHints":{"allow":["GET"]}}],"collection":[{"href":"https:\/\/lavoiedessansvoix.fr\/lavoie\/wp-json\/wp\/v2\/posts"}],"about":[{"href":"https:\/\/lavoiedessansvoix.fr\/lavoie\/wp-json\/wp\/v2\/types\/post"}],"author":[{"embeddable":true,"href":"https:\/\/lavoiedessansvoix.fr\/lavoie\/wp-json\/wp\/v2\/users\/1"}],"replies":[{"embeddable":true,"href":"https:\/\/lavoiedessansvoix.fr\/lavoie\/wp-json\/wp\/v2\/comments?post=1526"}],"version-history":[{"count":0,"href":"https:\/\/lavoiedessansvoix.fr\/lavoie\/wp-json\/wp\/v2\/posts\/1526\/revisions"}],"wp:attachment":[{"href":"https:\/\/lavoiedessansvoix.fr\/lavoie\/wp-json\/wp\/v2\/media?parent=1526"}],"wp:term":[{"taxonomy":"category","embeddable":true,"href":"https:\/\/lavoiedessansvoix.fr\/lavoie\/wp-json\/wp\/v2\/categories?post=1526"},{"taxonomy":"post_tag","embeddable":true,"href":"https:\/\/lavoiedessansvoix.fr\/lavoie\/wp-json\/wp\/v2\/tags?post=1526"}],"curies":[{"name":"wp","href":"https:\/\/api.w.org\/{rel}","templated":true}]}}