{"id":1522,"date":"2012-04-13T09:04:00","date_gmt":"2012-04-13T07:04:00","guid":{"rendered":"https:\/\/lavoiedessansvoix.fr\/lavoie\/2012\/04\/13\/archive-revelation\/"},"modified":"2012-04-13T09:04:00","modified_gmt":"2012-04-13T07:04:00","slug":"archive-revelation","status":"publish","type":"post","link":"https:\/\/lavoiedessansvoix.fr\/lavoie\/2012\/04\/13\/archive-revelation\/","title":{"rendered":"R\u00c9V\u00c9LATION"},"content":{"rendered":"<p>R\u00c9V\u00c9LATIONCertes, les journalistes serviles et obs\u00e9quieux se sont entich\u00e9s eux de \u00ab Philippe Poutou, le brave ouvrier r\u00e9volt\u00e9, mais inoffensif, qui se \u00ab fait chier l\u00e0 \u00bb et pr\u00e9f\u00e9rerait \u00eatre ailleurs, avec ses potes d\u2019usine et de luttes. Ils l\u2019ont \u00e9lu ph\u00e9nom\u00e8ne des \u00e9crans, le gentil zombi qui n\u2019a pas la moindre pr\u00e9tention au pouvoir, pas m\u00eame pour porter celle de sa classe sociale dont il est cens\u00e9 \u00eatre un repr\u00e9sentant politique dans cette \u00e9lection. Un ouvrier qui abandonne en quelque sorte le terrain de la lutte politique aux sp\u00e9cialistes qui sont format\u00e9s \u00e0 cette fin, et renvoie les ouvriers \u00e0 leurs luttes et revendications sociales et manifestations dans leurs usines et dans la rue. Un ouvrier comme les patrons et les politiques les aiment, un peu bourru, un peu bougons certes, mais tellement sympathiques, qui n\u2019ont pas la moindre intention de venir \u00ab faire chier \u00bb les chefs dans leur domaine r\u00e9serv\u00e9.Mais la v\u00e9rit\u00e9, la r\u00e9v\u00e9lation sont autres. Ils ne l\u2019ont pas encore reconnue, car celle-ci revendique haut et fort le pouvoir politique pour la classe ouvri\u00e8re et entend bien venir d\u00e9busquer de leurs certitudes \u00ab les maitres\u00bb qui se croient l\u00e9gitimement investis de cette mission. L\u2019\u00e9tonnant entichement de Nathalie Saint cricq et de ses comparses pour le \u00ab brave zombi \u00bb n\u2019aurait\u2013il pas pr\u00e9cis\u00e9ment pour fonction, d\u2019occulter le plus longtemps possible, cette autre r\u00e9alit\u00e9 m\u00e9diatique bien plus forte, r\u00e9elle et durable ? La r\u00e9v\u00e9lation, la vrai de l\u2019\u00e9mission \u00ab des paroles et des actes \u00bb des 11 et 12 avril, c\u2019est Nathalie Arthaud, la candidate de \u00ab Lutte Ouvri\u00e8re.Rentr\u00e9e sur la sc\u00e8ne publique en remplacement d\u2019Arlette LAGUILLER, avec la fameuse formule introductive : \u00ab travailleuses travailleurs ! \u00bb de la pr\u00e9c\u00e9dente, elle semblait devoir n\u2019\u00eatre qu\u2019un fac-simil\u00e9, avec la m\u00eame petite m\u00e9canique argumentaire bien rod\u00e9e et la tonalit\u00e9 un peu lancinante et r\u00e9p\u00e9titive. C\u2019est tout autre chose : tonalit\u00e9 offensive, arguments frais, multiples et renouvel\u00e9s, r\u00e9parties vives et appropri\u00e9es, stabilit\u00e9 \u00e0 toute \u00e9preuve. Non, ce n\u2019est pas le clone d\u2019Arlette, Nathalie c\u2019est NATHALIE.Aux questions traditionnelles \u00ab embarrassantes\u00bb dont d\u2019autres militants r\u00e9volutionnaires eurent toujours beaucoup de mal \u00e0 se \u00ab d\u00e9patouiller \u00bb, elle r\u00e9pond avec aisance et sang-froid et d\u2019une fa\u00e7on apte \u00e0 susciter au moins les interrogations quand elle n\u2019emporte pas l\u2019adh\u00e9sion.Ainsi, \u00ab La dictature du prol\u00e9tariat \u00bb. Il y a longtemps que les journalistes ne l\u2019avaient servit \u00e0 personne celle-l\u00e0. Nathalie r\u00e9pond que ce que nous vivons n\u2019est rien moins que \u00ab la dictature du capital \u00bb, quelques multinationales qui d\u00e9cident seules du sort des peuples et de la plan\u00e8te. Ce que nous voulons c\u2019est un pouvoir o\u00f9 ce sont des millions de travailleurs et salari\u00e9s qui d\u00e9cident, Karl Marx a appel\u00e9 cela dictature du prol\u00e9tariat, pour moi c\u2019est la plus large des d\u00e9mocraties. Bravo Nathalie.\u00ab Gaza, un camp de concentration \u00e0 ciel ouvert \u00bb. L\u00e0, les journalistes la cherchent vraiment. Pensez, selon leur vision \u00e9triqu\u00e9e de l\u2019histoire n\u2019a-t-elle pas fait en \u00e9crivant cela, un crime de l\u00e8se-juda\u00eft\u00e9 ? Camps de concentration = Allemagne nazie = Shoah. Faire un parall\u00e8le entre les crimes de \u00ab l\u2019\u00c9tat juif \u00bb et ceux des artisans de la solution finale n\u2019est-ce pas une insulte, voire m\u00eame pourquoi pas, un crime m\u00e9moriel puni par la loi ? Les \u00ab camps de concentration \u00bb n\u2019appartiennent-ils pas \u00e0 la m\u00e9moire juive ? Elle ne se d\u00e9monte pas, elle vient \u00e0 bout de l\u2019obstruction, camps de concentration est un synonyme de \u00ab prison \u00bb, ils n\u2019ont pas \u00e9t\u00e9 invent\u00e9s par les hitl\u00e9riens. La France elle-m\u00eame en a \u00e9tabli de nombreux au cours de son histoire, particuli\u00e8rement \u00ab pour accueillir \u00bb les r\u00e9publicains espagnols, et elle \u00e9graine quelques noms, Argel\u00e8s,\u2026. de camps de concentration fran\u00e7ais c\u00e9l\u00e8bres. Bravo Nathalie.Elle a parfaitement raison Nathalie Arthaud. Les camps de concentration n\u2019appartiennent pas \u00e0 la seule histoire et la seule conscience juive qui pourrait d\u00e9cider de l\u2019usage qui doit \u00eatre fait du mot. Les tout premiers camps de concentrations nazies (Dachau et Oranienburg) ne furent pas faits pour les juifs, mais pour les communistes allemands. Puis les socialistes et les syndicalistes. Plus tard, lorsque fut mise en route la d\u00e9portation des juifs, certes ceux-ci devinrent majoritaires parmi la population carc\u00e9rale, mais ils y c\u00f4toyaient tous les pr\u00e9c\u00e9dents toujours plus nombreux, avec les r\u00e9sistants, les homos sexuels et les Tziganes. Non les juifs n\u2019ont pas l\u2019exclusivit\u00e9 ni sur les camps de concentration, ni sur la qualit\u00e9 de \u00ab victimes de l\u2019histoire \u00bb. Et c\u2019est un fait av\u00e9r\u00e9, 70 ans plus tard, que les victimes parqu\u00e9es dans le camp de concentration de Gaza sont des Palestiniens, m\u00eame si leurs tortionnaires sont, l\u2019histoire cultive le paradoxe, les descendants des victimes des nazies.Mais alors, ce que vous voulez, c\u2019est la violence ! C\u2019est bien s\u00fbr encore l\u2019illustre Nathalie Saint-cricq qui se signale. L\u00e0, la r\u00e9ponse est un peu moins, imm\u00e9diate ni assur\u00e9e. Nathalie Arthaud pour maitriser, doit faire un grand d\u00e9tour. Si je gagnais ces \u00e9lections, bien que je sache que je n\u2019ai gu\u00e8re de chance que cela arrive, alors par millions, les travailleurs, les exploit\u00e9s de la veille, se mobiliseraient dans les usines et dans la rue. L\u2019\u00e9v\u00e8nement le vrai, ce ne serait pas tant mon \u00e9lection que cette vaste mobilisation populaire. Et le peuple les travailleurs imposeraient leurs solutions. Bravo tout de m\u00eame Nathalie.Mais elle aurait pu faire plus direct et plus court : \u00ab Vous messieurs dames les journalistes occidentaux, qui vous \u00eates r\u00e9joui des r\u00e9volutions arabes pour accoucher, soi-disant, de simples r\u00e9gimes de \u00ab d\u00e9mocratie de fa\u00e7ade \u00bb ! Vous qui avez applaudi aux mouvements insurrectionnels, \u00e0 la violence des peuples pour venir \u00e0 bout de quelques satrapes r\u00e9gionaux ! Vous qui avez dit vive la r\u00e9volution ! Seriez-vous tout \u00e0 coup oppos\u00e9 \u00e0 \u00ab la r\u00e9volution \u00bb quand il s\u2019agit de venir \u00e0 bout des privil\u00e8ges exorbitants des grands capitalistes et des potentats de la finance ? Seriez-vous tout \u00e0 coup oppos\u00e9s \u00e0 la r\u00e9volution quand il s\u2019agit de mettre \u00e0 bat la dictature du capital ? \u00bb.<\/p>\n","protected":false},"excerpt":{"rendered":"<p>R\u00c9V\u00c9LATIONCertes, les journalistes serviles et obs\u00e9quieux se sont entich\u00e9s eux de \u00ab Philippe Poutou, le brave ouvrier r\u00e9volt\u00e9, mais inoffensif, [&hellip;]<\/p>\n","protected":false},"author":1,"featured_media":0,"comment_status":"open","ping_status":"open","sticky":false,"template":"","format":"standard","meta":{"sfsi_plus_gutenberg_text_before_share":"","sfsi_plus_gutenberg_show_text_before_share":"","sfsi_plus_gutenberg_icon_type":"","sfsi_plus_gutenberg_icon_alignemt":"","sfsi_plus_gutenburg_max_per_row":"","site-sidebar-layout":"default","site-content-layout":"","ast-site-content-layout":"default","site-content-style":"default","site-sidebar-style":"default","ast-global-header-display":"","ast-banner-title-visibility":"","ast-main-header-display":"","ast-hfb-above-header-display":"","ast-hfb-below-header-display":"","ast-hfb-mobile-header-display":"","site-post-title":"","ast-breadcrumbs-content":"","ast-featured-img":"","footer-sml-layout":"","ast-disable-related-posts":"","theme-transparent-header-meta":"","adv-header-id-meta":"","stick-header-meta":"","header-above-stick-meta":"","header-main-stick-meta":"","header-below-stick-meta":"","astra-migrate-meta-layouts":"default","ast-page-background-enabled":"default","ast-page-background-meta":{"desktop":{"background-color":"var(--ast-global-color-4)","background-image":"","background-repeat":"repeat","background-position":"center center","background-size":"auto","background-attachment":"scroll","background-type":"","background-media":"","overlay-type":"","overlay-color":"","overlay-opacity":"","overlay-gradient":""},"tablet":{"background-color":"","background-image":"","background-repeat":"repeat","background-position":"center center","background-size":"auto","background-attachment":"scroll","background-type":"","background-media":"","overlay-type":"","overlay-color":"","overlay-opacity":"","overlay-gradient":""},"mobile":{"background-color":"","background-image":"","background-repeat":"repeat","background-position":"center center","background-size":"auto","background-attachment":"scroll","background-type":"","background-media":"","overlay-type":"","overlay-color":"","overlay-opacity":"","overlay-gradient":""}},"ast-content-background-meta":{"desktop":{"background-color":"var(--ast-global-color-5)","background-image":"","background-repeat":"repeat","background-position":"center center","background-size":"auto","background-attachment":"scroll","background-type":"","background-media":"","overlay-type":"","overlay-color":"","overlay-opacity":"","overlay-gradient":""},"tablet":{"background-color":"var(--ast-global-color-5)","background-image":"","background-repeat":"repeat","background-position":"center center","background-size":"auto","background-attachment":"scroll","background-type":"","background-media":"","overlay-type":"","overlay-color":"","overlay-opacity":"","overlay-gradient":""},"mobile":{"background-color":"var(--ast-global-color-5)","background-image":"","background-repeat":"repeat","background-position":"center center","background-size":"auto","background-attachment":"scroll","background-type":"","background-media":"","overlay-type":"","overlay-color":"","overlay-opacity":"","overlay-gradient":""}},"footnotes":""},"categories":[16],"tags":[],"class_list":["post-1522","post","type-post","status-publish","format-standard","hentry","category-archives-cms"],"_links":{"self":[{"href":"https:\/\/lavoiedessansvoix.fr\/lavoie\/wp-json\/wp\/v2\/posts\/1522","targetHints":{"allow":["GET"]}}],"collection":[{"href":"https:\/\/lavoiedessansvoix.fr\/lavoie\/wp-json\/wp\/v2\/posts"}],"about":[{"href":"https:\/\/lavoiedessansvoix.fr\/lavoie\/wp-json\/wp\/v2\/types\/post"}],"author":[{"embeddable":true,"href":"https:\/\/lavoiedessansvoix.fr\/lavoie\/wp-json\/wp\/v2\/users\/1"}],"replies":[{"embeddable":true,"href":"https:\/\/lavoiedessansvoix.fr\/lavoie\/wp-json\/wp\/v2\/comments?post=1522"}],"version-history":[{"count":0,"href":"https:\/\/lavoiedessansvoix.fr\/lavoie\/wp-json\/wp\/v2\/posts\/1522\/revisions"}],"wp:attachment":[{"href":"https:\/\/lavoiedessansvoix.fr\/lavoie\/wp-json\/wp\/v2\/media?parent=1522"}],"wp:term":[{"taxonomy":"category","embeddable":true,"href":"https:\/\/lavoiedessansvoix.fr\/lavoie\/wp-json\/wp\/v2\/categories?post=1522"},{"taxonomy":"post_tag","embeddable":true,"href":"https:\/\/lavoiedessansvoix.fr\/lavoie\/wp-json\/wp\/v2\/tags?post=1522"}],"curies":[{"name":"wp","href":"https:\/\/api.w.org\/{rel}","templated":true}]}}