{"id":1519,"date":"2012-04-21T17:29:47","date_gmt":"2012-04-21T15:29:47","guid":{"rendered":"https:\/\/lavoiedessansvoix.fr\/lavoie\/2012\/04\/21\/archive-le-grand-prix-de-bahrein-revelateur-d-une-verite-cachee\/"},"modified":"2012-04-21T17:29:47","modified_gmt":"2012-04-21T15:29:47","slug":"archive-le-grand-prix-de-bahrein-revelateur-d-une-verite-cachee","status":"publish","type":"post","link":"https:\/\/lavoiedessansvoix.fr\/lavoie\/2012\/04\/21\/archive-le-grand-prix-de-bahrein-revelateur-d-une-verite-cachee\/","title":{"rendered":"LE GRAND PRIX DE BAHRE\u00cfN,\u2026.R\u00c9V\u00c9LATEUR D\u2019UNE V\u00c9RIT\u00c9 CACH\u00c9E."},"content":{"rendered":"<p>DU BAROUF AU BAHRE\u00cfN Eh bien oui, l\u2019ind\u00e9pendance de la presse, dont se targuent tant de journalistes vendus, est ainsi faite que pour avoir des nouvelles de la situation au Bahre\u00efn il fallait ces derniers jours lire \u00ab l\u2019\u00e9quipe \u00bb pr\u00e9f\u00e9rentiellement \u00e0 la presse politique. En effet, l\u2019\u00c9mirat de Bahre\u00efn re\u00e7oit ce dimanche le grand prix de F 1 qui avait \u00e9t\u00e9 annul\u00e9 l\u2019an pass\u00e9, pour cause de \u00ab printemps arabe \u00bb comme ils disent.  Vous souvenez-vous du film ? Le petit \u00e9mirat, 1 200 000 habitants, une \u00ab monarchie archa\u00efque \u00bb sous le f\u00e9rule de la famille Al Khalifa, avait \u00e9t\u00e9 touch\u00e9 lui aussi par l\u2019agitation populaire, d\u00e8s les premi\u00e8res semaines, dans la foul\u00e9e des \u00e9v\u00e8nements tunisiens, en f\u00e9vrier mars 2011. Mais l\u2019affaire fut promptement r\u00e9gl\u00e9e. Le grand voisin, l\u2019Arabie saoudite, autre monarchie archa\u00efque, paradoxalement jamais inqui\u00e9t\u00e9e par la contestation populaire, le royaume wahhabite, alli\u00e9 des Am\u00e9ricains, avait envoy\u00e9 troupes et chars, au nom du \u00ab Conseil de coop\u00e9ration du golfe \u00bb r\u00e9gler les vell\u00e9it\u00e9s \u00ab r\u00e9volutionnaires \u00bb du peuple bahre\u00efni. R\u00e9pression brutale, arrestations et tortures, puis le silence dans les m\u00e9dias, plus rien. S\u2019en \u00e9tait fini \u00ab la r\u00e9volution d\u00e9mocratique arabe \u00bb de Bahre\u00efn. Et, autre paradoxe, aucune protestation internationale pas m\u00eame contre l\u2019ing\u00e9rence militaire wahhabite dans les affaires d\u2019un \u00e9tat voisin. En fait, le silence m\u00e9diatique n\u2019est en aucun cas la preuve qu\u2019il ne se passait plus rien. En v\u00e9rit\u00e9 l\u2019agitation n\u2019a jamais cess\u00e9, la r\u00e9pression non plus. Il aura donc fallu attendre le grand prix de \u00ab Formule 1 \u00bb, pour que le voile soit partiellement lev\u00e9 sur cette r\u00e9alit\u00e9. Car si \u00ab l\u2019\u00e9quipe \u00bb c\u2019est fait depuis plusieurs semaines l\u2019\u00e9cho des \u00e9v\u00e8nements politiques au Bahre\u00efn, ce n\u2019est qu\u2019aujourd\u2019hui samedi 21 avril, que nos m\u00e9dias audiovisuels fran\u00e7ais ont enfin relay\u00e9e cette information. Peut-\u00eatre aussi parce que, cl\u00f4ture de campagne \u00e9lectorale aidant il leur fallait quelque chose \u00e0 se mettre sous la dent. L\u2019agitation populaire anti-r\u00e9gime n\u2019a donc pas cess\u00e9 au Bahre\u00efn . Pourtant personne depuis un an n\u2019a entendu la moindre r\u00e9crimination internationale contre le r\u00e9gime \u00ab tortionnaire \u00bb, nulle r\u00e9solution de l\u2019ONU, nulle menace d\u2019intervention internationale (occidentale), nulle d\u00e9claration d\u2019Hilarante Clinton exigeant le d\u00e9part du pouvoir de l\u2019\u00c9mir Hamad Ben Issa Al Khalifa. Pourquoi ? Mais pourquoi donc une telle diff\u00e9rence de traitement entre Bahre\u00efn et la Syrie par exemple ? Vous n\u2019avez pas \u00e9t\u00e9 sans remarquer que les \u00ab r\u00e9volutions d\u00e9mocratiques arabes \u00bb pilot\u00e9es et manipul\u00e9es par les USA avec l\u2019aide de l\u2019Arabie saoudite et \u00ab de l\u2019\u00e9tat juif \u00bb*, sont toutes, paradoxalement, des r\u00e9volutions foment\u00e9es contre les r\u00e9gimes la\u00efques de la r\u00e9gion, qui avaient renvers\u00e9 dans un pass\u00e9 pas si lointain quelques \u00ab monarchies fantoches \u00bb au service de l\u2019imp\u00e9rialisme anglo-am\u00e9ricain. Vous n\u2019avez pas \u00e9t\u00e9 sans remarquer \u00e9galement que les successeurs des r\u00e9gimes la\u00efques \u00e0 la t\u00eate des dits \u00e9tats \u00e9taient toujours issus ou port\u00e9s par la \u00ab mouvance islamiste mod\u00e9r\u00e9e sunnite \u00bb. Et vous conviendrez ais\u00e9ment, nous en sommes persuad\u00e9s qu\u2019il y a dans cette affaire anguille sous roche. Cela ressemble \u00e0 une mise en ordre du monde arabe sunnite, sous la conduite de l\u2019Arabie Saoudite, afin de mener, sous couvert de conflit religieux, sunnites contre chiites, et par d\u00e9l\u00e9gation, la guerre contre l\u2019Iran que l\u2019Am\u00e9rique et Isra\u00ebl veulent faire afin de venir \u00e0 bout de la r\u00e9volution islamiste et de r\u00e9tablir le \u00ab leadership \u00bb des compagnies p\u00e9troli\u00e8res anglo-saxonnes sur le p\u00e9trole iranien. Or, dans cette perspective il y a un verrou qu\u2019il convient de faire pr\u00e9alablement sauter. C\u2019est la Syrie alli\u00e9e de l\u2019Iran, le r\u00e9gime la\u00efque baasiste de Bachar Al Assad, l\u2019alaouite, assis entre islams sunnite et chiite, qui constitue un pont de fraternit\u00e9 entre les deux branches essentielles de l\u2019islam, entre l\u2019ancienne Perse et le monde arabo musulman. Dans le sc\u00e9nario arrang\u00e9 \u00ab des r\u00e9volutions arabes d\u00e9mocratiques sunnites \u00bb, la mobilisation r\u00e9volutionnaire du peuple bahre\u00efni ressemble \u00e0 une erreur de casting. Tout d\u2019abord parce qu\u2019elle revendique la fin d\u2019une monarchie amie, pour ne pas dire \u00ab cr\u00e9ature \u00bb des Anglo-am\u00e9ricains, ce qui serait une premi\u00e8re, et ensuite et surtout, parce que la population de l\u2019\u00e9mirat est tr\u00e8s majoritairement Chiite, amie de l\u2019Iran. Au Bahre\u00efn, pas d\u2019islamistes mod\u00e9r\u00e9s sunnites sur lesquels fonder une nouvelle alliance. Faire raison \u00e0 la \u00ab r\u00e9volution bahre\u00efnie chiite \u00bb ce serait faire raison \u00e0 ceux que l\u2019on se pr\u00e9pare \u00e0 d\u00e9signer comme l\u2019ennemi \u00e0 abattre. P.S. * C\u2019est une exigence de l\u2019\u00c9tat h\u00e9breu, relay\u00e9 par Barak Obama, voir ses deux discours devant l\u2019assembl\u00e9e g\u00e9n\u00e9rale de l\u2019ONU, que les Palestiniens reconnaissent Isra\u00ebl comme \u00ab \u00c9tat juif \u00bb.<\/p>\n","protected":false},"excerpt":{"rendered":"<p>DU BAROUF AU BAHRE\u00cfN Eh bien oui, l\u2019ind\u00e9pendance de la presse, dont se targuent tant de journalistes vendus, est ainsi [&hellip;]<\/p>\n","protected":false},"author":1,"featured_media":0,"comment_status":"open","ping_status":"open","sticky":false,"template":"","format":"standard","meta":{"sfsi_plus_gutenberg_text_before_share":"","sfsi_plus_gutenberg_show_text_before_share":"","sfsi_plus_gutenberg_icon_type":"","sfsi_plus_gutenberg_icon_alignemt":"","sfsi_plus_gutenburg_max_per_row":"","site-sidebar-layout":"default","site-content-layout":"","ast-site-content-layout":"default","site-content-style":"default","site-sidebar-style":"default","ast-global-header-display":"","ast-banner-title-visibility":"","ast-main-header-display":"","ast-hfb-above-header-display":"","ast-hfb-below-header-display":"","ast-hfb-mobile-header-display":"","site-post-title":"","ast-breadcrumbs-content":"","ast-featured-img":"","footer-sml-layout":"","ast-disable-related-posts":"","theme-transparent-header-meta":"","adv-header-id-meta":"","stick-header-meta":"","header-above-stick-meta":"","header-main-stick-meta":"","header-below-stick-meta":"","astra-migrate-meta-layouts":"default","ast-page-background-enabled":"default","ast-page-background-meta":{"desktop":{"background-color":"var(--ast-global-color-4)","background-image":"","background-repeat":"repeat","background-position":"center center","background-size":"auto","background-attachment":"scroll","background-type":"","background-media":"","overlay-type":"","overlay-color":"","overlay-opacity":"","overlay-gradient":""},"tablet":{"background-color":"","background-image":"","background-repeat":"repeat","background-position":"center center","background-size":"auto","background-attachment":"scroll","background-type":"","background-media":"","overlay-type":"","overlay-color":"","overlay-opacity":"","overlay-gradient":""},"mobile":{"background-color":"","background-image":"","background-repeat":"repeat","background-position":"center center","background-size":"auto","background-attachment":"scroll","background-type":"","background-media":"","overlay-type":"","overlay-color":"","overlay-opacity":"","overlay-gradient":""}},"ast-content-background-meta":{"desktop":{"background-color":"var(--ast-global-color-5)","background-image":"","background-repeat":"repeat","background-position":"center center","background-size":"auto","background-attachment":"scroll","background-type":"","background-media":"","overlay-type":"","overlay-color":"","overlay-opacity":"","overlay-gradient":""},"tablet":{"background-color":"var(--ast-global-color-5)","background-image":"","background-repeat":"repeat","background-position":"center center","background-size":"auto","background-attachment":"scroll","background-type":"","background-media":"","overlay-type":"","overlay-color":"","overlay-opacity":"","overlay-gradient":""},"mobile":{"background-color":"var(--ast-global-color-5)","background-image":"","background-repeat":"repeat","background-position":"center center","background-size":"auto","background-attachment":"scroll","background-type":"","background-media":"","overlay-type":"","overlay-color":"","overlay-opacity":"","overlay-gradient":""}},"footnotes":""},"categories":[16],"tags":[],"class_list":["post-1519","post","type-post","status-publish","format-standard","hentry","category-archives-cms"],"_links":{"self":[{"href":"https:\/\/lavoiedessansvoix.fr\/lavoie\/wp-json\/wp\/v2\/posts\/1519","targetHints":{"allow":["GET"]}}],"collection":[{"href":"https:\/\/lavoiedessansvoix.fr\/lavoie\/wp-json\/wp\/v2\/posts"}],"about":[{"href":"https:\/\/lavoiedessansvoix.fr\/lavoie\/wp-json\/wp\/v2\/types\/post"}],"author":[{"embeddable":true,"href":"https:\/\/lavoiedessansvoix.fr\/lavoie\/wp-json\/wp\/v2\/users\/1"}],"replies":[{"embeddable":true,"href":"https:\/\/lavoiedessansvoix.fr\/lavoie\/wp-json\/wp\/v2\/comments?post=1519"}],"version-history":[{"count":0,"href":"https:\/\/lavoiedessansvoix.fr\/lavoie\/wp-json\/wp\/v2\/posts\/1519\/revisions"}],"wp:attachment":[{"href":"https:\/\/lavoiedessansvoix.fr\/lavoie\/wp-json\/wp\/v2\/media?parent=1519"}],"wp:term":[{"taxonomy":"category","embeddable":true,"href":"https:\/\/lavoiedessansvoix.fr\/lavoie\/wp-json\/wp\/v2\/categories?post=1519"},{"taxonomy":"post_tag","embeddable":true,"href":"https:\/\/lavoiedessansvoix.fr\/lavoie\/wp-json\/wp\/v2\/tags?post=1519"}],"curies":[{"name":"wp","href":"https:\/\/api.w.org\/{rel}","templated":true}]}}