{"id":1518,"date":"2012-04-23T08:12:00","date_gmt":"2012-04-23T06:12:00","guid":{"rendered":"https:\/\/lavoiedessansvoix.fr\/lavoie\/2012\/04\/23\/archive-ambiances-postelectorales\/"},"modified":"2012-04-23T08:12:00","modified_gmt":"2012-04-23T06:12:00","slug":"archive-ambiances-postelectorales","status":"publish","type":"post","link":"https:\/\/lavoiedessansvoix.fr\/lavoie\/2012\/04\/23\/archive-ambiances-postelectorales\/","title":{"rendered":"AMBIANCES POST\u00c9LECTORALES"},"content":{"rendered":"<p>AMBIANCES POST\u00c9LECTORALE Il fait noir, un noir presque total, seule une lampe falote tante de briller loin l\u00e0 bas \u00e0 un angle de rue. Une petite bise gla\u00e7ante s\u2019immisce comme un courant d\u2019air entre les ruelles qui aboutissent au quai d\u00e9sert que dominent les hautes et noires silhouettes silencieuses des anciens b\u00e2timents des docks. J\u2019ai froid. Mais peut-\u00eatre est-ce aussi la faute de cette angoisse qui me noue l\u2019estomac et me glace les os. Dans la p\u00e9nombre, au d\u00e9tour de l\u2019une de ces ruelles hostiles, je sais qu\u2019une bande de larrons m\u2019attend pour me d\u00e9trousser. Ils n\u2019h\u00e9siteront pas m\u00eame \u00e0 me suriner si je r\u00e9siste et \u00e0 me jeter, encore vivant peut-\u00eatre, dans les eaux noires et glac\u00e9es du port. J\u2019entends \u00e0 peine le clapotis de la mer contre les quais \u00e0 ma gauche, car tous mes sens, mon ou\u00efe toute la premi\u00e8re, sont mobilis\u00e9s pour d\u00e9tecter la menace qui se dissimule quelque part \u00e0 ma droite. Je suis comme dans une sc\u00e8ne de terreur hitchcockienne. J\u2019ai froid, j\u2019ai mal, j\u2019ai sommeil, j\u2019ai la naus\u00e9e, je suis en France, ce 23 avril 2012, lendemain d\u2019\u00e9lections.Je sais qui sont les larrons. C\u2019est la droite dure, qui a serr\u00e9 les coudes autour de son \u00ab Capo \u00bb, le nabot hargneux et agressif au langage n\u00e9glig\u00e9. Ce sont les profiteurs et les accapareurs sous la houlette de la haute finance internationale, qui veulent continuer \u00e0 d\u00e9trousser le peuple. Ils ont eu peur du d\u00e9litement de leur candidat. Ils se sont ressaisis, ce que les \u00ab politologues \u00bb appellent le r\u00e9flexe du vote utile a tout de m\u00eame jou\u00e9. \u00c7a n\u2019est pas cette fois, comme en 2007, au d\u00e9triment du vote Le Pen, Marine, l\u2019h\u00e9riti\u00e8re, faisant un score historique. C\u2019est au d\u00e9triment du centre. C\u2019est Bayrou qui en fait les frais, ce qui explique sa contre-performance. Une large partie de son \u00e9lectorat potentiel, celui qui c\u2019\u00e9tait manifest\u00e9 dans les \u00ab intentions de vote \u00bb a pr\u00e9f\u00e9r\u00e9 dans l\u2019isoloir voter tout de suite pour Sarkozy afin de mettre celui-ci \u00e0 l\u2019abri du risque de disqualification. Certes m\u2019objecterez-vous, plus de 27 % des voix, plus de dix millions d\u2019\u00e9lecteurs, ce ne sont pas que les requins de la finance et les capitalistes. Il y a, bien entendu, dans le nombre un volant de demi-riches, de classes moyennes et m\u00eame une proportion non n\u00e9gligeable d\u2019\u00e9lectorats populaires. C\u2019est l\u00e0 une \u00e9vidence que je me garderai bien de nier. C\u2019est dans la nature m\u00eame du suffrage universel. Par del\u00e0 m\u00eame ceux qui ont int\u00e9r\u00eats \u00e0 ce positionnement politique parce qu\u2019ils profitent plus ou moins de cet \u00e9tat de choses, et parmi eux beaucoup de \u00ab gagnes petit \u00bb, il y a aussi beaucoup de gens qui n\u2019ont pas une claire conscience de leur statut social r\u00e9el. Beaucoup de gens qui n\u2019ont pas une claire conscience de leurs int\u00e9r\u00eats propres et qui votent pour \u00ab les maitres \u00bb, dont ils consid\u00e8rent que le pouvoir leur est d\u00fb naturellement puisqu\u2019ils sont les maitres, ou qui se laissent manipuler par les puissances m\u00e9diatiques. Ceux-l\u00e0 sont \u2018les troupes \u00bb, la base \u00e9lectorale, et leurs votes ne changent rien \u00e0 la nature de \u00ab classe \u00bb du suffrage exprim\u00e9 ainsi.Je ne m\u2019\u00e9tendrai gu\u00e8re sur le score du Front national, je l\u2019avais anticip\u00e9 (Petit tour d\u2019horizon avant le premier tour) non seulement Sarkozy n\u2019a pas \u00ab siphonn\u00e9\u00bb les voix de celui-ci, mais il a au contraire contribu\u00e9 \u00e0 le gonfler. Le score de Marine Le Pen est sans nul doute un succ\u00e8s \u00e0 mettre d\u2019abord \u00e0 son cr\u00e9dit, mais en v\u00e9rit\u00e9 la campagne qui porte le FN au niveau historique que voil\u00e0, Sarkozy l\u2019a faite aussi pour une part certaine.  Pas seulement depuis l\u2019ouverture, officielle ou pas de celle des pr\u00e9sidentielles de 2012, mais bien avant, par sa politique m\u00eame : loi contre le port du voile, expulsion des Roms, lois antir\u00e9cidives, propagande islamophobe sous couvert de lutte contre le \u00ab terrorisme \u00bb, discours antiassistanat et ultra s\u00e9curitaires, etc. Chacun remarque, et beaucoup s\u2019\u00e9meuvent du succ\u00e8s \u00e9lectoral du Front national. Mais la r\u00e9alit\u00e9, \u00e0 mettre au compte de Sarkozy est bien pire encore. Ce n\u2019est pas un parti d\u2019extr\u00eame droite qu\u2019il nous l\u00e8gue, mais presque deux, car au fil des ans, l\u2019orientation de l\u2019UMP c\u2019est durcit \u00e0 droite, et il ya tout lieu de penser que cette d\u00e9rive va se confirmer entre les deux tours. Et cet encrage de la droite fran\u00e7aise sur les th\u00e8mes et le tempo de la droite extr\u00eame, participe du raidissement du contexte politique national dont nous avons parl\u00e9 au d\u00e9but, et accroit encore le sentiment de malaise qui r\u00e9sulte de ce premier tour.Alors certes, Fran\u00e7ois Hollande est en t\u00eate et devrait en toute logique remporter le deuxi\u00e8me tour. Mais Sarkozy a bien r\u00e9sist\u00e9, et les choses sont loin d\u2019\u00eatre jou\u00e9es d\u2019avance. Hollande l\u2019emportera probablement, mais le scrutin du premier tour n\u2019a rien chang\u00e9 \u00e0 l\u2019\u00e9quilibre qui perdure, des forces \u00e9lectorales dans ce pays depuis presque 30 ans : la droite \u00e0 54 % et la Gauche \u00e0 46.Un seul, par del\u00e0 le score du Front national, un seul autre grand \u00e9v\u00e8nement modifie la donne, c\u2019est le score du Front de Gauche, et surtout, la campagne de Jean-Luc M\u00e9lenchon.. Certes, le r\u00e9sultat \u00e9lectoral est en dessous des pr\u00e9visions \u00ab sondagi\u00e8res \u00bb, l\u00e0 aussi nous l\u2019avions anticip\u00e9 (m\u00eame article du \u2026). Certes le pari de devancer le FN est bien loin d\u2019avoir \u00e9t\u00e9 tenu. C\u2019\u00e9tait une erreur tactique de le faire. Du coup \u00e7a ternit l\u2019interpr\u00e9tation d\u2019un r\u00e9sultat somme toute encourageant. Le front de Gauche, que nous d\u00e9finirons ici, pour des raisons d\u2019aisance, comme \u00ab la gauche combative \u00bb, a r\u00e9alis\u00e9 le meilleur r\u00e9sultat \u00e9lectoral de la mouvance communiste depuis 30 ans. Les th\u00e8mes d\u00e9velopp\u00e9s durant la campagne ont sans nul doute contribu\u00e9 \u00e0 r\u00e9armer les esprits de la volont\u00e9 de combattre. Et c\u2019est cela l\u2019essentiel.Dans la p\u00e9riode qui s\u2019ouvrira le 6 mai, le Front national a tout lieu d\u2019occuper une place pr\u00e9pond\u00e9rante. Le pi\u00e8ge pour le Front de Gauche, serait alors de s\u2019enfermer dans le statut de \u00ab front antilepen \u00bb et d\u2019oublier d\u2019\u00eatre alors l\u2019opposition populaire radicale \u00e0 la politique de la finance internationale dont hollande apr\u00e8s Sarkozy, sera le nouveau maitre d\u2019\u0153uvre ou \u00e0 d\u00e9faut l\u2019otage. Cet oubli serait la pire des choses qui puisse arriver \u00ab \u00e0 la gauche \u00bb et aux classes populaires, car de nouveaux griefs cumul\u00e9s, de nouvelles d\u00e9ceptions \u00e0 son endroit pr\u00e9cipiteraient cette fois le FN au centre du jeu politique. Que \u00ab la gauche molle \u00bb d\u00e9\u00e7oive, cela est couru d\u2019avance et in\u00e9vitable, car inscrit dans ses g\u00eanes. Ce n\u2019est pas l\u00e0 que se situe le v\u00e9ritable danger. Le danger serait que \u00ab toute la gauche \u00bb soit rendue responsable, sans que ne se dessine aucune alternative, sans que ne se pr\u00e9sente aucune planche de salut. L\u00e0 se situe d\u00e8s lors la responsabilit\u00e9 historique du Front de gauche. Et sa faillite dans cette affaire le rendrait partiellement responsable des succ\u00e8s ult\u00e9rieurs du FN, qu\u2019elle que soit la duret\u00e9 de ses insultes et le niveau sonore de ses impr\u00e9cations contre ce parti.<\/p>\n","protected":false},"excerpt":{"rendered":"<p>AMBIANCES POST\u00c9LECTORALE Il fait noir, un noir presque total, seule une lampe falote tante de briller loin l\u00e0 bas \u00e0 [&hellip;]<\/p>\n","protected":false},"author":1,"featured_media":0,"comment_status":"open","ping_status":"open","sticky":false,"template":"","format":"standard","meta":{"sfsi_plus_gutenberg_text_before_share":"","sfsi_plus_gutenberg_show_text_before_share":"","sfsi_plus_gutenberg_icon_type":"","sfsi_plus_gutenberg_icon_alignemt":"","sfsi_plus_gutenburg_max_per_row":"","site-sidebar-layout":"default","site-content-layout":"","ast-site-content-layout":"default","site-content-style":"default","site-sidebar-style":"default","ast-global-header-display":"","ast-banner-title-visibility":"","ast-main-header-display":"","ast-hfb-above-header-display":"","ast-hfb-below-header-display":"","ast-hfb-mobile-header-display":"","site-post-title":"","ast-breadcrumbs-content":"","ast-featured-img":"","footer-sml-layout":"","ast-disable-related-posts":"","theme-transparent-header-meta":"","adv-header-id-meta":"","stick-header-meta":"","header-above-stick-meta":"","header-main-stick-meta":"","header-below-stick-meta":"","astra-migrate-meta-layouts":"default","ast-page-background-enabled":"default","ast-page-background-meta":{"desktop":{"background-color":"var(--ast-global-color-4)","background-image":"","background-repeat":"repeat","background-position":"center center","background-size":"auto","background-attachment":"scroll","background-type":"","background-media":"","overlay-type":"","overlay-color":"","overlay-opacity":"","overlay-gradient":""},"tablet":{"background-color":"","background-image":"","background-repeat":"repeat","background-position":"center center","background-size":"auto","background-attachment":"scroll","background-type":"","background-media":"","overlay-type":"","overlay-color":"","overlay-opacity":"","overlay-gradient":""},"mobile":{"background-color":"","background-image":"","background-repeat":"repeat","background-position":"center center","background-size":"auto","background-attachment":"scroll","background-type":"","background-media":"","overlay-type":"","overlay-color":"","overlay-opacity":"","overlay-gradient":""}},"ast-content-background-meta":{"desktop":{"background-color":"var(--ast-global-color-5)","background-image":"","background-repeat":"repeat","background-position":"center center","background-size":"auto","background-attachment":"scroll","background-type":"","background-media":"","overlay-type":"","overlay-color":"","overlay-opacity":"","overlay-gradient":""},"tablet":{"background-color":"var(--ast-global-color-5)","background-image":"","background-repeat":"repeat","background-position":"center center","background-size":"auto","background-attachment":"scroll","background-type":"","background-media":"","overlay-type":"","overlay-color":"","overlay-opacity":"","overlay-gradient":""},"mobile":{"background-color":"var(--ast-global-color-5)","background-image":"","background-repeat":"repeat","background-position":"center center","background-size":"auto","background-attachment":"scroll","background-type":"","background-media":"","overlay-type":"","overlay-color":"","overlay-opacity":"","overlay-gradient":""}},"footnotes":""},"categories":[16],"tags":[],"class_list":["post-1518","post","type-post","status-publish","format-standard","hentry","category-archives-cms"],"_links":{"self":[{"href":"https:\/\/lavoiedessansvoix.fr\/lavoie\/wp-json\/wp\/v2\/posts\/1518","targetHints":{"allow":["GET"]}}],"collection":[{"href":"https:\/\/lavoiedessansvoix.fr\/lavoie\/wp-json\/wp\/v2\/posts"}],"about":[{"href":"https:\/\/lavoiedessansvoix.fr\/lavoie\/wp-json\/wp\/v2\/types\/post"}],"author":[{"embeddable":true,"href":"https:\/\/lavoiedessansvoix.fr\/lavoie\/wp-json\/wp\/v2\/users\/1"}],"replies":[{"embeddable":true,"href":"https:\/\/lavoiedessansvoix.fr\/lavoie\/wp-json\/wp\/v2\/comments?post=1518"}],"version-history":[{"count":0,"href":"https:\/\/lavoiedessansvoix.fr\/lavoie\/wp-json\/wp\/v2\/posts\/1518\/revisions"}],"wp:attachment":[{"href":"https:\/\/lavoiedessansvoix.fr\/lavoie\/wp-json\/wp\/v2\/media?parent=1518"}],"wp:term":[{"taxonomy":"category","embeddable":true,"href":"https:\/\/lavoiedessansvoix.fr\/lavoie\/wp-json\/wp\/v2\/categories?post=1518"},{"taxonomy":"post_tag","embeddable":true,"href":"https:\/\/lavoiedessansvoix.fr\/lavoie\/wp-json\/wp\/v2\/tags?post=1518"}],"curies":[{"name":"wp","href":"https:\/\/api.w.org\/{rel}","templated":true}]}}