{"id":1517,"date":"2012-04-28T12:39:00","date_gmt":"2012-04-28T10:39:00","guid":{"rendered":"https:\/\/lavoiedessansvoix.fr\/lavoie\/2012\/04\/28\/archive-il-faudrait-voir-de-ne-pas-pousser-marianne-dans-les-orties\/"},"modified":"2012-04-28T12:39:00","modified_gmt":"2012-04-28T10:39:00","slug":"archive-il-faudrait-voir-de-ne-pas-pousser-marianne-dans-les-orties","status":"publish","type":"post","link":"https:\/\/lavoiedessansvoix.fr\/lavoie\/2012\/04\/28\/archive-il-faudrait-voir-de-ne-pas-pousser-marianne-dans-les-orties\/","title":{"rendered":"IL FAUDRAIT VOIR DE NE PAS POUSSER MARIANNE DANS LES ORTIES"},"content":{"rendered":"<p>IL FAUDRAIT VOIR DE NE PAS POUSSER MARIANNE DANS LES ORTIESNous avions anticip\u00e9 les r\u00e9sultats du \u00ab Front national \u00bb. Sarkozy n\u2019a pas \u00ab siphonn\u00e9 \u00bb les voix de celui-ci, il a au contraire contribu\u00e9 \u00e0 lui en faire gagner. Le score de Marine Le Pen, certes, est un succ\u00e8s \u00e0 mettre \u00e0 son cr\u00e9dit. Pour autant, faut-il oublier que la campagne qui porte le FN \u00e0 ce nouveau niveau historique, Sarkozy l\u2019a faite, non seulement depuis l\u2019ouverture, de celle des pr\u00e9sidentielles, mais bien avant. Plusieurs actes, plusieurs s\u00e9quences de sa politique : loi contre le port du voile, expulsion des Roms, lois anti r\u00e9cidive, propagande islamophobe sous couvert de lutte contre le \u00ab terrorisme \u00bb, discours anti assistanat et ultra s\u00e9curitaire, d\u00e9bat sur l&rsquo;identit\u00e9 nationale, ont \u00e9t\u00e9 plus que des tribunes, plus que des manifestes, des victoires offertes \u00e0 la pens\u00e9e frontiste. Plus m\u00eame, par del\u00e0 les capitulations successives de la pens\u00e9e r\u00e9publicaine, c\u2019est la caution morale, de la droite gouvernementale, c\u2019est la normalisation qui a \u00e9t\u00e9 ainsi apport\u00e9e au \u00ab front national \u00bb. Beaucoup se sont \u00e9mus du succ\u00e8s \u00e9lectoral de ce dernier. Nicolas Sarkozy qui croit pouvoir cacher la r\u00e9alit\u00e9 en se drapant dans les \u00ab valeurs de la r\u00e9publique \u00bb a en v\u00e9rit\u00e9 vendu celles-ci \u00e0 l\u2019encan. Sa responsabilit\u00e9 est av\u00e9r\u00e9e dans la progression des id\u00e9es et du vote lepeniste. Mais sa nuisance \u00e0 cet \u00e9gard est pire encore. Par sa faute, la droite r\u00e9publicaine s\u2019est d\u00e9lit\u00e9e, a baiss\u00e9 la garde. Au fil des ans, l\u2019orientation de l\u2019UMP s\u2019est durcie \u00e0 droite, il y avait tout lieu de croire que cette d\u00e9rive allait se confirmer entre les deux tours de l\u2019\u00e9lection pr\u00e9sidentielle. Cela est maintenant un fait, au-del\u00e0 m\u00eame de nos pires craintes. La proposition, tir\u00e9e directement du programme du FN d\u2019accorder aux policiers \u00ab une pr\u00e9somption de l\u00e9gitime d\u00e9fense \u00bb, en v\u00e9rit\u00e9 un v\u00e9ritable permis de tuer, digne des pires dictatures polici\u00e8res, fait froid dans le dos. &#8211; nous y reviendrons demain dans un article sp\u00e9cifique. &#8211; L\u2019encrage de la droite fran\u00e7aise sur les th\u00e8mes et le tempo de la droite extr\u00eame, participe du raidissement du contexte politique national et met en danger \u00ab le pacte r\u00e9publicain \u00bb.OutrageLui, le fils d\u2019immigr\u00e9 hongrois, qui \u00e0 l\u2019or\u00e9e de son mandat remerciait la France et la R\u00e9publique qui lui ont tout donn\u00e9 \u00bb, il leur fait au terme de son quinquennat, le cadeau empoisonn\u00e9 : non pas d\u2019un, mais presque deux partis d\u2019extr\u00eame droite. En se mettant entre ses mains \u00ab Marianne \u00bb pouvait-elle imaginer pareil outrage ?Petite digression historiqueL\u2019\u00c9tat peut se parer de toutes les caract\u00e9ristiques d\u2019un \u00c9tat policier et fasciste sans n\u00e9cessairement s\u2019appuyer sur un parti fasciste. Une telle figure historique s\u2019est d\u00e9j\u00e0 produite au moins une fois dans un pass\u00e9 et un pays pas si lointain. C\u2019\u00e9tait en 1920, dans un royaume ressuscit\u00e9 d\u2019un empire d\u00e9pec\u00e9 par \u00ab l\u2019entente \u00bb. \u00ab Les Alli\u00e9s \u00bb qui voulaient parer tout risque d\u2019extension internationale de la r\u00e9volution russe via l\u2019Autriche et l\u2019Allemagne fragilis\u00e9es install\u00e8rent au pouvoir l\u2019Amiral Miklos Horty qui prit le titre de \u00ab R\u00e9gent \u00bb. Un hongrois de Hongrie celui-l\u00e0, \u00e0 la t\u00eate du nouvel \u00c9tat qu\u2019avait cr\u00e9\u00e9 le trait\u00e9 de Trianon (4 juin 1920), \u00e0 l\u2019instigation de la France et de l\u2019Angleterre. Amput\u00e9e de 72% de son territoire, en proie aux fi\u00e8vres r\u00e9volutionnaires, les ranc\u0153urs cumul\u00e9es, dans cette nouvelle Hongrie, \u00e9taient grandes. On devine ais\u00e9ment, dans un tel contexte, de qu\u2019elle nature devait \u00eatre le r\u00e9gime adoub\u00e9 par \u00ab l\u2019entente \u00bb. Ce fut un r\u00e9gime fasciste de dictature personnelle, ne s\u2019appuyant pourtant pas sur un parti fasciste comme ce devait \u00eatre le cas de l\u2019Italie Mussolinienne. \u00ab No pasar\u00e1n ! \u00bbSi, pour le malheur de la France, Sarkozy \u00e9tait r\u00e9\u00e9lu, nous nous retrouverions dans une figure politique proche de celle de la Hongrie des ann\u00e9es 20. Avec un gouvernement d\u2019extr\u00eame droite, quand bien m\u00eame le front national serait maintenu en marge du pouvoir.Comment, ceux, \u00e0 droite et au centre qui depuis de longues ann\u00e9es, luttent contre le Front national au nom des valeurs de la r\u00e9publique, pourraient-ils tol\u00e9rer que les th\u00e8ses l\u2019esprit et la politique de ce parti, fassent leur entr\u00e9e au gouvernement de la France, dans le \u00ab cheval de Troie de l\u2019UMP \u00bb asservi par Sarkozy ?Si leurs pr\u00e9venances ne se limitent pas \u00e0 de simples questions d\u2019\u00e9tiquettes ou de \u00ab chapelles \u00bb politiques, si celles-ci se fondent vraiment sur des valeurs r\u00e9publicaines partag\u00e9es et pleinement assum\u00e9es, ne se doivent-ils pas d\u2019aller plus loin que des r\u00e9criminations ou la simple manifestation de leurs d\u00e9sapprobations ? Ne se doivent-ils pas de faire \u00e0 pr\u00e9sent barrage \u00e0 la d\u00e9rive \u00ab Hortyste \u00bb du pouvoir qu\u2019impliquerait la r\u00e9\u00e9lection de Sarkozy, en y mettant la m\u00eame d\u00e9termination qui eut \u00e9t\u00e9 la leur dans le cas ou Marine Le Pen, aurait \u00e9t\u00e9 pr\u00e9sente au deuxi\u00e8me tour ?<\/p>\n","protected":false},"excerpt":{"rendered":"<p>IL FAUDRAIT VOIR DE NE PAS POUSSER MARIANNE DANS LES ORTIESNous avions anticip\u00e9 les r\u00e9sultats du \u00ab Front national \u00bb. [&hellip;]<\/p>\n","protected":false},"author":1,"featured_media":0,"comment_status":"open","ping_status":"open","sticky":false,"template":"","format":"standard","meta":{"sfsi_plus_gutenberg_text_before_share":"","sfsi_plus_gutenberg_show_text_before_share":"","sfsi_plus_gutenberg_icon_type":"","sfsi_plus_gutenberg_icon_alignemt":"","sfsi_plus_gutenburg_max_per_row":"","site-sidebar-layout":"default","site-content-layout":"","ast-site-content-layout":"default","site-content-style":"default","site-sidebar-style":"default","ast-global-header-display":"","ast-banner-title-visibility":"","ast-main-header-display":"","ast-hfb-above-header-display":"","ast-hfb-below-header-display":"","ast-hfb-mobile-header-display":"","site-post-title":"","ast-breadcrumbs-content":"","ast-featured-img":"","footer-sml-layout":"","ast-disable-related-posts":"","theme-transparent-header-meta":"","adv-header-id-meta":"","stick-header-meta":"","header-above-stick-meta":"","header-main-stick-meta":"","header-below-stick-meta":"","astra-migrate-meta-layouts":"default","ast-page-background-enabled":"default","ast-page-background-meta":{"desktop":{"background-color":"var(--ast-global-color-4)","background-image":"","background-repeat":"repeat","background-position":"center center","background-size":"auto","background-attachment":"scroll","background-type":"","background-media":"","overlay-type":"","overlay-color":"","overlay-opacity":"","overlay-gradient":""},"tablet":{"background-color":"","background-image":"","background-repeat":"repeat","background-position":"center center","background-size":"auto","background-attachment":"scroll","background-type":"","background-media":"","overlay-type":"","overlay-color":"","overlay-opacity":"","overlay-gradient":""},"mobile":{"background-color":"","background-image":"","background-repeat":"repeat","background-position":"center center","background-size":"auto","background-attachment":"scroll","background-type":"","background-media":"","overlay-type":"","overlay-color":"","overlay-opacity":"","overlay-gradient":""}},"ast-content-background-meta":{"desktop":{"background-color":"var(--ast-global-color-5)","background-image":"","background-repeat":"repeat","background-position":"center center","background-size":"auto","background-attachment":"scroll","background-type":"","background-media":"","overlay-type":"","overlay-color":"","overlay-opacity":"","overlay-gradient":""},"tablet":{"background-color":"var(--ast-global-color-5)","background-image":"","background-repeat":"repeat","background-position":"center center","background-size":"auto","background-attachment":"scroll","background-type":"","background-media":"","overlay-type":"","overlay-color":"","overlay-opacity":"","overlay-gradient":""},"mobile":{"background-color":"var(--ast-global-color-5)","background-image":"","background-repeat":"repeat","background-position":"center center","background-size":"auto","background-attachment":"scroll","background-type":"","background-media":"","overlay-type":"","overlay-color":"","overlay-opacity":"","overlay-gradient":""}},"footnotes":""},"categories":[16],"tags":[],"class_list":["post-1517","post","type-post","status-publish","format-standard","hentry","category-archives-cms"],"_links":{"self":[{"href":"https:\/\/lavoiedessansvoix.fr\/lavoie\/wp-json\/wp\/v2\/posts\/1517","targetHints":{"allow":["GET"]}}],"collection":[{"href":"https:\/\/lavoiedessansvoix.fr\/lavoie\/wp-json\/wp\/v2\/posts"}],"about":[{"href":"https:\/\/lavoiedessansvoix.fr\/lavoie\/wp-json\/wp\/v2\/types\/post"}],"author":[{"embeddable":true,"href":"https:\/\/lavoiedessansvoix.fr\/lavoie\/wp-json\/wp\/v2\/users\/1"}],"replies":[{"embeddable":true,"href":"https:\/\/lavoiedessansvoix.fr\/lavoie\/wp-json\/wp\/v2\/comments?post=1517"}],"version-history":[{"count":0,"href":"https:\/\/lavoiedessansvoix.fr\/lavoie\/wp-json\/wp\/v2\/posts\/1517\/revisions"}],"wp:attachment":[{"href":"https:\/\/lavoiedessansvoix.fr\/lavoie\/wp-json\/wp\/v2\/media?parent=1517"}],"wp:term":[{"taxonomy":"category","embeddable":true,"href":"https:\/\/lavoiedessansvoix.fr\/lavoie\/wp-json\/wp\/v2\/categories?post=1517"},{"taxonomy":"post_tag","embeddable":true,"href":"https:\/\/lavoiedessansvoix.fr\/lavoie\/wp-json\/wp\/v2\/tags?post=1517"}],"curies":[{"name":"wp","href":"https:\/\/api.w.org\/{rel}","templated":true}]}}