{"id":1515,"date":"2012-05-01T02:24:00","date_gmt":"2012-05-01T00:24:00","guid":{"rendered":"https:\/\/lavoiedessansvoix.fr\/lavoie\/2012\/05\/01\/archive-crotale-au-poing\/"},"modified":"2012-05-01T02:24:00","modified_gmt":"2012-05-01T00:24:00","slug":"archive-crotale-au-poing","status":"publish","type":"post","link":"https:\/\/lavoiedessansvoix.fr\/lavoie\/2012\/05\/01\/archive-crotale-au-poing\/","title":{"rendered":"CROTALE AU POING"},"content":{"rendered":"<p>CROTALE AU POING   Sarkozy vitup\u00e8re, fulmine assigne. Le site \u00ab Mediapart \u00bb vient de sortir un document libyen rendant compte d\u2019un financement possible de sa campagne \u00e9lectorale de 2007 par le r\u00e9gime de la Jamahiriya du colonel Kadhafi. C\u2019est un faux grossier affirme Sarkozy, et il en veut pour preuve que les deux t\u00e9moins impliqu\u00e9s, Bachir Saleh destinataire suppos\u00e9 et Moussa Koussa signataire, d\u00e9mentent formellement. D\u2019ailleurs, s\u2019indigne-t-il, qu\u2019est-ce donc \u00ab ces boules puantes \u00bb qui \u00e9clatent \u00e0 7 jours du scrutin. Il va attaquer Mediapart en justice.Le malheur pour Sarkozy c\u2019est que tout sonne faux dans son syst\u00e8me de d\u00e9fense.Attaquer M\u00e9diapart, c\u2019est se donner au moindre co\u00fbt la posture de l\u2019offens\u00e9. Si un proc\u00e8s \u00e9tablit la v\u00e9rit\u00e9, celle-l\u00e0 ne sera connue que longtemps apr\u00e8s le terme de cette \u00e9lection, autrement dit Sarkozy ne prend gu\u00e8re de risques \u00e0 ce positionnement.La boule puante \u00e9clate, il est vrai \u00e0 quelques jours de l\u2019\u00e9ch\u00e9ance \u00e9lectorale, mais n\u2019aurait-elle pas pu \u00e9clater avant ? Cela fait plusieurs mois en effet que l\u2019affaire est connue. Vraie ou fausse, elle avait \u00e9t\u00e9 r\u00e9v\u00e9l\u00e9e par Se\u00eff Al-Islam Kadhafi, \u00e0 l\u2019\u00e9poque de l\u2019offensive de l\u2019OTAN contre le r\u00e9gime de Mouammar, son p\u00e8re. Ce n\u2019est donc pas vraiment une nouveaut\u00e9. Si Sarkozy \u00e9tait si s\u00fbr de son fait, que n\u2019a-t-il eut \u00e0 c\u0153ur de faire toute la lumi\u00e8re en ce temps, quand tous les acteurs et t\u00e9moins suppos\u00e9s \u00e9taient encore vivants. Avait-il dans l\u2019id\u00e9e d\u2019enterrer le soup\u00e7on en pr\u00e9cipitant les protagonistes libyens au tombeau ? La mort du colonel Kadhafi, l\u2019arrestation de son fils, les d\u00e9fections bien naturelles dans de telles circonstances historiques, ont permis d\u2019en diff\u00e9rer l\u2019\u00e9clatement. Est-il tout \u00e0 fait idiot de supposer que certains esp\u00e9raient secr\u00e8tement l\u2019\u00e9viter \u00e0 jamais ?Mais prendre la parole du transfuge Moussa Koussa, ancien pilier du r\u00e9gime de Kadhafi, pass\u00e9 avec armes et bagages dans le camp occidental des ennemis de la Jamahiriya, comme la preuve intangible du complot, voil\u00e0 qui est fort de caf\u00e9. La signature de cet homme figure sur le document, elle y est conforme au r\u00f4le qui \u00e9tait le sien \u00e0 cette \u00e9poque et correspond aux dates de certains s\u00e9jours d\u2019\u00e9missaires de Sarkozy dans la Tripolitaine. Alors s\u2019il dit aujourd\u2019hui, pour le service de ses nouveaux ma\u00eetres que le document est un faux, qui le prendra vraiment au s\u00e9rieux except\u00e9 Sarkozy dont c\u2019est l\u2019int\u00e9r\u00eat ?D\u2019ailleurs, cet \u00e9pisode, la tente de Khadhafi plant\u00e9e sur la pelouse de l\u2019\u00c9lys\u00e9e, cette visite officielle tant d\u00e9cri\u00e9e par certains, \u00e0 laquelle Sarkozy, malgr\u00e9 les critiques, tenait tellement, n\u2019est-il pas symptomatique d\u2019un \u00ab deal \u00bb secret entre les deux chefs d\u2019\u00c9tat ?Et puis il y a l\u2019odieux, comme \u00e0 chaque fois avec Sarkozy. Il ne peut pas s\u2019en emp\u00eacher, le mensonge \u00e9norme, comme l\u2019Arc de triomphe au milieu de la place de l\u2019\u00e9toile. \u00ab Ce qui n\u2019est pas cr\u00e9dible c\u2019est Mediapart \u00bb a-t-il d\u00e9clar\u00e9 lundi matin 30 avril, sur France-2. \u00ab Vous croyez vraiment qu\u2019avec ce que j\u2019ai fait \u00e0 Monsieur Kadhafi il m\u2019a fait un virement ? Pourquoi pas un ch\u00e8que endoss\u00e9 ? \u00bb. \u00c0 ceci pr\u00e9s que l\u2019\u00e9ventuel \u00ab deal \u00bb de financement de la campagne de 2007 \u00e7a se passe en 2006, et que \u00ab ce qu\u2019a fait \u2013 Sarkozy \u2013 \u00e0 Monsieur Kadhafi \u00bb c\u2019est en 2011.On croit r\u00eaver. Sarkozy voudrait se pr\u00e9valoir de son agression contre Kadhafi cinq ans apr\u00e8s, comme la preuve de ce qu\u2019il n\u2019aurait pas fait cinq ans avant. On nage l\u00e0 dans le cynisme le plus noir et l\u2019abomination la plus horribleEt c\u2019est cet homme-l\u00e0 qui ose contester la moralit\u00e9 de ceux qui s\u2019en remettent \u00e0 la parole \u00ab du fils Kadhafi \u00bb. Mais de qu\u2019elle hauteur morale peut-il bien se pr\u00e9valoir l\u2019homme, le chef d\u2019\u00c9tat, qui en re\u00e7oit un autre avec tous les \u00e9gards dus \u00e0 sa fonction, et tous les fastes du protocole, et qui trois ans apr\u00e8s met publiquement un contrat sur sa t\u00eate, le fait abattre comme un chien, fait tuer ses fils et ses petits enfants, met son pays \u00e0 feu et \u00e0 sang ?On peut ne pas l\u2019aimer et honnir le r\u00e9gime de son p\u00e8re dont il \u00e9tait un franc soutien. Mais rien n\u2019autorise \u00e0 contester l\u2019int\u00e9grit\u00e9 morale de Se\u00eff Al-Islam. Serait-elle plus douteuse parce que le voil\u00e0 dans la position humiliante du perdant ? Il s\u2019est battu jusqu\u2019au bout, fid\u00e8le \u00e0 son pays, \u00e0 la Jamahiriya, \u00e0 son p\u00e8re. Il n\u2019a pas d\u00e9m\u00e9rit\u00e9 et peut fi\u00e8rement regarder en face les agresseurs, ces bandits imp\u00e9rialistes, qui ont d\u00e9stabilis\u00e9 son pays. Devrait-il baisser les yeux devant Sarkozy ?Se\u00eff al Islam Kadhafi est \u00e0 l\u2019origine des premi\u00e8res r\u00e9v\u00e9lations sur le financement libyen de la campagne de Sarkozy en 2007. N\u2019est-ce pas la raison pour laquelle certains tenaient tant \u00e0 le tuer. Arr\u00eat\u00e9 et incarc\u00e9r\u00e9 depuis le 19 novembre n\u2019\u00e9tait-il pas neutralis\u00e9 ? Mais la v\u00e9rit\u00e9 a chemin\u00e9 par d\u2019autres voies jusqu\u2019\u00e0 nous, et, r\u00e9\u00e9lu ou pas Sarkozy devra s\u2019en expliquer.<\/p>\n","protected":false},"excerpt":{"rendered":"<p>CROTALE AU POING Sarkozy vitup\u00e8re, fulmine assigne. Le site \u00ab Mediapart \u00bb vient de sortir un document libyen rendant compte [&hellip;]<\/p>\n","protected":false},"author":1,"featured_media":0,"comment_status":"open","ping_status":"open","sticky":false,"template":"","format":"standard","meta":{"sfsi_plus_gutenberg_text_before_share":"","sfsi_plus_gutenberg_show_text_before_share":"","sfsi_plus_gutenberg_icon_type":"","sfsi_plus_gutenberg_icon_alignemt":"","sfsi_plus_gutenburg_max_per_row":"","site-sidebar-layout":"default","site-content-layout":"","ast-site-content-layout":"default","site-content-style":"default","site-sidebar-style":"default","ast-global-header-display":"","ast-banner-title-visibility":"","ast-main-header-display":"","ast-hfb-above-header-display":"","ast-hfb-below-header-display":"","ast-hfb-mobile-header-display":"","site-post-title":"","ast-breadcrumbs-content":"","ast-featured-img":"","footer-sml-layout":"","ast-disable-related-posts":"","theme-transparent-header-meta":"","adv-header-id-meta":"","stick-header-meta":"","header-above-stick-meta":"","header-main-stick-meta":"","header-below-stick-meta":"","astra-migrate-meta-layouts":"default","ast-page-background-enabled":"default","ast-page-background-meta":{"desktop":{"background-color":"var(--ast-global-color-4)","background-image":"","background-repeat":"repeat","background-position":"center center","background-size":"auto","background-attachment":"scroll","background-type":"","background-media":"","overlay-type":"","overlay-color":"","overlay-opacity":"","overlay-gradient":""},"tablet":{"background-color":"","background-image":"","background-repeat":"repeat","background-position":"center center","background-size":"auto","background-attachment":"scroll","background-type":"","background-media":"","overlay-type":"","overlay-color":"","overlay-opacity":"","overlay-gradient":""},"mobile":{"background-color":"","background-image":"","background-repeat":"repeat","background-position":"center center","background-size":"auto","background-attachment":"scroll","background-type":"","background-media":"","overlay-type":"","overlay-color":"","overlay-opacity":"","overlay-gradient":""}},"ast-content-background-meta":{"desktop":{"background-color":"var(--ast-global-color-5)","background-image":"","background-repeat":"repeat","background-position":"center center","background-size":"auto","background-attachment":"scroll","background-type":"","background-media":"","overlay-type":"","overlay-color":"","overlay-opacity":"","overlay-gradient":""},"tablet":{"background-color":"var(--ast-global-color-5)","background-image":"","background-repeat":"repeat","background-position":"center center","background-size":"auto","background-attachment":"scroll","background-type":"","background-media":"","overlay-type":"","overlay-color":"","overlay-opacity":"","overlay-gradient":""},"mobile":{"background-color":"var(--ast-global-color-5)","background-image":"","background-repeat":"repeat","background-position":"center center","background-size":"auto","background-attachment":"scroll","background-type":"","background-media":"","overlay-type":"","overlay-color":"","overlay-opacity":"","overlay-gradient":""}},"footnotes":""},"categories":[16],"tags":[],"class_list":["post-1515","post","type-post","status-publish","format-standard","hentry","category-archives-cms"],"_links":{"self":[{"href":"https:\/\/lavoiedessansvoix.fr\/lavoie\/wp-json\/wp\/v2\/posts\/1515","targetHints":{"allow":["GET"]}}],"collection":[{"href":"https:\/\/lavoiedessansvoix.fr\/lavoie\/wp-json\/wp\/v2\/posts"}],"about":[{"href":"https:\/\/lavoiedessansvoix.fr\/lavoie\/wp-json\/wp\/v2\/types\/post"}],"author":[{"embeddable":true,"href":"https:\/\/lavoiedessansvoix.fr\/lavoie\/wp-json\/wp\/v2\/users\/1"}],"replies":[{"embeddable":true,"href":"https:\/\/lavoiedessansvoix.fr\/lavoie\/wp-json\/wp\/v2\/comments?post=1515"}],"version-history":[{"count":0,"href":"https:\/\/lavoiedessansvoix.fr\/lavoie\/wp-json\/wp\/v2\/posts\/1515\/revisions"}],"wp:attachment":[{"href":"https:\/\/lavoiedessansvoix.fr\/lavoie\/wp-json\/wp\/v2\/media?parent=1515"}],"wp:term":[{"taxonomy":"category","embeddable":true,"href":"https:\/\/lavoiedessansvoix.fr\/lavoie\/wp-json\/wp\/v2\/categories?post=1515"},{"taxonomy":"post_tag","embeddable":true,"href":"https:\/\/lavoiedessansvoix.fr\/lavoie\/wp-json\/wp\/v2\/tags?post=1515"}],"curies":[{"name":"wp","href":"https:\/\/api.w.org\/{rel}","templated":true}]}}