{"id":1514,"date":"2012-05-01T17:36:00","date_gmt":"2012-05-01T15:36:00","guid":{"rendered":"https:\/\/lavoiedessansvoix.fr\/lavoie\/2012\/05\/01\/archive-vive-le-drapeau-rouge\/"},"modified":"2012-05-01T17:36:00","modified_gmt":"2012-05-01T15:36:00","slug":"archive-vive-le-drapeau-rouge","status":"publish","type":"post","link":"https:\/\/lavoiedessansvoix.fr\/lavoie\/2012\/05\/01\/archive-vive-le-drapeau-rouge\/","title":{"rendered":"VIVE LE DRAPEAU ROUGE"},"content":{"rendered":"<p>VIVE LE DRAPEAU ROUGESarkozy poursuivant la d\u00e9rive \u00ab hortyste \u00bb que nous avons diagnostiqu\u00e9e a fait un pas nouveau aujourd\u2019hui en ressuscitant l\u2019opposition versaillaise du drapeau rouge et du drapeau tricolore. Au nom de quoi, de quelle culture politique, de quelle vision de l\u2019histoire, de quelle philosophie sociale, se permet-il, lui l\u2019ignare, de conseiller quoique ce soit aux syndicats, et sp\u00e9cifiquement cela, que nous recevons comme une insulte : \u00ab posez le drapeau rouge \u00bb.Nos syndicats fran\u00e7ais sont d\u00e9j\u00e0 infiniment int\u00e9gr\u00e9s dans le syst\u00e8me. Sans leur conduite pusillanime ou collaborative (pour n\u2019utiliser que des termes gentils et respectueux), la r\u00e9forme des retraites dont se targue Sarkozy ne serait jamais pass\u00e9e. Mais cela ne suffit pas \u00e0 ce mal appris qui se prend pour C\u00e9sar et n\u2019en est que le tiers. La r\u00e9gression sociale qu\u2019il nous a inflig\u00e9e ne lui suffit pas, Il voudrait aussi qu\u2019on d\u00e9pose \u00e0 ses pieds l\u2019\u00e9tendard des luttes ouvri\u00e8res. il voudrait aussi qu\u2019on lui vende notre \u00e2me et notre m\u00e9moire historique. Il r\u00eave une capitulation sans combat et sans condition.Or, dans le m\u00eame temps ou par ses propos il d\u00e9clare la guerre ouverte aux classes laborieuses, \u00e0 leurs syndicats, \u00e0 ce qui subsiste de m\u00e9moire ouvri\u00e8re dans cette r\u00e9f\u00e9rence au drapeau rouge, il pr\u00e9tend ne pas vouloir de la lutte des classes. Mais Monsieur Sarkozy, pas plus que la gravitation universelle ne d\u00e9pend de newton, la lutte des classes n\u2019ob\u00e9it \u00e0 votre pomme. La gravitation comme la lutte des classes sont des r\u00e9alit\u00e9s intangibles auxquelles nul n\u2019\u00e9chappe. Et plus d\u2019un professeur Tournesol qui a cru \u00e9chapper un jour \u00e0 ces lois universelles s\u2019est retrouv\u00e9 le cul parterre, allez savoir pourquoi.Le discours de Sarkozy est un discours de guerre de classe. C\u2019est le discours agressif d\u2019une bourgeoisie assoiff\u00e9e de profits toujours plus insolents. C\u2019est le discours insultant d\u2019un \u00ab maitre \u00bb qui s\u2019adresse \u00e0 \u00ab ses gens \u00bb et leur dit de ne pas se m\u00ealer de politique, car c\u2019est le domaine r\u00e9serv\u00e9 des \u00ab maitres \u00bb.Nous sommes ce soir tristes et meurtris. Quel plus beau r\u00e9flexe, qu\u2019elle plus cinglante r\u00e9ponse pouvions nous faire \u00e0 \u00ab Nicolas la haine \u00bb que de chanter dans notre recueillement et de proposer \u00e0 nos visiteurs, ce chant merveilleux des travailleurs, m\u00e9moire des luttes, des souffrances et des d\u00e9faites, mais aussi de quelques belles victoires et de ces acquis sociaux que Sarkozy et sa bande veulent nous reprendre jusqu\u2019au dernier.LE DRAPEAU ROUGEParoles de Paul Brousse sur un air populaire suisse &#8211; 1877Les r\u00e9volt\u00e9s du Moyen \u00c2geL&rsquo;ont arbor\u00e9 sur maints beffrois.Embl\u00e8me \u00e9clatant du courage,Toujours il fit p\u00e2lir les rois. REFRAINLe voil\u00e0, le voil\u00e0, regardez !Il flotte et fi\u00e8rement il bouge,Osez, osez le d\u00e9fierNotre superbe drapeau rouge,Rouge du sang de l&rsquo;ouvrier (bis)Puis plant\u00e9 sur les barricades par les h\u00e9ros de f\u00e9vrierIl devint pour les camaradesLe drapeau du peuple ouvrier. Sous la Commune il flotte encoreA la t\u00eate des bataillons.Et chaque barricade arboreSes longs plis taill\u00e9s en haillons. Noble \u00e9tendard des prol\u00e9tairesDes opprim\u00e9s soit l&rsquo;\u00e9claireurA tous les peuples de la terrePorte la Paix et le Bonheur Non, monsieur Sarkozy nous ne poserons pas le drapeau rouge, dans le temps pr\u00e9cis\u00e9ment, o\u00f9 vos semblables et vos amis de la finance agressent tous les peuples d\u2019Europe avec des plans d\u2019aust\u00e9rit\u00e9 drastiques. Le temps n\u2019est pas \u00e0 le poser, mais au contraire \u00e0 s\u2019en saisir \u00e0 nouveau, plus que jamais, \u00e0 le brandir haut, plus fort, sur l\u2019Acropole d\u2019Ath\u00e8nes et ailleurs. Qu\u2019il soit \u00e0 nouveau, de Paris jusqu\u2019\u00e0 Vienne, comme en 1848 l\u2019\u00e9tendard unique du soul\u00e8vement europ\u00e9en des peuples.Il flotte et fi\u00e8rement il bouge !<\/p>\n","protected":false},"excerpt":{"rendered":"<p>VIVE LE DRAPEAU ROUGESarkozy poursuivant la d\u00e9rive \u00ab hortyste \u00bb que nous avons diagnostiqu\u00e9e a fait un pas nouveau aujourd\u2019hui [&hellip;]<\/p>\n","protected":false},"author":1,"featured_media":0,"comment_status":"open","ping_status":"open","sticky":false,"template":"","format":"standard","meta":{"sfsi_plus_gutenberg_text_before_share":"","sfsi_plus_gutenberg_show_text_before_share":"","sfsi_plus_gutenberg_icon_type":"","sfsi_plus_gutenberg_icon_alignemt":"","sfsi_plus_gutenburg_max_per_row":"","site-sidebar-layout":"default","site-content-layout":"","ast-site-content-layout":"default","site-content-style":"default","site-sidebar-style":"default","ast-global-header-display":"","ast-banner-title-visibility":"","ast-main-header-display":"","ast-hfb-above-header-display":"","ast-hfb-below-header-display":"","ast-hfb-mobile-header-display":"","site-post-title":"","ast-breadcrumbs-content":"","ast-featured-img":"","footer-sml-layout":"","ast-disable-related-posts":"","theme-transparent-header-meta":"","adv-header-id-meta":"","stick-header-meta":"","header-above-stick-meta":"","header-main-stick-meta":"","header-below-stick-meta":"","astra-migrate-meta-layouts":"default","ast-page-background-enabled":"default","ast-page-background-meta":{"desktop":{"background-color":"var(--ast-global-color-4)","background-image":"","background-repeat":"repeat","background-position":"center center","background-size":"auto","background-attachment":"scroll","background-type":"","background-media":"","overlay-type":"","overlay-color":"","overlay-opacity":"","overlay-gradient":""},"tablet":{"background-color":"","background-image":"","background-repeat":"repeat","background-position":"center center","background-size":"auto","background-attachment":"scroll","background-type":"","background-media":"","overlay-type":"","overlay-color":"","overlay-opacity":"","overlay-gradient":""},"mobile":{"background-color":"","background-image":"","background-repeat":"repeat","background-position":"center center","background-size":"auto","background-attachment":"scroll","background-type":"","background-media":"","overlay-type":"","overlay-color":"","overlay-opacity":"","overlay-gradient":""}},"ast-content-background-meta":{"desktop":{"background-color":"var(--ast-global-color-5)","background-image":"","background-repeat":"repeat","background-position":"center center","background-size":"auto","background-attachment":"scroll","background-type":"","background-media":"","overlay-type":"","overlay-color":"","overlay-opacity":"","overlay-gradient":""},"tablet":{"background-color":"var(--ast-global-color-5)","background-image":"","background-repeat":"repeat","background-position":"center center","background-size":"auto","background-attachment":"scroll","background-type":"","background-media":"","overlay-type":"","overlay-color":"","overlay-opacity":"","overlay-gradient":""},"mobile":{"background-color":"var(--ast-global-color-5)","background-image":"","background-repeat":"repeat","background-position":"center center","background-size":"auto","background-attachment":"scroll","background-type":"","background-media":"","overlay-type":"","overlay-color":"","overlay-opacity":"","overlay-gradient":""}},"footnotes":""},"categories":[16],"tags":[],"class_list":["post-1514","post","type-post","status-publish","format-standard","hentry","category-archives-cms"],"_links":{"self":[{"href":"https:\/\/lavoiedessansvoix.fr\/lavoie\/wp-json\/wp\/v2\/posts\/1514","targetHints":{"allow":["GET"]}}],"collection":[{"href":"https:\/\/lavoiedessansvoix.fr\/lavoie\/wp-json\/wp\/v2\/posts"}],"about":[{"href":"https:\/\/lavoiedessansvoix.fr\/lavoie\/wp-json\/wp\/v2\/types\/post"}],"author":[{"embeddable":true,"href":"https:\/\/lavoiedessansvoix.fr\/lavoie\/wp-json\/wp\/v2\/users\/1"}],"replies":[{"embeddable":true,"href":"https:\/\/lavoiedessansvoix.fr\/lavoie\/wp-json\/wp\/v2\/comments?post=1514"}],"version-history":[{"count":0,"href":"https:\/\/lavoiedessansvoix.fr\/lavoie\/wp-json\/wp\/v2\/posts\/1514\/revisions"}],"wp:attachment":[{"href":"https:\/\/lavoiedessansvoix.fr\/lavoie\/wp-json\/wp\/v2\/media?parent=1514"}],"wp:term":[{"taxonomy":"category","embeddable":true,"href":"https:\/\/lavoiedessansvoix.fr\/lavoie\/wp-json\/wp\/v2\/categories?post=1514"},{"taxonomy":"post_tag","embeddable":true,"href":"https:\/\/lavoiedessansvoix.fr\/lavoie\/wp-json\/wp\/v2\/tags?post=1514"}],"curies":[{"name":"wp","href":"https:\/\/api.w.org\/{rel}","templated":true}]}}