{"id":1508,"date":"2012-05-11T02:01:00","date_gmt":"2012-05-11T00:01:00","guid":{"rendered":"https:\/\/lavoiedessansvoix.fr\/lavoie\/2012\/05\/11\/archive-grece-le-peuple-explose-le-bipartisme-et-l-alternance\/"},"modified":"2012-05-11T02:01:00","modified_gmt":"2012-05-11T00:01:00","slug":"archive-grece-le-peuple-explose-le-bipartisme-et-l-alternance","status":"publish","type":"post","link":"https:\/\/lavoiedessansvoix.fr\/lavoie\/2012\/05\/11\/archive-grece-le-peuple-explose-le-bipartisme-et-l-alternance\/","title":{"rendered":"GRECE, LE PEUPLE EXPLOSE LE BIPARTISME ET L\u2019ALTERNANCE"},"content":{"rendered":"<p>GRECE, LE PEUPLE EXPLOSE LE BIPARTISME ET L\u2019ALTERNANCE LES IMPUDENTS : Le journal \u00ab Le Monde \u00bb dat\u00e9 du .8 mai, titrait, en premi\u00e8re page : \u00ab Gr\u00e8ce, un chaos sorti des urnes \u00bb. Mais le chaos dans lequel est plong\u00e9e la Gr\u00e8ce n\u2019existait-il pas avant le scrutin de dimanche 6 mai ? N\u2019est-il pas plut\u00f4t le fait du capitalisme lib\u00e9ral assoiff\u00e9 de profits toujours plus gigantesques ? Le Chaos n\u2019est-il pas en v\u00e9rit\u00e9 le pur produit de la crise du capitalisme, ce syst\u00e8me \u00e9conomique d\u00e9lirant fait, non pour satisfaire les besoins humains, mais pour \u00e9tancher la soif de tantale du capital et de la finance internationale ? Il faut-\u00eatre bien pr\u00e9tentieux, ou r\u00e9p\u00e9tons-le, impudent, de la part de ses scribouillards pour oser ainsi renverser l\u2019ordre naturel des choses, des effets et des causes. Les r\u00e9sultats sortis des urnes dimanche ne sont pas cause du chaos, mais l\u2019expression des tentatives d\u00e9sesp\u00e9r\u00e9es du peuple grec, d\u2019\u00e9chapper \u00e0 l\u2019oukase des puissances de l\u2019argent qui veulent le r\u00e9duire en esclavage. Et c\u2019est faire injure \u00e0 ce peuple qui se d\u00e9bat dans les plus grandes difficult\u00e9s que de l\u2019accuser de g\u00e9n\u00e9rer le chaos lui qui en est la victime. Sans compter que cette \u00ab envol\u00e9e sentencieuse \u00bb pourrait \u00eatre interpr\u00e9t\u00e9e comme une violente diatribe contre la \u00ab  d\u00e9mocratie \u00e9lective \u00bb puisque dans les urnes elle voit des \u00ab boites mal\u00e9fiques \u00bb, \u00e0 l\u2019instar de la boite de Pandore. Ce qui insupporte l\u2019auteur, \u00e0 l\u2019\u00e9vidence,, c\u2019est la manifestation \u00e0 travers ce r\u00e9sultat \u00e9lectoral de la rebuffade du peuple. Il joue ici avec z\u00e8le et application son r\u00f4le d\u2019apologiste et d\u2019agent appoint\u00e9 de la finance, qui voudrait condamner les peuples \u00e0 la r\u00e9signation et au fatalisme, et ne supporte pas que l\u2019on conteste le bien-fond\u00e9 de sa domination. Ce refus d\u2019obtemp\u00e9rer est mal venu, il faut bien dire. Quand elle s\u2019appr\u00eate \u00e0 saisir \u00e0 la gorge d\u2019autres peuples et nations d\u2019Europe, le signal que donne le peuple grec est d\u2019un bien malencontreux effet et de fort mauvais augures pour les magnats de \u00ab la finance internationale \u00bb. Ne semble-t-il pas d\u00e9signer de la sorte, aux autres peuples d\u2019Europe, les chemins de l\u2019insoumission ? Le bipartisme, l\u2019alternance, vous savez, se syst\u00e8me que nous avons ci souvent d\u00e9nonc\u00e9 ici m\u00eame, qui permet, tant\u00f4t \u00ab Gauche \u00bb tant\u00f4t \u00ab Droite \u00bb d\u2019appliquer, \u00e0 quelques nuances pr\u00e8s, toujours la m\u00eame politique et de d\u00e9fendre toujours les m\u00eames int\u00e9r\u00eats, ceux du capital et des puissances de l\u2019argent. Le bipartisme, l\u2019alternance, vous savez, ce syst\u00e8me qui n\u2019a de d\u00e9mocratique que le nom et qui est en v\u00e9rit\u00e9 \u00ab la dictature \u00bb du capital financier. Le bipartisme, l\u2019alternance, le syst\u00e8me politique de la pens\u00e9e unique, en vigueur en Gr\u00e8ce depuis la fin du r\u00e9gime des colonels en 1981. C\u2019est cela que le peuple grec a fait exploser dimanche. Cela certes ne r\u00e9sout rien dans l\u2019imm\u00e9diat, mais ce bouleversement politique n\u2019est qu\u2019une \u00e9tape en v\u00e9rit\u00e9 dans la mise en ordre de combat du peuple grec. Or, d\u2019autres peuples d\u2019Europe prendront bient\u00f4t ce m\u00eame chemin. C\u2019est celui qui conduit \u00e0 la r\u00e9sistance et \u00e0 l\u2019insurrection.<\/p>\n","protected":false},"excerpt":{"rendered":"<p>GRECE, LE PEUPLE EXPLOSE LE BIPARTISME ET L\u2019ALTERNANCE LES IMPUDENTS : Le journal \u00ab Le Monde \u00bb dat\u00e9 du .8 [&hellip;]<\/p>\n","protected":false},"author":1,"featured_media":0,"comment_status":"open","ping_status":"open","sticky":false,"template":"","format":"standard","meta":{"sfsi_plus_gutenberg_text_before_share":"","sfsi_plus_gutenberg_show_text_before_share":"","sfsi_plus_gutenberg_icon_type":"","sfsi_plus_gutenberg_icon_alignemt":"","sfsi_plus_gutenburg_max_per_row":"","site-sidebar-layout":"default","site-content-layout":"","ast-site-content-layout":"default","site-content-style":"default","site-sidebar-style":"default","ast-global-header-display":"","ast-banner-title-visibility":"","ast-main-header-display":"","ast-hfb-above-header-display":"","ast-hfb-below-header-display":"","ast-hfb-mobile-header-display":"","site-post-title":"","ast-breadcrumbs-content":"","ast-featured-img":"","footer-sml-layout":"","ast-disable-related-posts":"","theme-transparent-header-meta":"","adv-header-id-meta":"","stick-header-meta":"","header-above-stick-meta":"","header-main-stick-meta":"","header-below-stick-meta":"","astra-migrate-meta-layouts":"default","ast-page-background-enabled":"default","ast-page-background-meta":{"desktop":{"background-color":"var(--ast-global-color-4)","background-image":"","background-repeat":"repeat","background-position":"center center","background-size":"auto","background-attachment":"scroll","background-type":"","background-media":"","overlay-type":"","overlay-color":"","overlay-opacity":"","overlay-gradient":""},"tablet":{"background-color":"","background-image":"","background-repeat":"repeat","background-position":"center center","background-size":"auto","background-attachment":"scroll","background-type":"","background-media":"","overlay-type":"","overlay-color":"","overlay-opacity":"","overlay-gradient":""},"mobile":{"background-color":"","background-image":"","background-repeat":"repeat","background-position":"center center","background-size":"auto","background-attachment":"scroll","background-type":"","background-media":"","overlay-type":"","overlay-color":"","overlay-opacity":"","overlay-gradient":""}},"ast-content-background-meta":{"desktop":{"background-color":"var(--ast-global-color-5)","background-image":"","background-repeat":"repeat","background-position":"center center","background-size":"auto","background-attachment":"scroll","background-type":"","background-media":"","overlay-type":"","overlay-color":"","overlay-opacity":"","overlay-gradient":""},"tablet":{"background-color":"var(--ast-global-color-5)","background-image":"","background-repeat":"repeat","background-position":"center center","background-size":"auto","background-attachment":"scroll","background-type":"","background-media":"","overlay-type":"","overlay-color":"","overlay-opacity":"","overlay-gradient":""},"mobile":{"background-color":"var(--ast-global-color-5)","background-image":"","background-repeat":"repeat","background-position":"center center","background-size":"auto","background-attachment":"scroll","background-type":"","background-media":"","overlay-type":"","overlay-color":"","overlay-opacity":"","overlay-gradient":""}},"footnotes":""},"categories":[16],"tags":[],"class_list":["post-1508","post","type-post","status-publish","format-standard","hentry","category-archives-cms"],"_links":{"self":[{"href":"https:\/\/lavoiedessansvoix.fr\/lavoie\/wp-json\/wp\/v2\/posts\/1508","targetHints":{"allow":["GET"]}}],"collection":[{"href":"https:\/\/lavoiedessansvoix.fr\/lavoie\/wp-json\/wp\/v2\/posts"}],"about":[{"href":"https:\/\/lavoiedessansvoix.fr\/lavoie\/wp-json\/wp\/v2\/types\/post"}],"author":[{"embeddable":true,"href":"https:\/\/lavoiedessansvoix.fr\/lavoie\/wp-json\/wp\/v2\/users\/1"}],"replies":[{"embeddable":true,"href":"https:\/\/lavoiedessansvoix.fr\/lavoie\/wp-json\/wp\/v2\/comments?post=1508"}],"version-history":[{"count":0,"href":"https:\/\/lavoiedessansvoix.fr\/lavoie\/wp-json\/wp\/v2\/posts\/1508\/revisions"}],"wp:attachment":[{"href":"https:\/\/lavoiedessansvoix.fr\/lavoie\/wp-json\/wp\/v2\/media?parent=1508"}],"wp:term":[{"taxonomy":"category","embeddable":true,"href":"https:\/\/lavoiedessansvoix.fr\/lavoie\/wp-json\/wp\/v2\/categories?post=1508"},{"taxonomy":"post_tag","embeddable":true,"href":"https:\/\/lavoiedessansvoix.fr\/lavoie\/wp-json\/wp\/v2\/tags?post=1508"}],"curies":[{"name":"wp","href":"https:\/\/api.w.org\/{rel}","templated":true}]}}