{"id":1498,"date":"2012-06-11T02:53:00","date_gmt":"2012-06-11T00:53:00","guid":{"rendered":"https:\/\/lavoiedessansvoix.fr\/lavoie\/2012\/06\/11\/archive-melenchon-le-gachis\/"},"modified":"2012-06-11T02:53:00","modified_gmt":"2012-06-11T00:53:00","slug":"archive-melenchon-le-gachis","status":"publish","type":"post","link":"https:\/\/lavoiedessansvoix.fr\/lavoie\/2012\/06\/11\/archive-melenchon-le-gachis\/","title":{"rendered":"M\u00c9LENCHON, LE G\u00c2CHIS"},"content":{"rendered":"<p>M\u00c9LENCHON, LE G\u00c2CHIS\u00c0 peine eut-on connaissance de l\u2019intention de Jean Luc M\u00e9lenchon, d\u2019\u00eatre candidat aux l\u00e9gislatives, dans la circonscription d\u2019H\u00e9nin Beaunont, que nous nous alarm\u00e2mes de cette id\u00e9e calamiteuse et tent\u00e2mes de l\u2019en dissuader. Nous \u00e9criv\u00eemes au leader du \u00ab Front de gauche \u00bb, une lettre ouverte le 10 mai que nous lui f\u00eemes parvenir s\u00e9ance tenante par le canal de son Blog. Celle-ci qui fut publi\u00e9e le lendemain, 11 mai 2012 sur ce Site.Or, ce lendemain nous appr\u00eemes que la d\u00e9cision qui devait \u00eatre prise th\u00e9oriquement deux jours apr\u00e8s l\u2019avait \u00e9t\u00e9 d\u00e9j\u00e0, et que le d\u00e9p\u00f4t de candidature de Jean-Luc M\u00e9lenchon dans la 11\u00e8me circonscription du Pas-de-Calais n\u2019\u00e9tait plus une hypoth\u00e8se, mais un fait. Il n\u2019avait donc m\u00eame pas eu le temps d\u2019avoir connaissance de notre courrier avant de prendre sa d\u00e9cision.Oh, certes, nous ne nous faisions gu\u00e8re d\u2019illusions quant \u00e0 nos chances de le convaincre. Mais nous aurions aim\u00e9 tout de m\u00eame savoir qu\u2019il avait eu connaissance de nos arguments avant sa prise de d\u00e9cision.Comme nous le craignions, l\u2019op\u00e9ration se solde par un fiasco. L\u2019ex-candidat aux pr\u00e9sidentielles, qui fit la tonitruante et positive campagne que l\u2019on sait est all\u00e9 fracasser son bilan et se ridiculiser dans une aventure sans lendemains.Dans cette p\u00e9riode de \u00ab crise \u00bb et d\u2019exacerbation des tensions sociales, certains \u00e0 droite comme \u00e0 gauche, et m\u00eame dans son propre camp, voyaient d\u2019un \u0153il soucieux, la mont\u00e9e en puissance de ce tribun populaire. \u00c0 droite l\u2019inqui\u00e9tude \u00e9tait grande d\u2019assister \u00e0 la r\u00e9surgence du discours de la lutte des classes et du partage des richesses. Au PS, l\u2019angoisse se pr\u00e9cisait de devoir composer \u00e0 nouveau avec une \u00ab gauche radicale et marxisante \u00bb \u00ab dans le temps qu\u2019on croyait venu le temps \u00bb de l\u2019effacer d\u00e9finitivement de la vie politique fran\u00e7aise. Et, au \u00ab Front de Gauche \u00bb lui-m\u00eame, ceux qui disent \u00ab qu\u2019ils veulent faire gagner la Gauche \u00bb, c&rsquo;est-\u00e0-dire qu\u2019ils veulent le succ\u00e8s du gouvernement et de la Pr\u00e9sidence, n\u2019avaient-ils pas int\u00e9r\u00eat \u00e0 neutraliser cette forte t\u00eate qui donnait corps \u00e0 l\u2019esp\u00e9rance d\u2019une alternative \u00e0 gauche ? Qui pouvait, les \u00e9v\u00e8nements aidant, devenir l\u2019\u00e9tendard d\u2019une authentique opposition de gauche ? Il existe des tendances et courants politiques, tellement d\u00e9pendants de \u00ab la strat\u00e9gie d\u2019union de la gauche \u00bb qu\u2019ils ne peuvent se concevoir, quand bien m\u00eame ils n\u2019en seraient pas parties prenantes, autrement que solidaires et comptables de \u00ab la majorit\u00e9 pr\u00e9sidentielle de gauche \u00bb.Pour tous ceux-l\u00e0, de Droites et de Gauches, ce fut donc une aubaine que la prodigalit\u00e9 en pure perte de Jean-Luc M\u00e9lenchon qui a consenti \u00e0 dilapider sa cr\u00e9dibilit\u00e9 nouvelle dans un pugilat m\u00e9diatique idiot et perdu d\u2019avance.\u00ab P\u00e9ricl\u00e8s \u00bb s\u2019est fait pi\u00e9ger par la confusion des genres. Avec le succ\u00e8s de sa campagne des pr\u00e9sidentielles et le bon score du \u00ab Front de gauche \u00bb, il s\u2019\u00e9tait acquis un \u00ab statut \u00bb et une \u00ab responsabilit\u00e9 \u00bb plus m\u00eame, \u00ab une mission politique \u00bb. Il avait \u00e9t\u00e9 remarqu\u00e9 pour \u00ab sa grande gueule \u00bb mais il s\u2019est laiss\u00e9 enfermer dans le r\u00f4le de grande gueule. Il pouvait acc\u00e9der au statut de chef de file d\u2019une opposition de gauche radicale il s\u2019est laiss\u00e9 r\u00e9duire \u00e0 celui de \u00ab petite frappe \u00bb de la politique.<\/p>\n","protected":false},"excerpt":{"rendered":"<p>M\u00c9LENCHON, LE G\u00c2CHIS\u00c0 peine eut-on connaissance de l\u2019intention de Jean Luc M\u00e9lenchon, d\u2019\u00eatre candidat aux l\u00e9gislatives, dans la circonscription d\u2019H\u00e9nin [&hellip;]<\/p>\n","protected":false},"author":1,"featured_media":0,"comment_status":"open","ping_status":"open","sticky":false,"template":"","format":"standard","meta":{"sfsi_plus_gutenberg_text_before_share":"","sfsi_plus_gutenberg_show_text_before_share":"","sfsi_plus_gutenberg_icon_type":"","sfsi_plus_gutenberg_icon_alignemt":"","sfsi_plus_gutenburg_max_per_row":"","site-sidebar-layout":"default","site-content-layout":"","ast-site-content-layout":"default","site-content-style":"default","site-sidebar-style":"default","ast-global-header-display":"","ast-banner-title-visibility":"","ast-main-header-display":"","ast-hfb-above-header-display":"","ast-hfb-below-header-display":"","ast-hfb-mobile-header-display":"","site-post-title":"","ast-breadcrumbs-content":"","ast-featured-img":"","footer-sml-layout":"","ast-disable-related-posts":"","theme-transparent-header-meta":"","adv-header-id-meta":"","stick-header-meta":"","header-above-stick-meta":"","header-main-stick-meta":"","header-below-stick-meta":"","astra-migrate-meta-layouts":"default","ast-page-background-enabled":"default","ast-page-background-meta":{"desktop":{"background-color":"var(--ast-global-color-4)","background-image":"","background-repeat":"repeat","background-position":"center center","background-size":"auto","background-attachment":"scroll","background-type":"","background-media":"","overlay-type":"","overlay-color":"","overlay-opacity":"","overlay-gradient":""},"tablet":{"background-color":"","background-image":"","background-repeat":"repeat","background-position":"center center","background-size":"auto","background-attachment":"scroll","background-type":"","background-media":"","overlay-type":"","overlay-color":"","overlay-opacity":"","overlay-gradient":""},"mobile":{"background-color":"","background-image":"","background-repeat":"repeat","background-position":"center center","background-size":"auto","background-attachment":"scroll","background-type":"","background-media":"","overlay-type":"","overlay-color":"","overlay-opacity":"","overlay-gradient":""}},"ast-content-background-meta":{"desktop":{"background-color":"var(--ast-global-color-5)","background-image":"","background-repeat":"repeat","background-position":"center center","background-size":"auto","background-attachment":"scroll","background-type":"","background-media":"","overlay-type":"","overlay-color":"","overlay-opacity":"","overlay-gradient":""},"tablet":{"background-color":"var(--ast-global-color-5)","background-image":"","background-repeat":"repeat","background-position":"center center","background-size":"auto","background-attachment":"scroll","background-type":"","background-media":"","overlay-type":"","overlay-color":"","overlay-opacity":"","overlay-gradient":""},"mobile":{"background-color":"var(--ast-global-color-5)","background-image":"","background-repeat":"repeat","background-position":"center center","background-size":"auto","background-attachment":"scroll","background-type":"","background-media":"","overlay-type":"","overlay-color":"","overlay-opacity":"","overlay-gradient":""}},"footnotes":""},"categories":[16],"tags":[],"class_list":["post-1498","post","type-post","status-publish","format-standard","hentry","category-archives-cms"],"_links":{"self":[{"href":"https:\/\/lavoiedessansvoix.fr\/lavoie\/wp-json\/wp\/v2\/posts\/1498","targetHints":{"allow":["GET"]}}],"collection":[{"href":"https:\/\/lavoiedessansvoix.fr\/lavoie\/wp-json\/wp\/v2\/posts"}],"about":[{"href":"https:\/\/lavoiedessansvoix.fr\/lavoie\/wp-json\/wp\/v2\/types\/post"}],"author":[{"embeddable":true,"href":"https:\/\/lavoiedessansvoix.fr\/lavoie\/wp-json\/wp\/v2\/users\/1"}],"replies":[{"embeddable":true,"href":"https:\/\/lavoiedessansvoix.fr\/lavoie\/wp-json\/wp\/v2\/comments?post=1498"}],"version-history":[{"count":0,"href":"https:\/\/lavoiedessansvoix.fr\/lavoie\/wp-json\/wp\/v2\/posts\/1498\/revisions"}],"wp:attachment":[{"href":"https:\/\/lavoiedessansvoix.fr\/lavoie\/wp-json\/wp\/v2\/media?parent=1498"}],"wp:term":[{"taxonomy":"category","embeddable":true,"href":"https:\/\/lavoiedessansvoix.fr\/lavoie\/wp-json\/wp\/v2\/categories?post=1498"},{"taxonomy":"post_tag","embeddable":true,"href":"https:\/\/lavoiedessansvoix.fr\/lavoie\/wp-json\/wp\/v2\/tags?post=1498"}],"curies":[{"name":"wp","href":"https:\/\/api.w.org\/{rel}","templated":true}]}}