{"id":1497,"date":"2012-06-13T08:21:48","date_gmt":"2012-06-13T06:21:48","guid":{"rendered":"https:\/\/lavoiedessansvoix.fr\/lavoie\/2012\/06\/13\/archive-l-abstention-et-le-piege-du-bipartisme\/"},"modified":"2012-06-13T08:21:48","modified_gmt":"2012-06-13T06:21:48","slug":"archive-l-abstention-et-le-piege-du-bipartisme","status":"publish","type":"post","link":"https:\/\/lavoiedessansvoix.fr\/lavoie\/2012\/06\/13\/archive-l-abstention-et-le-piege-du-bipartisme\/","title":{"rendered":"L\u2019ABSTENTION ET  LE PI\u00c8GE.DU BIPARTISME"},"content":{"rendered":"<p>L\u2019ABSTENTION ET  LE PI\u00c8GE.DU BIPARTISME Bien s\u00fbr on ne peut y \u00e9chapper, il faut traiter d\u2019abord de la question de l\u2019abstention. Nous avons entendu un analyste s\u2019\u00e9tonner qu\u2019elle soit si forte alors m\u00eame que les \u00e9lecteurs avaient une large palette de choix. Est-il lui-m\u00eame dupe ou prendrait-il les \u00e9lecteurs pour des billes ? Quel choix r\u00e9el offre le scrutin majoritaire uninominal \u00e0 deux tours ? Dans la quasi-totalit\u00e9 des circonscriptions, il se r\u00e9sume en v\u00e9rit\u00e9 \u00e0 un choix \u00e9quivalent \u00e0 celui de l\u2019\u00e9lection pr\u00e9sidentielle, on \u00e9limine au premier tour et l\u2019on choisit au deuxi\u00e8me UMP ou PS, PS ou UMP. Le choix est en v\u00e9rit\u00e9 r\u00e9duit \u00e0 sa plus simple expression. Le peu d\u2019espace d\u00e9mocratique qui subsistait est d\u2019ailleurs en train de disparaitre, moulu par les deux lourdes meules du bipartisme.   L\u2019abstention aux l\u00e9gislatives, ainsi constitutionnellement cal\u00e9es dans la foul\u00e9e de la pr\u00e9sidentielle, r\u00e9v\u00e8le crument le caract\u00e8re monarchiste, antid\u00e9mocratique de l\u2019\u00e9lection du Pr\u00e9sident de la r\u00e9publique au suffrage universel. Les \u00e9lecteurs ont \u00e9lu le roi, \u00ab l\u2019\u00e9tat c\u2019est lui \u00bb, il est tout, il d\u00e9cide de tout, la loi c\u2019est lui, le parlement est une assembl\u00e9e de godillots, simple chambre d\u2019enregistrement. Les \u00e9lecteurs ne sont pas dupes, c\u2019est pourquoi ayant \u00e9lu le Monarque ils consid\u00e8rent avoir tout dit. Bon alors, c\u2019est vrai, \u00e7\u00e0 les emb\u00eate les \u00ab politiques \u00bb, ils pr\u00e9tendent que c\u2019est le danger que constitue l\u2019abstention pour le \u00ab mod\u00e8le d\u00e9mocratique \u00bb qui les angoisse ainsi. Mais que nenni. En v\u00e9rit\u00e9 ce qui les chagrine et qui leur fait ombrage, c\u2019est que le \u00ab parlement \u00bb verni d\u00e9mocratique cens\u00e9 dissimuler le caract\u00e8re monarchiste antid\u00e9mocratique des institutions craquelle et laisse apparaitre la r\u00e9alit\u00e9 nue. Alors bien entendu les choses ne pourront rester l\u00e0. Le moyen le plus \u00e9vident d\u2019en sortir serait de redonner de la respiration d\u00e9mocratique aux institutions en desserrant l\u2019\u00e9tau du bipartisme. Mais cette option est pr\u00e9cis\u00e9ment inacceptable pour une \u00ab classe politique \u00bb format\u00e9e par l\u2019ENA et nourrit avec le lait des institutions de la 5\u00e8me R\u00e9publique. Desserrer l\u2019\u00e9tau du bipartisme, vous n\u2019y songez pas s\u00e9rieusement ? Ce qu\u2019ils veulent c\u2019est au contraire parfaire, finaliser celui-ci. Quant \u00e0 r\u00e9tablir la confiance des \u00e9lecteurs, \u00e0 d\u00e9faut de desserrer l\u2019\u00e9tau du bipartisme, il reste une autre possibilit\u00e9, et c\u2019est sans nul doute celle vers laquelle la classe politique choisira de nous conduire. Il s\u2019agit de la simultan\u00e9it\u00e9 des deux scrutins, pr\u00e9sidentiels et l\u00e9gislatifs. Ca ne changerait rien, bien au contraire, \u00e0 l\u2019image que les Fran\u00e7ais se font de leur parlement et l\u2019opinion qu\u2019ils ont de leurs institutions, mais le vernis serait restaur\u00e9 et la v\u00e9rit\u00e9 soustraite \u00e0 la critique. Masquer le probl\u00e8me \u00e0 d\u00e9faut de le r\u00e9soudre, cela leur suffit aux politiques,  Mais une question subsiste. Pourquoi ? Pourquoi diantre ces pr\u00e9tendus champions de la d\u00e9mocratie, s\u2019obstinent-ils \u00e0 parfaire un syst\u00e8me qui aggrave le divorce entre l\u2019\u00e9lectorat et les institutions, entre le peuple et les responsables politiques ? Observez autour de vous et vous comprendrez rapidement. \u00c0 cause de l\u2019hypoth\u00e8que que fait peser sur le syst\u00e8me, la situation du \u00ab bipartisme \u00bb inachev\u00e9 qui caract\u00e9rise actuellement la vie politique fran\u00e7aise. Voyez, le \u00ab Front national \u00bb, \u00ab le Front de Gauche \u00bb, supposez, l\u2019aggravation de la crise, la mont\u00e9e des tensions sociales, vous avez vu ce qui c\u2019est pass\u00e9 aux r\u00e9centes \u00e9lections en Gr\u00e8ce. Imaginez, un FN \u00e0 35 %, ou un FG \u00e0 30 %. La sortie de l\u2019Euro, la mise au pas du syst\u00e8me bancaire, une correction dans le partage de la richesse, le r\u00e9tablissement de protections douani\u00e8res, la liquidation de la 5\u00e8me r\u00e9publique\u2026 Toutes choses inacceptables pour la Finance internationale au pouvoir, partisane de l\u2019\u00e9conomie ouverte et de la mondialisation d\u00e9brid\u00e9e. Avec le Bipartisme pur, ces forces politiques, centrifuges,  n\u2019auront d\u2019autre choix que de rentrer dans le giron des deux grands partis de l\u2019alternance en acceptant les r\u00e8gles du jeu institutionnel et les grandes orientations strat\u00e9giques conformes aux int\u00e9r\u00eats du capital financier, ou bien devront s\u2019incliner, accepter d\u2019\u00eatre d\u00e9finitivement marginalis\u00e9es. Se soumettre ou disparaitre. D\u00e8s lors plus de danger institutionnel, plus d\u2019hypoth\u00e8ques possibles. L\u2019enfermement politique dans le cercle infernal de l\u2019alternance \u00e0 l\u2019am\u00e9ricaine. M\u00e9content des r\u00e9publicains, tu votes d\u00e9mocrate, m\u00e9content des d\u00e9mocrates, tu les sanctionnes en votant r\u00e9publicain et inversement. Sans la moindre lueur d\u2019espoir d\u2019en sortir jamais. Jamais ? M\u00eame les syst\u00e8mes les plus parfaits ont leur faille. \u00c0 trop vouloir luter la marmite, elle finira bien par exploser.<\/p>\n","protected":false},"excerpt":{"rendered":"<p>L\u2019ABSTENTION ET LE PI\u00c8GE.DU BIPARTISME Bien s\u00fbr on ne peut y \u00e9chapper, il faut traiter d\u2019abord de la question de [&hellip;]<\/p>\n","protected":false},"author":1,"featured_media":0,"comment_status":"open","ping_status":"open","sticky":false,"template":"","format":"standard","meta":{"sfsi_plus_gutenberg_text_before_share":"","sfsi_plus_gutenberg_show_text_before_share":"","sfsi_plus_gutenberg_icon_type":"","sfsi_plus_gutenberg_icon_alignemt":"","sfsi_plus_gutenburg_max_per_row":"","site-sidebar-layout":"default","site-content-layout":"","ast-site-content-layout":"default","site-content-style":"default","site-sidebar-style":"default","ast-global-header-display":"","ast-banner-title-visibility":"","ast-main-header-display":"","ast-hfb-above-header-display":"","ast-hfb-below-header-display":"","ast-hfb-mobile-header-display":"","site-post-title":"","ast-breadcrumbs-content":"","ast-featured-img":"","footer-sml-layout":"","ast-disable-related-posts":"","theme-transparent-header-meta":"","adv-header-id-meta":"","stick-header-meta":"","header-above-stick-meta":"","header-main-stick-meta":"","header-below-stick-meta":"","astra-migrate-meta-layouts":"default","ast-page-background-enabled":"default","ast-page-background-meta":{"desktop":{"background-color":"var(--ast-global-color-4)","background-image":"","background-repeat":"repeat","background-position":"center center","background-size":"auto","background-attachment":"scroll","background-type":"","background-media":"","overlay-type":"","overlay-color":"","overlay-opacity":"","overlay-gradient":""},"tablet":{"background-color":"","background-image":"","background-repeat":"repeat","background-position":"center center","background-size":"auto","background-attachment":"scroll","background-type":"","background-media":"","overlay-type":"","overlay-color":"","overlay-opacity":"","overlay-gradient":""},"mobile":{"background-color":"","background-image":"","background-repeat":"repeat","background-position":"center center","background-size":"auto","background-attachment":"scroll","background-type":"","background-media":"","overlay-type":"","overlay-color":"","overlay-opacity":"","overlay-gradient":""}},"ast-content-background-meta":{"desktop":{"background-color":"var(--ast-global-color-5)","background-image":"","background-repeat":"repeat","background-position":"center center","background-size":"auto","background-attachment":"scroll","background-type":"","background-media":"","overlay-type":"","overlay-color":"","overlay-opacity":"","overlay-gradient":""},"tablet":{"background-color":"var(--ast-global-color-5)","background-image":"","background-repeat":"repeat","background-position":"center center","background-size":"auto","background-attachment":"scroll","background-type":"","background-media":"","overlay-type":"","overlay-color":"","overlay-opacity":"","overlay-gradient":""},"mobile":{"background-color":"var(--ast-global-color-5)","background-image":"","background-repeat":"repeat","background-position":"center center","background-size":"auto","background-attachment":"scroll","background-type":"","background-media":"","overlay-type":"","overlay-color":"","overlay-opacity":"","overlay-gradient":""}},"footnotes":""},"categories":[16],"tags":[],"class_list":["post-1497","post","type-post","status-publish","format-standard","hentry","category-archives-cms"],"_links":{"self":[{"href":"https:\/\/lavoiedessansvoix.fr\/lavoie\/wp-json\/wp\/v2\/posts\/1497","targetHints":{"allow":["GET"]}}],"collection":[{"href":"https:\/\/lavoiedessansvoix.fr\/lavoie\/wp-json\/wp\/v2\/posts"}],"about":[{"href":"https:\/\/lavoiedessansvoix.fr\/lavoie\/wp-json\/wp\/v2\/types\/post"}],"author":[{"embeddable":true,"href":"https:\/\/lavoiedessansvoix.fr\/lavoie\/wp-json\/wp\/v2\/users\/1"}],"replies":[{"embeddable":true,"href":"https:\/\/lavoiedessansvoix.fr\/lavoie\/wp-json\/wp\/v2\/comments?post=1497"}],"version-history":[{"count":0,"href":"https:\/\/lavoiedessansvoix.fr\/lavoie\/wp-json\/wp\/v2\/posts\/1497\/revisions"}],"wp:attachment":[{"href":"https:\/\/lavoiedessansvoix.fr\/lavoie\/wp-json\/wp\/v2\/media?parent=1497"}],"wp:term":[{"taxonomy":"category","embeddable":true,"href":"https:\/\/lavoiedessansvoix.fr\/lavoie\/wp-json\/wp\/v2\/categories?post=1497"},{"taxonomy":"post_tag","embeddable":true,"href":"https:\/\/lavoiedessansvoix.fr\/lavoie\/wp-json\/wp\/v2\/tags?post=1497"}],"curies":[{"name":"wp","href":"https:\/\/api.w.org\/{rel}","templated":true}]}}