{"id":1496,"date":"2012-06-16T16:55:44","date_gmt":"2012-06-16T14:55:44","guid":{"rendered":"https:\/\/lavoiedessansvoix.fr\/lavoie\/2012\/06\/16\/archive-guerre-ou-revolution-comment-finir-le-printemps-arabe\/"},"modified":"2012-06-16T16:55:44","modified_gmt":"2012-06-16T14:55:44","slug":"archive-guerre-ou-revolution-comment-finir-le-printemps-arabe","status":"publish","type":"post","link":"https:\/\/lavoiedessansvoix.fr\/lavoie\/2012\/06\/16\/archive-guerre-ou-revolution-comment-finir-le-printemps-arabe\/","title":{"rendered":"GUERRE OU R\u00c9VOLUTION ? COMMENT FINIR LE \u00ab PRINTEMPS ARABE \u00bb ?"},"content":{"rendered":"<p>GUERRE OU R\u00c9VOLUTION ? COMMENT FINIR LE \u00ab PRINTEMPS ARABE \u00bb ? La classe politique traditionnelle, les amis de Ben Ali, ou ses cousins \u00e0 moins que ce ne fussent ses fr\u00e8res &#8211; que sais-je ? &#8211; ont en v\u00e9rit\u00e9 gard\u00e9 les commandes \u00e0 Tunis. L\u2019Arm\u00e9e veille fermement sur le maintien de l\u2019ordre \u00e9tabli au Caire. Sous la direction de l\u2019Arabie Saoudite et du Qatar, les tendances mod\u00e9r\u00e9es sunnites de l\u2019Islam ont pass\u00e9 un compromis historique avec l\u2019imp\u00e9rialisme anglo-am\u00e9ricain. Tout a chang\u00e9, tout est comme avant. Dr\u00f4les de r\u00e9volutions que celles de ce pr\u00e9tendu \u00ab printemps arabe \u00bb qui n\u2019a servi au bout du compte, qu\u2019\u00e0 justifier, la guerre civile et l\u2019intervention ext\u00e9rieure, dans deux pays de la r\u00e9gion inscrits de longue date sur la liste noire de Georges W Bush (discours sur l\u2019\u00e9tat de l\u2019union de novembre 2001 juste apr\u00e8s les attentats de New York). Il n\u2019y a pas d\u2019argument qui vaille \u00e0 ceux qui s\u2019obstinent \u00e0 ne voir l\u00e0 que la main du hasard. Le pire aveugle n\u2019est-il pas celui qui ne veut point voir. Surprenantes r\u00e9volutions d\u00e9mocratiques en effet, que celles de ce pr\u00e9tendu \u00ab printemps arabe \u00bb qui ont \u00e9pargn\u00e9es, allez savoir pourquoi, toutes les monarchies ultras r\u00e9actionnaires de la r\u00e9gion ? Des \u00e9meutes, il y en a eu d\u2019autres depuis un an, cette fois engendr\u00e9e nous dit-on par des protestations contre une exposition d\u2019art qui offense la religion. Les \u00ab salafistes \u00bb sont aux avant-postes. La Tunisie, la premi\u00e8re \u00ab des r\u00e9volutions \u00bb du cycle, est en proie aux d\u00e9sordres et aux violences. L\u2019\u00c9gypte qui lui avait emboit\u00e9 le pas, est-elle aussi agit\u00e9e d\u2019un grand nombre de d\u00e9sordres et de convulsions violentes. La Libye se d\u00e9bat dans le chaos d\u2019une guerre civile tribale larv\u00e9e, la Syrie est \u00e0 feu et \u00e0 sang, le Liban au bord de l\u2019embrasement et l\u2019Iran dans le viseur des puissances occidentales. C\u2019est \u00e7a ! \u00c7a n\u2019est que \u00e7a, le printemps arabe. Un champ de ruines et de d\u00e9solations, du sang et des larmes, mais de \u00ab d\u00e9mocratie \u00bb point, de mieux vivre pour les masses populaires point. J\u2019ai entendu r\u00e9cemment sur France inter une Tunisienne qui r\u00e9pondait \u00e0 une question, \u00ab la r\u00e9volution, c\u2019est pas fini, \u00e7a commence \u00bb La r\u00e9volution, la vraie, celle \u00e0 venir, couve en effet. Ce sera celle du petit peuple, des d\u00e9sh\u00e9rit\u00e9s, celui qui n\u2019a pas fait d\u2019\u00e9tudes aux \u00c9tats-Unis et qui n\u2019est pas branch\u00e9 internet. Celui qu\u2019ont instrumentalis\u00e9 les grands manipulateurs internationaux pour provoquer \u00ab des transitions d\u00e9mocratiques \u00bb \u00e0 leurs convenances, et qu\u2019ils ont cru pouvoir renvoyer dans ses foyers quand ils n\u2019avaient plus besoin de lui. Pour des raisons culturelles tenant \u00e0 l\u2019histoire des pays de cette r\u00e9gion, et \u00e0 d\u00e9faut d\u2019autres portes-drapeaux possibles, ce sont les tendances les plus radicales de l\u2019Islam, qui en seront les portes-voix et les fers de lance. Mais la jeunesse \u00e9clair\u00e9e \u00bb, celle qui fut, elle, le fer de lance du mouvement pr\u00e9c\u00e9dent, mais aussi, il faut bien le dire, le jouet des manipulateurs internationaux, berc\u00e9 jusque-l\u00e0 d\u2019illusions d\u00e9mocratiques, ne restera pas totalement inerte, \u00e0 c\u00f4t\u00e9 de ces r\u00e9volutions v\u00e9ritables. \u00c9veill\u00e9e de ses r\u00eaves, revenue aux r\u00e9alit\u00e9s du monde, radicalis\u00e9e, par la mobilisation populaire, elle se joindra, tout au moins une large fraction d\u2019elle, \u00e0 ces nouveaux combats. Pas s\u00fbr, mais pas s\u00fbr du tout que l\u2019imp\u00e9rialisme anglo-am\u00e9ricain, manifeste autant d\u2019enthousiasme et de condescendance complice pour ces r\u00e9volutions-l\u00e0 qu\u2019il le fit pour \u00ab les transitions d\u00e9mocratiques \u00bb pr\u00e9c\u00e9dentes, dont il s\u2019\u00e9tait acquis le contr\u00f4le. Mieux m\u00eame l\u2019imp\u00e9rialisme qui entend bien ne pas se laisser d\u00e9border par les r\u00e9volutions populaires en gestation, a un coup d\u2019avance sur celles-ci. Pour lui, en v\u00e9rit\u00e9, il n\u2019est plus question dans cette affaire, ni de printemps, ni de d\u00e9mocratie, ni de r\u00e9volution, mais bien de guerre. La guerre imp\u00e9rialiste ext\u00e9rieure est l\u2019ennemie de la r\u00e9volution. L\u2019enr\u00f4lement de l\u2019Islam sunnite dans une guerre g\u00e9n\u00e9ralis\u00e9 avec le chiisme et ses alli\u00e9s, n\u2019est-il pas le moyen diabolique qu\u2019ils ont con\u00e7u avec l\u2019aide de leurs complices r\u00e9gionaux, pour finir le pr\u00e9tendu \u00ab printemps arabe \u00bb ? Serrer les nations arabes autour du royaume saoudien sous la banni\u00e8re de l\u2019Islam sunnite, avec pour mission d\u2019ex\u00e9cuter la r\u00e9volution islamiste d\u2019Iran. L\u2019histoire en propose de nombreux de ce genre, un bras de fer, d\u2019apparence in\u00e9gal, est engag\u00e9 entre les r\u00e9volutions populaires qui couvent sous les cendres et l\u2019entreprise guerri\u00e8re r\u00e9actionnaire par laquelle les dirigeants veulent perdre l\u2019esprit r\u00e9volutionnaire avant qu\u2019il ne se retourne contre eux. La guerre ou la r\u00e9volution ? Voil\u00e0 quel est en l\u2019\u00e9tat l\u2019enjeu de la question syrienne.  Mais, cela c\u2019est d\u00e9j\u00e0 vu dans l\u2019histoire, peut-\u00eatre auront-ils les deux.<\/p>\n","protected":false},"excerpt":{"rendered":"<p>GUERRE OU R\u00c9VOLUTION ? COMMENT FINIR LE \u00ab PRINTEMPS ARABE \u00bb ? La classe politique traditionnelle, les amis de Ben [&hellip;]<\/p>\n","protected":false},"author":1,"featured_media":0,"comment_status":"open","ping_status":"open","sticky":false,"template":"","format":"standard","meta":{"sfsi_plus_gutenberg_text_before_share":"","sfsi_plus_gutenberg_show_text_before_share":"","sfsi_plus_gutenberg_icon_type":"","sfsi_plus_gutenberg_icon_alignemt":"","sfsi_plus_gutenburg_max_per_row":"","site-sidebar-layout":"default","site-content-layout":"","ast-site-content-layout":"default","site-content-style":"default","site-sidebar-style":"default","ast-global-header-display":"","ast-banner-title-visibility":"","ast-main-header-display":"","ast-hfb-above-header-display":"","ast-hfb-below-header-display":"","ast-hfb-mobile-header-display":"","site-post-title":"","ast-breadcrumbs-content":"","ast-featured-img":"","footer-sml-layout":"","ast-disable-related-posts":"","theme-transparent-header-meta":"","adv-header-id-meta":"","stick-header-meta":"","header-above-stick-meta":"","header-main-stick-meta":"","header-below-stick-meta":"","astra-migrate-meta-layouts":"default","ast-page-background-enabled":"default","ast-page-background-meta":{"desktop":{"background-color":"var(--ast-global-color-4)","background-image":"","background-repeat":"repeat","background-position":"center center","background-size":"auto","background-attachment":"scroll","background-type":"","background-media":"","overlay-type":"","overlay-color":"","overlay-opacity":"","overlay-gradient":""},"tablet":{"background-color":"","background-image":"","background-repeat":"repeat","background-position":"center center","background-size":"auto","background-attachment":"scroll","background-type":"","background-media":"","overlay-type":"","overlay-color":"","overlay-opacity":"","overlay-gradient":""},"mobile":{"background-color":"","background-image":"","background-repeat":"repeat","background-position":"center center","background-size":"auto","background-attachment":"scroll","background-type":"","background-media":"","overlay-type":"","overlay-color":"","overlay-opacity":"","overlay-gradient":""}},"ast-content-background-meta":{"desktop":{"background-color":"var(--ast-global-color-5)","background-image":"","background-repeat":"repeat","background-position":"center center","background-size":"auto","background-attachment":"scroll","background-type":"","background-media":"","overlay-type":"","overlay-color":"","overlay-opacity":"","overlay-gradient":""},"tablet":{"background-color":"var(--ast-global-color-5)","background-image":"","background-repeat":"repeat","background-position":"center center","background-size":"auto","background-attachment":"scroll","background-type":"","background-media":"","overlay-type":"","overlay-color":"","overlay-opacity":"","overlay-gradient":""},"mobile":{"background-color":"var(--ast-global-color-5)","background-image":"","background-repeat":"repeat","background-position":"center center","background-size":"auto","background-attachment":"scroll","background-type":"","background-media":"","overlay-type":"","overlay-color":"","overlay-opacity":"","overlay-gradient":""}},"footnotes":""},"categories":[16],"tags":[],"class_list":["post-1496","post","type-post","status-publish","format-standard","hentry","category-archives-cms"],"_links":{"self":[{"href":"https:\/\/lavoiedessansvoix.fr\/lavoie\/wp-json\/wp\/v2\/posts\/1496","targetHints":{"allow":["GET"]}}],"collection":[{"href":"https:\/\/lavoiedessansvoix.fr\/lavoie\/wp-json\/wp\/v2\/posts"}],"about":[{"href":"https:\/\/lavoiedessansvoix.fr\/lavoie\/wp-json\/wp\/v2\/types\/post"}],"author":[{"embeddable":true,"href":"https:\/\/lavoiedessansvoix.fr\/lavoie\/wp-json\/wp\/v2\/users\/1"}],"replies":[{"embeddable":true,"href":"https:\/\/lavoiedessansvoix.fr\/lavoie\/wp-json\/wp\/v2\/comments?post=1496"}],"version-history":[{"count":0,"href":"https:\/\/lavoiedessansvoix.fr\/lavoie\/wp-json\/wp\/v2\/posts\/1496\/revisions"}],"wp:attachment":[{"href":"https:\/\/lavoiedessansvoix.fr\/lavoie\/wp-json\/wp\/v2\/media?parent=1496"}],"wp:term":[{"taxonomy":"category","embeddable":true,"href":"https:\/\/lavoiedessansvoix.fr\/lavoie\/wp-json\/wp\/v2\/categories?post=1496"},{"taxonomy":"post_tag","embeddable":true,"href":"https:\/\/lavoiedessansvoix.fr\/lavoie\/wp-json\/wp\/v2\/tags?post=1496"}],"curies":[{"name":"wp","href":"https:\/\/api.w.org\/{rel}","templated":true}]}}