{"id":1484,"date":"2012-07-12T09:05:38","date_gmt":"2012-07-12T07:05:38","guid":{"rendered":"https:\/\/lavoiedessansvoix.fr\/lavoie\/2012\/07\/12\/archive-conference-sociale\/"},"modified":"2012-07-12T09:05:38","modified_gmt":"2012-07-12T07:05:38","slug":"archive-conference-sociale","status":"publish","type":"post","link":"https:\/\/lavoiedessansvoix.fr\/lavoie\/2012\/07\/12\/archive-conference-sociale\/","title":{"rendered":"CONF\u00c9RENCE SOCIALE"},"content":{"rendered":"<p>LES \u00c9NARQUES PRENNENT \u00ab LE POPULAIRE \u00bb POUR DES BILLES Nous avons montr\u00e9 dans plusieurs de nos articles r\u00e9cents que le slogan de campagne de Fran\u00e7ois Hollande : \u00ab le changement c\u2019est maintenant \u00bb, repris \u00e0 son compte par le gouvernement de Jean-Marc Eyrault, ne s\u2019appliquait pas \u00e0 la politique \u00e9trang\u00e8re de la France. Tirant \u00e0 notre mani\u00e8re le bilan de la \u00ab Conf\u00e9rence sociale \u00bb, nous sommes au regret de devoir dire que \u00ab le changement \u00bb annonc\u00e9 ne s\u2019applique pas davantage \u00e0 l\u2019action sociale..  Bien s\u00fbr nous savons que les \u00ab godillots \u00bb du gouvernement, confort\u00e9s dans leurs certitudes de commande, par une nu\u00e9e de doux et grands r\u00eaveurs ou de fieff\u00e9s menteurs, nous dirons qu\u2019il est trop t\u00f4t encore pour juger, qu\u2019il faut attendre les mesures concr\u00e8tes. Nous r\u00e9pondrons qu\u2019il est largement temps d\u2019aviser. La \u00ab philosophie \u00bb g\u00e9n\u00e9rale qui pr\u00e9side \u00e0 l\u2019action gouvernementale est en effet un \u00ab attendu \u00bb suffisant pour fonder notre jugement. Les mesures concr\u00e8tes que d\u2019autres attendront pour savoir que nous avions raison, ne seront-elles pas les simples traductions factuelles de cette orientation \u00ab principielle \u00bb ?  Or, quelle est-elle cette orientation que nous avons appel\u00e9e \u00ab philosophie sociale \u00bb du gouvernement : \u00ab financer la couverture sociale en all\u00e9geant les charges des entreprises \u00bb. All\u00e9ger les charges des entreprises, revoil\u00e0 donc la m\u00eame rengaine, le leitmotiv des \u00ab condotti\u00e8res \u00bb du lib\u00e9ralisme \u00e9conomique. Revoil\u00e0 toujours la m\u00eame vieille antienne r\u00e9p\u00e9t\u00e9e par maints gouvernements depuis plus de trente ans. Ne servait-elle pas hier encore, de \u00ab cr\u00e9do \u00bb \u00e0 la bande \u00e0 Sarko ? O\u00f9 donc est le changement en cette affaire ? Ils sont finauds les \u00e9narques \u00ab de gauche \u00bb, ils vous montent \u00e0 chaque fois toute une usine \u00e0 gaz pour appliquer en d\u00e9finitive les pires recettes lib\u00e9rales. Croient-ils ainsi \u00e9garer le bon sens populaire ? Martine Aubry avec la loi sur les 35 heures parvint \u00e0 vendre \u00ab la flexibilit\u00e9 \u00bb aux syndicats qui n\u2019en voulaient pas. Michel Rocard inventa la CSG en 1990, comme outil dans la perspective de la fiscalisation de la couverture sociale des Fran\u00e7ais.  On se souvient que Sarko voulait augmenter la TVA aux m\u00eames fins de financement de la couverture sociale et d\u2019abaissement des charges des entreprises, et qu\u2019il l\u2019avait baptis\u00e9e cela \u00ab TVA Sociale \u00bb. La grande id\u00e9e du gouvernement Eyraujt serait donc de changer un imp\u00f4t suppl\u00e9mentaire pour un autre imp\u00f4t suppl\u00e9mentaire, l\u2019augmentation de la TVA par l\u2019augmentation de la CSG. Quel g\u00e9nie cet homme ! Une id\u00e9e lumineuse veut-on nous persuader, qui peut rapporter gros, il est vrai, l\u2019augmentation d\u2019un point de la CSG g\u00e9n\u00e8re 10 milliards d\u2019euros de recettes. En v\u00e9rit\u00e9 simple truchement des outils fiscaux. Encore une fois, o\u00f9 est donc le changement ? Diminuer les charges des entreprises, mais en gardant un bon niveau de couverture sociale. N\u2019est-ce pas l\u00e0 la cadrature du cercle ? Non, pas tout \u00e0 fait cela se peut, il faut prendre ailleurs en effet les sommes correspondants aux cadeaux que l\u2019on fait aux entreprises. Ainsi, avec l\u2019augmentation de la CSG, ont fait payer aux salari\u00e9s eux-m\u00eames une part de la couverture sociale qui incombait aux pr\u00e9c\u00e9dentes. Le pouvoir d\u2019achat des salaires est amput\u00e9 d\u2019autant. Pour que ce ne soit pas le cas il faudrait que le salaire nominal augmente en compensation. Mais il est ais\u00e9 de comprendre que cela est totalement exclu. En effet, si l\u2019on veut que baissent les charges, c\u2019est pour faire baisser le co\u00fbt du travail. Si la part du \u00ab salaire diff\u00e9r\u00e9 \u00bb servit par les entreprises diminue mais qu\u2019augmente d\u2019autant la part du salaire direct, le d\u00e9bours est le m\u00eame et l\u2019impact des salaires sur les co\u00fbts de production ne diminue en rien. Il s\u2019agit donc en v\u00e9rit\u00e9 rien moins que d\u2019un transfert des charges des entreprises vers les salari\u00e9s. Il existe une autre option, mais avec diminution des co\u00fbts et de la quantit\u00e9 des prestations servies. C&rsquo;est-\u00e0-dire diminution de la prise en charge de la sant\u00e9 publique. Dans ce cas il n\u2019y pas besoin de transf\u00e9rer sur d\u2019autres revenus les charges que l\u2019on ne pr\u00e9l\u00e8ve plus sur les entreprises. Pour les salari\u00e9s \u00e7a n\u2019en est pas moins une diminution de leur pouvoir d\u2019achat puisqu\u2019ils ne peuvent plus acc\u00e9der \u00e0 certains soins, ou doivent, pour y acc\u00e9der, d\u00e9bourser davantage de leurs propres revenus Vous savez, que les gouvernements et les \u00ab r\u00e9formes \u00bb se succ\u00e9dant, dans les faits l\u2019on a d\u00e9j\u00e0 abouti \u00e0 un mixe des deux types de solutions. A la fois diminution des charges des entreprises en multipliant les dispositifs d\u2019all\u00e8gements ou d\u2019exon\u00e9ration et \u00e0 la fois r\u00e9duction et rench\u00e9rissement des prestations servies : forfaits hospitaliers, d\u00e9remboursements, etc. C&rsquo;est-\u00e0-dire que tous, r\u00e9solument de \u00ab droite \u00bb ou pr\u00e9tendument de \u00ab gauche \u00bb, s\u2019emploient par de multiples proc\u00e9d\u00e9s \u00e0 grignoter le pouvoir d\u2019achat r\u00e9el des salaires. TVA sociale ou CSG ? \u00ab Et patati, et patata, la v\u00e9rit\u00e9 est de bon sens \u00bb. Les \u00e9narques du gouvernement voudraient nous enfumer avec leur jeu de bonneteau fiscal. La r\u00e9alit\u00e9 est pourtant toute simple : \u00ab Faire baisser les charges des entreprises \u00bb -, cela veut tout bonnement dire \u00ab faire baisser les salaires \u00bb, accro\u00eetre la mis\u00e8re sociale. Paradoxe outrageant pour les couches laborieuses de la population. Alors que ces trente derni\u00e8res ann\u00e9es les termes du partage de la richesse produite, entre \u00ab Capital \u00bb et \u00ab Travail \u00bb, n\u2019a cess\u00e9 d\u2019\u00e9voluer pour le plus grand profit du capital et au d\u00e9triment du travail, ce que proposent sans vergogne les gouvernements successifs en mati\u00e8re de refinancement de la couverture sociale, c\u2019est un nouveau transfert des poches des salari\u00e9s vers les coffres des capitalistes. D\u00e9cid\u00e9ment non, le changement, \u00e7a n\u2019est pas maintenant !<\/p>\n","protected":false},"excerpt":{"rendered":"<p>LES \u00c9NARQUES PRENNENT \u00ab LE POPULAIRE \u00bb POUR DES BILLES Nous avons montr\u00e9 dans plusieurs de nos articles r\u00e9cents que [&hellip;]<\/p>\n","protected":false},"author":1,"featured_media":0,"comment_status":"open","ping_status":"open","sticky":false,"template":"","format":"standard","meta":{"sfsi_plus_gutenberg_text_before_share":"","sfsi_plus_gutenberg_show_text_before_share":"","sfsi_plus_gutenberg_icon_type":"","sfsi_plus_gutenberg_icon_alignemt":"","sfsi_plus_gutenburg_max_per_row":"","site-sidebar-layout":"default","site-content-layout":"","ast-site-content-layout":"default","site-content-style":"default","site-sidebar-style":"default","ast-global-header-display":"","ast-banner-title-visibility":"","ast-main-header-display":"","ast-hfb-above-header-display":"","ast-hfb-below-header-display":"","ast-hfb-mobile-header-display":"","site-post-title":"","ast-breadcrumbs-content":"","ast-featured-img":"","footer-sml-layout":"","ast-disable-related-posts":"","theme-transparent-header-meta":"","adv-header-id-meta":"","stick-header-meta":"","header-above-stick-meta":"","header-main-stick-meta":"","header-below-stick-meta":"","astra-migrate-meta-layouts":"default","ast-page-background-enabled":"default","ast-page-background-meta":{"desktop":{"background-color":"var(--ast-global-color-4)","background-image":"","background-repeat":"repeat","background-position":"center center","background-size":"auto","background-attachment":"scroll","background-type":"","background-media":"","overlay-type":"","overlay-color":"","overlay-opacity":"","overlay-gradient":""},"tablet":{"background-color":"","background-image":"","background-repeat":"repeat","background-position":"center center","background-size":"auto","background-attachment":"scroll","background-type":"","background-media":"","overlay-type":"","overlay-color":"","overlay-opacity":"","overlay-gradient":""},"mobile":{"background-color":"","background-image":"","background-repeat":"repeat","background-position":"center center","background-size":"auto","background-attachment":"scroll","background-type":"","background-media":"","overlay-type":"","overlay-color":"","overlay-opacity":"","overlay-gradient":""}},"ast-content-background-meta":{"desktop":{"background-color":"var(--ast-global-color-5)","background-image":"","background-repeat":"repeat","background-position":"center center","background-size":"auto","background-attachment":"scroll","background-type":"","background-media":"","overlay-type":"","overlay-color":"","overlay-opacity":"","overlay-gradient":""},"tablet":{"background-color":"var(--ast-global-color-5)","background-image":"","background-repeat":"repeat","background-position":"center center","background-size":"auto","background-attachment":"scroll","background-type":"","background-media":"","overlay-type":"","overlay-color":"","overlay-opacity":"","overlay-gradient":""},"mobile":{"background-color":"var(--ast-global-color-5)","background-image":"","background-repeat":"repeat","background-position":"center center","background-size":"auto","background-attachment":"scroll","background-type":"","background-media":"","overlay-type":"","overlay-color":"","overlay-opacity":"","overlay-gradient":""}},"footnotes":""},"categories":[16],"tags":[],"class_list":["post-1484","post","type-post","status-publish","format-standard","hentry","category-archives-cms"],"_links":{"self":[{"href":"https:\/\/lavoiedessansvoix.fr\/lavoie\/wp-json\/wp\/v2\/posts\/1484","targetHints":{"allow":["GET"]}}],"collection":[{"href":"https:\/\/lavoiedessansvoix.fr\/lavoie\/wp-json\/wp\/v2\/posts"}],"about":[{"href":"https:\/\/lavoiedessansvoix.fr\/lavoie\/wp-json\/wp\/v2\/types\/post"}],"author":[{"embeddable":true,"href":"https:\/\/lavoiedessansvoix.fr\/lavoie\/wp-json\/wp\/v2\/users\/1"}],"replies":[{"embeddable":true,"href":"https:\/\/lavoiedessansvoix.fr\/lavoie\/wp-json\/wp\/v2\/comments?post=1484"}],"version-history":[{"count":0,"href":"https:\/\/lavoiedessansvoix.fr\/lavoie\/wp-json\/wp\/v2\/posts\/1484\/revisions"}],"wp:attachment":[{"href":"https:\/\/lavoiedessansvoix.fr\/lavoie\/wp-json\/wp\/v2\/media?parent=1484"}],"wp:term":[{"taxonomy":"category","embeddable":true,"href":"https:\/\/lavoiedessansvoix.fr\/lavoie\/wp-json\/wp\/v2\/categories?post=1484"},{"taxonomy":"post_tag","embeddable":true,"href":"https:\/\/lavoiedessansvoix.fr\/lavoie\/wp-json\/wp\/v2\/tags?post=1484"}],"curies":[{"name":"wp","href":"https:\/\/api.w.org\/{rel}","templated":true}]}}