{"id":1483,"date":"2012-07-15T15:43:15","date_gmt":"2012-07-15T13:43:15","guid":{"rendered":"https:\/\/lavoiedessansvoix.fr\/lavoie\/2012\/07\/15\/archive-peugeot-psa-les-enarques-de-gauche-face-au-desastre-social\/"},"modified":"2012-07-15T15:43:15","modified_gmt":"2012-07-15T13:43:15","slug":"archive-peugeot-psa-les-enarques-de-gauche-face-au-desastre-social","status":"publish","type":"post","link":"https:\/\/lavoiedessansvoix.fr\/lavoie\/2012\/07\/15\/archive-peugeot-psa-les-enarques-de-gauche-face-au-desastre-social\/","title":{"rendered":"PEUGEOT PSA, LES \u00c9NARQUES DE GAUCHE FACE AU D\u00c9SASTRE SOCIAL"},"content":{"rendered":"<p>PEUGEOT PSA,LES \u00c9NARQUES DE GAUCHE FACE AU D\u00c9SASTRE SOCIAL Nous ne racontons pas d\u2019histoires, vous l\u2019avez entendu comme nous,  Marisol Touraine en a fait \u00e9tat \u00e0 la mi-journ\u00e9e et Arnault Montebourg en soir\u00e9e, le 12 juillet, Peugeot PSA \u00e0 b\u00e9n\u00e9fici\u00e9 de 4 milliards d\u2019Euros d\u2019aides de l\u2019\u00c9tat : Que sont devenues ces aides et \u00e0 quoi ont-elles servi ? Nos ministres sont intrigu\u00e9s et se proposent de demander des \u00e9claircissements, voire des comptes. Peugeot PSA a re\u00e7u des aides, c\u2019est probablement qu\u2019il \u00e9tait en difficult\u00e9 ? Dans le m\u00eame temps, il sert pourtant 250 000 000 d\u2019euros de dividendes \u00e0 ses actionnaires. Ne sert-on pas des dividendes  quand on est b\u00e9n\u00e9ficiaires ? \u00c0 moins que les aides de l\u2019\u00c9tat soient all\u00e9es, en partie au moins, directement dans les poches des actionnaires. Sans compter qu\u2019une entreprise colossale qui r\u00e9alise un chiffre d\u2019affaires exorbitant et a r\u00e9alis\u00e9 des b\u00e9n\u00e9fices gigantesques durant des dizaines d\u2019ann\u00e9es devrait pouvoir mobiliser elle-m\u00eame des moyens financiers pris sur ses avoirs, pour faire face \u00e0 une conjoncture moins porteuse. On s\u2019interroge donc sur le bon usage des aides pass\u00e9es, soit. Mais que propose-t-on dans le m\u00eame temps ?  Un vaste plan d\u2019aide de l\u2019\u00c9tat \u00e0 l\u2019industrie automobile ???? \u00c7a n\u2019est plus pour des billes qu\u2019ils nous prennent l\u00e0, mais carr\u00e9ment pour des poires.<\/p>\n","protected":false},"excerpt":{"rendered":"<p>PEUGEOT PSA,LES \u00c9NARQUES DE GAUCHE FACE AU D\u00c9SASTRE SOCIAL Nous ne racontons pas d\u2019histoires, vous l\u2019avez entendu comme nous, Marisol [&hellip;]<\/p>\n","protected":false},"author":1,"featured_media":0,"comment_status":"open","ping_status":"open","sticky":false,"template":"","format":"standard","meta":{"sfsi_plus_gutenberg_text_before_share":"","sfsi_plus_gutenberg_show_text_before_share":"","sfsi_plus_gutenberg_icon_type":"","sfsi_plus_gutenberg_icon_alignemt":"","sfsi_plus_gutenburg_max_per_row":"","site-sidebar-layout":"default","site-content-layout":"","ast-site-content-layout":"default","site-content-style":"default","site-sidebar-style":"default","ast-global-header-display":"","ast-banner-title-visibility":"","ast-main-header-display":"","ast-hfb-above-header-display":"","ast-hfb-below-header-display":"","ast-hfb-mobile-header-display":"","site-post-title":"","ast-breadcrumbs-content":"","ast-featured-img":"","footer-sml-layout":"","ast-disable-related-posts":"","theme-transparent-header-meta":"","adv-header-id-meta":"","stick-header-meta":"","header-above-stick-meta":"","header-main-stick-meta":"","header-below-stick-meta":"","astra-migrate-meta-layouts":"default","ast-page-background-enabled":"default","ast-page-background-meta":{"desktop":{"background-color":"var(--ast-global-color-4)","background-image":"","background-repeat":"repeat","background-position":"center center","background-size":"auto","background-attachment":"scroll","background-type":"","background-media":"","overlay-type":"","overlay-color":"","overlay-opacity":"","overlay-gradient":""},"tablet":{"background-color":"","background-image":"","background-repeat":"repeat","background-position":"center center","background-size":"auto","background-attachment":"scroll","background-type":"","background-media":"","overlay-type":"","overlay-color":"","overlay-opacity":"","overlay-gradient":""},"mobile":{"background-color":"","background-image":"","background-repeat":"repeat","background-position":"center center","background-size":"auto","background-attachment":"scroll","background-type":"","background-media":"","overlay-type":"","overlay-color":"","overlay-opacity":"","overlay-gradient":""}},"ast-content-background-meta":{"desktop":{"background-color":"var(--ast-global-color-5)","background-image":"","background-repeat":"repeat","background-position":"center center","background-size":"auto","background-attachment":"scroll","background-type":"","background-media":"","overlay-type":"","overlay-color":"","overlay-opacity":"","overlay-gradient":""},"tablet":{"background-color":"var(--ast-global-color-5)","background-image":"","background-repeat":"repeat","background-position":"center center","background-size":"auto","background-attachment":"scroll","background-type":"","background-media":"","overlay-type":"","overlay-color":"","overlay-opacity":"","overlay-gradient":""},"mobile":{"background-color":"var(--ast-global-color-5)","background-image":"","background-repeat":"repeat","background-position":"center center","background-size":"auto","background-attachment":"scroll","background-type":"","background-media":"","overlay-type":"","overlay-color":"","overlay-opacity":"","overlay-gradient":""}},"footnotes":""},"categories":[16],"tags":[],"class_list":["post-1483","post","type-post","status-publish","format-standard","hentry","category-archives-cms"],"_links":{"self":[{"href":"https:\/\/lavoiedessansvoix.fr\/lavoie\/wp-json\/wp\/v2\/posts\/1483","targetHints":{"allow":["GET"]}}],"collection":[{"href":"https:\/\/lavoiedessansvoix.fr\/lavoie\/wp-json\/wp\/v2\/posts"}],"about":[{"href":"https:\/\/lavoiedessansvoix.fr\/lavoie\/wp-json\/wp\/v2\/types\/post"}],"author":[{"embeddable":true,"href":"https:\/\/lavoiedessansvoix.fr\/lavoie\/wp-json\/wp\/v2\/users\/1"}],"replies":[{"embeddable":true,"href":"https:\/\/lavoiedessansvoix.fr\/lavoie\/wp-json\/wp\/v2\/comments?post=1483"}],"version-history":[{"count":0,"href":"https:\/\/lavoiedessansvoix.fr\/lavoie\/wp-json\/wp\/v2\/posts\/1483\/revisions"}],"wp:attachment":[{"href":"https:\/\/lavoiedessansvoix.fr\/lavoie\/wp-json\/wp\/v2\/media?parent=1483"}],"wp:term":[{"taxonomy":"category","embeddable":true,"href":"https:\/\/lavoiedessansvoix.fr\/lavoie\/wp-json\/wp\/v2\/categories?post=1483"},{"taxonomy":"post_tag","embeddable":true,"href":"https:\/\/lavoiedessansvoix.fr\/lavoie\/wp-json\/wp\/v2\/tags?post=1483"}],"curies":[{"name":"wp","href":"https:\/\/api.w.org\/{rel}","templated":true}]}}