{"id":1482,"date":"2012-07-19T08:04:40","date_gmt":"2012-07-19T06:04:40","guid":{"rendered":"https:\/\/lavoiedessansvoix.fr\/lavoie\/2012\/07\/19\/archive-syrie-la-communaute-internationale-complice-des-terroristes-et-des-massacreurs\/"},"modified":"2012-07-19T08:04:40","modified_gmt":"2012-07-19T06:04:40","slug":"archive-syrie-la-communaute-internationale-complice-des-terroristes-et-des-massacreurs","status":"publish","type":"post","link":"https:\/\/lavoiedessansvoix.fr\/lavoie\/2012\/07\/19\/archive-syrie-la-communaute-internationale-complice-des-terroristes-et-des-massacreurs\/","title":{"rendered":"SYRIE :   \u00ab LA COMMUNAUT\u00c9 INTERNATIONALE \u00bb* COMPLICE DES TERRORISTES ET DES MASSACREURS."},"content":{"rendered":"<p>SYRIE : \u00ab LA COMMUNAUT\u00c9 INTERNATIONALE \u00bb*COMPLICE DES TERRORISTES ET DES MASSACREURS.  Vous avez remarqu\u00e9 que, sous la houlette des \u00c9tats-Unis et de \u00ab son machin \u00bb l\u2019ONU, une moiti\u00e9 \u00e0 peine de l\u2019humanit\u00e9 s\u2019arroge le titre de \u00ab communaut\u00e9 internationale \u00bb, rel\u00e9guant l\u2019autre moiti\u00e9 (Chine, Russie, Inde, Iran, Afrique du Sud, Br\u00e9sil, V\u00e9n\u00e9zu\u00e9la, Cuba\u2026. ) dans nous ne savons quelle cat\u00e9gorie de \u00ab non \u00bb ou de \u00ab sous \u00bb humains. Toutefois, pour les besoins de cet article nous donnerons, un temps limit\u00e9, cr\u00e9dit \u00e0 cette pr\u00e9somption. * Mensonges, cynisme, ind\u00e9cence, on est tent\u00e9 d\u2019\u00e9grainer les superlatifs pour \u00e9pancher sa col\u00e8re et son indignation. L\u2019occasion \u00e9tait trop bonne de mettre le r\u00e9gime syrien en accusation, les autorit\u00e9s et les m\u00e9dias fran\u00e7ais, et m\u00eame occidentaux ne s\u2019en priv\u00e8rent pas. Au lendemain de la mort du journaliste Gilles Jacquier, l&rsquo;\u00c9lys\u00e9e penchait \u00e9galement pour un assassinat perp\u00e9tr\u00e9 par le r\u00e9gime afin de dissuader les journalistes d&rsquo;enqu\u00eater sur la r\u00e9volte anti-Assad\u00a0\u00bb, \u00e9crivait \u00ab Le Figaro \u00bb hier 18 juillet 2012. Les choses sont en effet maintenant confirm\u00e9, le journaliste, et quelques autres ont \u00e9t\u00e9 tu\u00e9s par un tir de mortier des \u00ab rebelles anti-Assad \u00bb. Le gouvernement fran\u00e7ais, les journalistes, qui ont donn\u00e9 foi \u00e0 la th\u00e8se \u00ab d\u2019un crime d\u2019\u00c9tat \u00bb, auront-ils la simple d\u00e9cence de pr\u00e9senter des excuses au gouvernement syrien ? 18 juillet, explosion \u00e0 Damas dans le b\u00e2timent de la s\u00e9curit\u00e9 nationale. Daoud Rajha, ministre syrien de la d\u00e9fense et Assef Shewkat, beau fr\u00e8re du chef de l\u2019\u00c9tat Bachar Al Assad, ont \u00e9t\u00e9 tu\u00e9. Le groupe islamiste rebelle Liwa el Islam a revendiqu\u00e9 l\u2019attentat. Avez-vous entendu les dirigeants et les m\u00e9dias occidentaux, champions de la d\u00e9mocratie et grands pourfendeurs du \u00ab terrorisme international, \u00e9mettre la moindre condamnation de cet acte  terroriste ? Comment peut-on, dans un m\u00eame mouvement, d\u00e9clarer la \u00ab guerre plan\u00e9taire \u00bb au terrorisme international, envahir l\u2019Afghanistan et l\u2019Irak, et pis encore, provoquer des centaines de milliers de victimes et des destructions massives au nom de la lutte contre le terrorisme, et \u00eatre aussi  indulgent avec ces terroristes-l\u00e0 qui op\u00e8rent en Syrie ? Ces terroristes-l\u00e0 ne sont-ils pas d\u2019ailleurs de la m\u00eame veine, et n\u2019ont-ils pas les m\u00eames desseins, que la plupart de ceux qui op\u00e8rent encore en Irak : dresser l\u2019une contre l\u2019autre les deux branches majeures, chiites et sunnites de l\u2019islam ?  Guerre de religion ? Diront certains d\u2019un ton entendu et d\u2019un air condescendant, \u00ab ah les pauvres bougres moyen\u00e2geux, sup\u00e9riorit\u00e9 historiquement av\u00e9r\u00e9e de notre civilisation, pourrait arguer Claude Gu\u00e9ant, voil\u00e0 4 si\u00e8cles que nous avons d\u00e9pass\u00e9 ce stade \u00bb.  Guerres de religion ? Va donc !.. Manipulation imp\u00e9rialiste en v\u00e9rit\u00e9, avec la complicit\u00e9 av\u00e9r\u00e9e de l\u2019Arabie Saoudite et du Qatar, pour le plus grand profit des int\u00e9r\u00eats anglo-am\u00e9ricains. Mais il y a plus d\u00e9rangeant encore. Ces terroristes-l\u00e0 ne sont-ils pas ceux qui appellent l\u2019intervention \u00e9trang\u00e8re. ne sont-ils pas les amis des \u00ab amis de la Syrie \u00bb ? Et comme \u00e0 chaque fois, circonstance troublante, et accusatrice pour qui veut y voir clair, chaque attentat odieux, chaque massacre, celui de Houla par exemple, pr\u00e9c\u00e8de une r\u00e9union programm\u00e9e du conseil de s\u00e9curit\u00e9 de l\u2019ONU, cens\u00e9 faire plier la Russie et prendre des sanctions contre le gouvernement l\u00e9gal de la Syrie, voire autoriser une intervention militaire occidentale dans ce pays.  Les attaques de l\u2019ASL dans Damas, la capitale syrienne et l\u2019attentat d\u2019avant-hier ont eu lieu pr\u00e9cis\u00e9ment la veille du jour o\u00f9 \u00e9tait convoqu\u00e9e une nouvelle r\u00e9union du Conseil de s\u00e9curit\u00e9*. L\u2019objectif \u00e9vident de ces actions \u00e9tait de prouver \u00e0 la Russie et \u00e0 la Chine, que le pouvoir l\u00e9gal de Bachar Al-Assad \u00e9tait chancelant, que la \u00ab r\u00e9sistance \u00bb pouvait l\u2019atteindre en plein c\u0153ur, et qu\u2019il \u00e9tait temps pour la Russie et la Chine de le l\u00e2cher, si elles ne voulaient pas se retrouver bient\u00f4t \u00ab Grosjean comme devant \u00bb. Oui, mais !\u2026 Une telle coordination des actions sur le terrain et du \u00ab calendrier diplomatique \u00bb accuse on ne peut plus clairement, ceux qui s\u2019appellent eux-m\u00eames \u00ab la communaut\u00e9 internationale \u00bb, car elle prouve que les terroristes qui agissent \u00e0 Damas le font aux instances de leurs maitres occidentaux. Ceux-l\u00e0 ne sont pas seulement \u00ab amis \u00bb, ils s\u2019accordent comme larrons, ils sont complices dans le forfait. * Celle-ci a \u00e9t\u00e9 en d\u00e9finitive report\u00e9e \u00e0 jeudi.<\/p>\n","protected":false},"excerpt":{"rendered":"<p>SYRIE : \u00ab LA COMMUNAUT\u00c9 INTERNATIONALE \u00bb*COMPLICE DES TERRORISTES ET DES MASSACREURS. Vous avez remarqu\u00e9 que, sous la houlette des [&hellip;]<\/p>\n","protected":false},"author":1,"featured_media":0,"comment_status":"open","ping_status":"open","sticky":false,"template":"","format":"standard","meta":{"sfsi_plus_gutenberg_text_before_share":"","sfsi_plus_gutenberg_show_text_before_share":"","sfsi_plus_gutenberg_icon_type":"","sfsi_plus_gutenberg_icon_alignemt":"","sfsi_plus_gutenburg_max_per_row":"","site-sidebar-layout":"default","site-content-layout":"","ast-site-content-layout":"default","site-content-style":"default","site-sidebar-style":"default","ast-global-header-display":"","ast-banner-title-visibility":"","ast-main-header-display":"","ast-hfb-above-header-display":"","ast-hfb-below-header-display":"","ast-hfb-mobile-header-display":"","site-post-title":"","ast-breadcrumbs-content":"","ast-featured-img":"","footer-sml-layout":"","ast-disable-related-posts":"","theme-transparent-header-meta":"","adv-header-id-meta":"","stick-header-meta":"","header-above-stick-meta":"","header-main-stick-meta":"","header-below-stick-meta":"","astra-migrate-meta-layouts":"default","ast-page-background-enabled":"default","ast-page-background-meta":{"desktop":{"background-color":"var(--ast-global-color-4)","background-image":"","background-repeat":"repeat","background-position":"center center","background-size":"auto","background-attachment":"scroll","background-type":"","background-media":"","overlay-type":"","overlay-color":"","overlay-opacity":"","overlay-gradient":""},"tablet":{"background-color":"","background-image":"","background-repeat":"repeat","background-position":"center center","background-size":"auto","background-attachment":"scroll","background-type":"","background-media":"","overlay-type":"","overlay-color":"","overlay-opacity":"","overlay-gradient":""},"mobile":{"background-color":"","background-image":"","background-repeat":"repeat","background-position":"center center","background-size":"auto","background-attachment":"scroll","background-type":"","background-media":"","overlay-type":"","overlay-color":"","overlay-opacity":"","overlay-gradient":""}},"ast-content-background-meta":{"desktop":{"background-color":"var(--ast-global-color-5)","background-image":"","background-repeat":"repeat","background-position":"center center","background-size":"auto","background-attachment":"scroll","background-type":"","background-media":"","overlay-type":"","overlay-color":"","overlay-opacity":"","overlay-gradient":""},"tablet":{"background-color":"var(--ast-global-color-5)","background-image":"","background-repeat":"repeat","background-position":"center center","background-size":"auto","background-attachment":"scroll","background-type":"","background-media":"","overlay-type":"","overlay-color":"","overlay-opacity":"","overlay-gradient":""},"mobile":{"background-color":"var(--ast-global-color-5)","background-image":"","background-repeat":"repeat","background-position":"center center","background-size":"auto","background-attachment":"scroll","background-type":"","background-media":"","overlay-type":"","overlay-color":"","overlay-opacity":"","overlay-gradient":""}},"footnotes":""},"categories":[16],"tags":[],"class_list":["post-1482","post","type-post","status-publish","format-standard","hentry","category-archives-cms"],"_links":{"self":[{"href":"https:\/\/lavoiedessansvoix.fr\/lavoie\/wp-json\/wp\/v2\/posts\/1482","targetHints":{"allow":["GET"]}}],"collection":[{"href":"https:\/\/lavoiedessansvoix.fr\/lavoie\/wp-json\/wp\/v2\/posts"}],"about":[{"href":"https:\/\/lavoiedessansvoix.fr\/lavoie\/wp-json\/wp\/v2\/types\/post"}],"author":[{"embeddable":true,"href":"https:\/\/lavoiedessansvoix.fr\/lavoie\/wp-json\/wp\/v2\/users\/1"}],"replies":[{"embeddable":true,"href":"https:\/\/lavoiedessansvoix.fr\/lavoie\/wp-json\/wp\/v2\/comments?post=1482"}],"version-history":[{"count":0,"href":"https:\/\/lavoiedessansvoix.fr\/lavoie\/wp-json\/wp\/v2\/posts\/1482\/revisions"}],"wp:attachment":[{"href":"https:\/\/lavoiedessansvoix.fr\/lavoie\/wp-json\/wp\/v2\/media?parent=1482"}],"wp:term":[{"taxonomy":"category","embeddable":true,"href":"https:\/\/lavoiedessansvoix.fr\/lavoie\/wp-json\/wp\/v2\/categories?post=1482"},{"taxonomy":"post_tag","embeddable":true,"href":"https:\/\/lavoiedessansvoix.fr\/lavoie\/wp-json\/wp\/v2\/tags?post=1482"}],"curies":[{"name":"wp","href":"https:\/\/api.w.org\/{rel}","templated":true}]}}