{"id":1477,"date":"2012-08-13T00:52:00","date_gmt":"2012-08-12T22:52:00","guid":{"rendered":"https:\/\/lavoiedessansvoix.fr\/lavoie\/2012\/08\/13\/archive-les-elephants-d-afrique-parlent-aux-elephants-roses\/"},"modified":"2012-08-13T00:52:00","modified_gmt":"2012-08-12T22:52:00","slug":"archive-les-elephants-d-afrique-parlent-aux-elephants-roses","status":"publish","type":"post","link":"https:\/\/lavoiedessansvoix.fr\/lavoie\/2012\/08\/13\/archive-les-elephants-d-afrique-parlent-aux-elephants-roses\/","title":{"rendered":"\u00ab LES \u00c9L\u00c9PHANTS D\u2019AFRIQUE PARLENT AUX \u00c9L\u00c9PHANTS ROSES \u00bb"},"content":{"rendered":"<p>\u00ab LES \u00c9L\u00c9PHANTS D\u2019AFRIQUE PARLENT AUX \u00c9L\u00c9PHANTS ROSES \u00bbApr\u00e8s son journal de la mi-journ\u00e9e, la 3 proposait, ce dimanche 12 ao\u00fbt, une petite vir\u00e9e dans les r\u00e9serves du nord Cameroun. Un documentaire animalier comme les \u00ab aiment \u00bb nos contemporains les Fran\u00e7ais \u00e0 ce que nous en savons. Aujourd\u2019hui, l\u2019\u00e9l\u00e9phant d\u2019Afrique en voie d\u2019extinction victime du trafic de l\u2019ivoire ! Et tout \u00e0 coup une r\u00e9flexion nous vient : Nos troupes d&rsquo;\u00e9lite, nos paras et nos commandos, nos milliards absents, dans les caisses de la solidarit\u00e9 nationale, mais pas dans celles de l\u2019aventurisme militaire ou des exp\u00e9ditions coloniales, tout cela ne serait-il pas mieux employ\u00e9 \u00e0 d\u00e9fendre les \u00e9l\u00e9phants d\u2019Afrique plut\u00f4t qu\u2019\u00e0 agresser des nations constitu\u00e9es au pr\u00e9texte que l\u2019on trouve patibulaire la frimousse de leur chef d\u2019\u00c9tat ?En positif comme en n\u00e9gatif, du fait de la contribution \u00e0 la sauvegarde des esp\u00e8ces, tout comme par les vies et les richesses humaines ainsi \u00e9pargn\u00e9es de la destruction, ne serait-ce pas l\u00e0 une option b\u00e9n\u00e9fique pour la plan\u00e8te et pour les peuples et nations agress\u00e9es.Voil\u00e0 une r\u00e9flexion que nous avons l\u2019intention de soumettre aux \u00e9l\u00e9phants du PS, qui sont entr\u00e9s r\u00e9cemment dans la carri\u00e8re de la politique internationale, avec la m\u00eame ind\u00e9licatesse qui caract\u00e9rise, dit-on, les \u00e9l\u00e9phants des magasins de porcelaines.<\/p>\n","protected":false},"excerpt":{"rendered":"<p>\u00ab LES \u00c9L\u00c9PHANTS D\u2019AFRIQUE PARLENT AUX \u00c9L\u00c9PHANTS ROSES \u00bbApr\u00e8s son journal de la mi-journ\u00e9e, la 3 proposait, ce dimanche 12 [&hellip;]<\/p>\n","protected":false},"author":1,"featured_media":0,"comment_status":"open","ping_status":"open","sticky":false,"template":"","format":"standard","meta":{"sfsi_plus_gutenberg_text_before_share":"","sfsi_plus_gutenberg_show_text_before_share":"","sfsi_plus_gutenberg_icon_type":"","sfsi_plus_gutenberg_icon_alignemt":"","sfsi_plus_gutenburg_max_per_row":"","site-sidebar-layout":"default","site-content-layout":"","ast-site-content-layout":"default","site-content-style":"default","site-sidebar-style":"default","ast-global-header-display":"","ast-banner-title-visibility":"","ast-main-header-display":"","ast-hfb-above-header-display":"","ast-hfb-below-header-display":"","ast-hfb-mobile-header-display":"","site-post-title":"","ast-breadcrumbs-content":"","ast-featured-img":"","footer-sml-layout":"","ast-disable-related-posts":"","theme-transparent-header-meta":"","adv-header-id-meta":"","stick-header-meta":"","header-above-stick-meta":"","header-main-stick-meta":"","header-below-stick-meta":"","astra-migrate-meta-layouts":"default","ast-page-background-enabled":"default","ast-page-background-meta":{"desktop":{"background-color":"var(--ast-global-color-4)","background-image":"","background-repeat":"repeat","background-position":"center center","background-size":"auto","background-attachment":"scroll","background-type":"","background-media":"","overlay-type":"","overlay-color":"","overlay-opacity":"","overlay-gradient":""},"tablet":{"background-color":"","background-image":"","background-repeat":"repeat","background-position":"center center","background-size":"auto","background-attachment":"scroll","background-type":"","background-media":"","overlay-type":"","overlay-color":"","overlay-opacity":"","overlay-gradient":""},"mobile":{"background-color":"","background-image":"","background-repeat":"repeat","background-position":"center center","background-size":"auto","background-attachment":"scroll","background-type":"","background-media":"","overlay-type":"","overlay-color":"","overlay-opacity":"","overlay-gradient":""}},"ast-content-background-meta":{"desktop":{"background-color":"var(--ast-global-color-5)","background-image":"","background-repeat":"repeat","background-position":"center center","background-size":"auto","background-attachment":"scroll","background-type":"","background-media":"","overlay-type":"","overlay-color":"","overlay-opacity":"","overlay-gradient":""},"tablet":{"background-color":"var(--ast-global-color-5)","background-image":"","background-repeat":"repeat","background-position":"center center","background-size":"auto","background-attachment":"scroll","background-type":"","background-media":"","overlay-type":"","overlay-color":"","overlay-opacity":"","overlay-gradient":""},"mobile":{"background-color":"var(--ast-global-color-5)","background-image":"","background-repeat":"repeat","background-position":"center center","background-size":"auto","background-attachment":"scroll","background-type":"","background-media":"","overlay-type":"","overlay-color":"","overlay-opacity":"","overlay-gradient":""}},"footnotes":""},"categories":[16],"tags":[],"class_list":["post-1477","post","type-post","status-publish","format-standard","hentry","category-archives-cms"],"_links":{"self":[{"href":"https:\/\/lavoiedessansvoix.fr\/lavoie\/wp-json\/wp\/v2\/posts\/1477","targetHints":{"allow":["GET"]}}],"collection":[{"href":"https:\/\/lavoiedessansvoix.fr\/lavoie\/wp-json\/wp\/v2\/posts"}],"about":[{"href":"https:\/\/lavoiedessansvoix.fr\/lavoie\/wp-json\/wp\/v2\/types\/post"}],"author":[{"embeddable":true,"href":"https:\/\/lavoiedessansvoix.fr\/lavoie\/wp-json\/wp\/v2\/users\/1"}],"replies":[{"embeddable":true,"href":"https:\/\/lavoiedessansvoix.fr\/lavoie\/wp-json\/wp\/v2\/comments?post=1477"}],"version-history":[{"count":0,"href":"https:\/\/lavoiedessansvoix.fr\/lavoie\/wp-json\/wp\/v2\/posts\/1477\/revisions"}],"wp:attachment":[{"href":"https:\/\/lavoiedessansvoix.fr\/lavoie\/wp-json\/wp\/v2\/media?parent=1477"}],"wp:term":[{"taxonomy":"category","embeddable":true,"href":"https:\/\/lavoiedessansvoix.fr\/lavoie\/wp-json\/wp\/v2\/categories?post=1477"},{"taxonomy":"post_tag","embeddable":true,"href":"https:\/\/lavoiedessansvoix.fr\/lavoie\/wp-json\/wp\/v2\/tags?post=1477"}],"curies":[{"name":"wp","href":"https:\/\/api.w.org\/{rel}","templated":true}]}}