{"id":1476,"date":"2012-08-30T16:31:17","date_gmt":"2012-08-30T14:31:17","guid":{"rendered":"https:\/\/lavoiedessansvoix.fr\/lavoie\/2012\/08\/30\/archive-l-antisemitisme-ne-passera-pas\/"},"modified":"2012-08-30T16:31:17","modified_gmt":"2012-08-30T14:31:17","slug":"archive-l-antisemitisme-ne-passera-pas","status":"publish","type":"post","link":"https:\/\/lavoiedessansvoix.fr\/lavoie\/2012\/08\/30\/archive-l-antisemitisme-ne-passera-pas\/","title":{"rendered":"L\u2019ANTIS\u00c9MITISME NE PASSERA PAS !"},"content":{"rendered":"<p>L\u2019ANTIS\u00c9MITISME NE PASSERA PAS !Isaac ? L\u2019intention malsaine ne fait gu\u00e8re de doute. Qui est donc le \u00ab fils de pute \u00bb, le salaud d\u2019antis\u00e9mite primaire qui a eu l\u2019id\u00e9e saugrenue de nommer ainsi une calamit\u00e9 m\u00e9t\u00e9orologique ? Isaac, pensez un peu, le papa de Joseph \u00ab Isra\u00ebl \u00bb, le grand p\u00e8re en quelque sorte de la \u00ab nation isra\u00e9lienne \u00bb. Je sais, des mauvaises langues trouveront \u00e0 ce parall\u00e8le, purement circonstanciel, quelques fondements logiques et historiques troublants. L\u2019un souffle la temp\u00eate, des pluies diluviennes et des orages, l\u2019autre \u00ab des temp\u00eates du d\u00e9sert \u00bb, le feu de la technique et la foudre prom\u00e9th\u00e9enne de \u00ab la puissance \u00bb humaine. Comme Isaac temp\u00eate tropicale, Isra\u00ebl \u00ab le fils \u00bb ne s\u2019est-il pas rendu coupable de biens des calamit\u00e9s dans l\u2019histoire antique et r\u00e9cente de l\u2019humanit\u00e9 ? Certes, direz-vous, Isaac s\u2019en prend \u00e0 pr\u00e9sent \u00e0 la Floride et \u00e0 Cuba, et Isra\u00ebl \u00e0 Gaza et \u00e0 l\u2019Iran, des secteurs g\u00e9ographiques si diff\u00e9rents que le lien de parent\u00e9 parait incertain. Mais laquelle de ces deux calamit\u00e9s, la \u00ab m\u00e9t\u00e9orologique \u00bb ou la \u00ab politique \u00bb sera la plus meurtri\u00e8re, la plus d\u00e9vastatrice ? Quelques dizaines de victimes pour l\u2019une, des dizaines, voire des centaines de milliers pour l\u2019autre. Nous n\u2019ouvrirons pas de paris, vous seriez tous gagnants.C\u2019est devenu r\u00e9current, selon les autorit\u00e9s juives, l\u2019antis\u00e9mitisme ne cesserait d\u2019augmenter, et les actes antis\u00e9mites en t\u00e9moigneraient. Voil\u00e0 donc pour l\u2019\u00c9tat d\u2019Isra\u00ebl, pour le Mossad, Le B\u00e9ta, l\u2019Aipac et le Crif, une occasion r\u00eav\u00e9e de porter plainte pour insulte antis\u00e9mite contre l\u2019ing\u00e9nieur m\u00e9t\u00e9orologue qui a \u00e9t\u00e9 si mal avis\u00e9 d\u2019injurier \u00ab l\u2019\u00e9tat juif \u00bb en nommant du nom de son c\u00e9l\u00e8bre a\u00efeul, ce cyclone certes venu des cieux. Pourquoi diable n\u2019aurait-il pas pouss\u00e9 l\u2019audace jusqu\u2019\u00e0 le nommer \u00c9lie ?<\/p>\n","protected":false},"excerpt":{"rendered":"<p>L\u2019ANTIS\u00c9MITISME NE PASSERA PAS !Isaac ? L\u2019intention malsaine ne fait gu\u00e8re de doute. Qui est donc le \u00ab fils de [&hellip;]<\/p>\n","protected":false},"author":1,"featured_media":0,"comment_status":"open","ping_status":"open","sticky":false,"template":"","format":"standard","meta":{"sfsi_plus_gutenberg_text_before_share":"","sfsi_plus_gutenberg_show_text_before_share":"","sfsi_plus_gutenberg_icon_type":"","sfsi_plus_gutenberg_icon_alignemt":"","sfsi_plus_gutenburg_max_per_row":"","site-sidebar-layout":"default","site-content-layout":"","ast-site-content-layout":"default","site-content-style":"default","site-sidebar-style":"default","ast-global-header-display":"","ast-banner-title-visibility":"","ast-main-header-display":"","ast-hfb-above-header-display":"","ast-hfb-below-header-display":"","ast-hfb-mobile-header-display":"","site-post-title":"","ast-breadcrumbs-content":"","ast-featured-img":"","footer-sml-layout":"","ast-disable-related-posts":"","theme-transparent-header-meta":"","adv-header-id-meta":"","stick-header-meta":"","header-above-stick-meta":"","header-main-stick-meta":"","header-below-stick-meta":"","astra-migrate-meta-layouts":"default","ast-page-background-enabled":"default","ast-page-background-meta":{"desktop":{"background-color":"var(--ast-global-color-4)","background-image":"","background-repeat":"repeat","background-position":"center center","background-size":"auto","background-attachment":"scroll","background-type":"","background-media":"","overlay-type":"","overlay-color":"","overlay-opacity":"","overlay-gradient":""},"tablet":{"background-color":"","background-image":"","background-repeat":"repeat","background-position":"center center","background-size":"auto","background-attachment":"scroll","background-type":"","background-media":"","overlay-type":"","overlay-color":"","overlay-opacity":"","overlay-gradient":""},"mobile":{"background-color":"","background-image":"","background-repeat":"repeat","background-position":"center center","background-size":"auto","background-attachment":"scroll","background-type":"","background-media":"","overlay-type":"","overlay-color":"","overlay-opacity":"","overlay-gradient":""}},"ast-content-background-meta":{"desktop":{"background-color":"var(--ast-global-color-5)","background-image":"","background-repeat":"repeat","background-position":"center center","background-size":"auto","background-attachment":"scroll","background-type":"","background-media":"","overlay-type":"","overlay-color":"","overlay-opacity":"","overlay-gradient":""},"tablet":{"background-color":"var(--ast-global-color-5)","background-image":"","background-repeat":"repeat","background-position":"center center","background-size":"auto","background-attachment":"scroll","background-type":"","background-media":"","overlay-type":"","overlay-color":"","overlay-opacity":"","overlay-gradient":""},"mobile":{"background-color":"var(--ast-global-color-5)","background-image":"","background-repeat":"repeat","background-position":"center center","background-size":"auto","background-attachment":"scroll","background-type":"","background-media":"","overlay-type":"","overlay-color":"","overlay-opacity":"","overlay-gradient":""}},"footnotes":""},"categories":[16],"tags":[],"class_list":["post-1476","post","type-post","status-publish","format-standard","hentry","category-archives-cms"],"_links":{"self":[{"href":"https:\/\/lavoiedessansvoix.fr\/lavoie\/wp-json\/wp\/v2\/posts\/1476","targetHints":{"allow":["GET"]}}],"collection":[{"href":"https:\/\/lavoiedessansvoix.fr\/lavoie\/wp-json\/wp\/v2\/posts"}],"about":[{"href":"https:\/\/lavoiedessansvoix.fr\/lavoie\/wp-json\/wp\/v2\/types\/post"}],"author":[{"embeddable":true,"href":"https:\/\/lavoiedessansvoix.fr\/lavoie\/wp-json\/wp\/v2\/users\/1"}],"replies":[{"embeddable":true,"href":"https:\/\/lavoiedessansvoix.fr\/lavoie\/wp-json\/wp\/v2\/comments?post=1476"}],"version-history":[{"count":0,"href":"https:\/\/lavoiedessansvoix.fr\/lavoie\/wp-json\/wp\/v2\/posts\/1476\/revisions"}],"wp:attachment":[{"href":"https:\/\/lavoiedessansvoix.fr\/lavoie\/wp-json\/wp\/v2\/media?parent=1476"}],"wp:term":[{"taxonomy":"category","embeddable":true,"href":"https:\/\/lavoiedessansvoix.fr\/lavoie\/wp-json\/wp\/v2\/categories?post=1476"},{"taxonomy":"post_tag","embeddable":true,"href":"https:\/\/lavoiedessansvoix.fr\/lavoie\/wp-json\/wp\/v2\/tags?post=1476"}],"curies":[{"name":"wp","href":"https:\/\/api.w.org\/{rel}","templated":true}]}}