{"id":1473,"date":"2012-11-27T04:13:21","date_gmt":"2012-11-27T03:13:21","guid":{"rendered":"https:\/\/lavoiedessansvoix.fr\/lavoie\/2012\/11\/27\/archive-quot-la-bas-si-j-y-suis-quot-billet-a-l-attention-de-tarik-ali\/"},"modified":"2012-11-27T04:13:21","modified_gmt":"2012-11-27T03:13:21","slug":"archive-quot-la-bas-si-j-y-suis-quot-billet-a-l-attention-de-tarik-ali","status":"publish","type":"post","link":"https:\/\/lavoiedessansvoix.fr\/lavoie\/2012\/11\/27\/archive-quot-la-bas-si-j-y-suis-quot-billet-a-l-attention-de-tarik-ali\/","title":{"rendered":"&quot;LA-BAS SI J&rsquo;Y SUIS&quot;, BILLET A L&rsquo;ATTENTION DE TARIK ALI"},"content":{"rendered":"<p>Bonjour Daniel Mermet,     J\u2019ai entendu, ce jour 26 novembre, un tout petit bout de votre \u00e9mission. J\u2019ai entendu Tarik Ali qui disait \u00e0 peu pr\u00e8s : \u00ab on a beaucoup parl\u00e9 de la chute du bloc de l\u2019Est (du communisme) mais il y a une autre chute dont on a pas assez parl\u00e9, celle de \u00ab la social-d\u00e9mocratie classique\u2026. \u00bb. Or, c\u2019est un sujet sur lequel je me suis pench\u00e9 moi-m\u00eame, m\u2019effor\u00e7ant d\u2019alerter les consciences politiques quant au sens et aux cons\u00e9quences de la mutation de celle-ci, entrepris dans les ann\u00e9es 70\/80, en ce qui concerne la France, sous la direction de Fran\u00e7ois Mitterrand, via le congr\u00e8s d\u2019Epinay et l\u2019alternance politique de 81. J\u2019ai \u00e9crit en 1986 un petit livre que je ne put publier qu\u2019en 1997, intitul\u00e9 \u00ab Social-bonapartisme et classe ouvri\u00e8re \u00bb qui avait l\u2019intention de d\u00e9m\u00ealer l\u2019intrigue historique qui se jouait sous nos yeux. Mais aussi, et je suis certain que Tarik Ali sera ravi de le d\u00e9couvrir, j\u2019ai compl\u00e9t\u00e9 ma r\u00e9flexion sur ce th\u00e8me par l\u2019\u00e9criture d\u2019une deuxi\u00e8me plaquette, au titre on ne peut plus \u00e9vocateur : \u00ab la social-d\u00e9mocratie est morte \u00bb, publi\u00e9 en mai 2000.  Je sais, ces ouvrages n\u2019ont eu qu\u2019une diffusion assez confidentielle. Ils n\u2019en sont pas moins pr\u00e9cieux, ne serait-ce que du fait m\u00eame de leur existence. Leur contenu est toutefois accessible sur mon site web \u00ab lavoiedessansvoix.fr \u00bb, de plus j\u2019en poss\u00e8de encore quelques exemplaires que je tiens \u00e0 la disposition de ceux qui pourraient \u00eatre int\u00e9ress\u00e9s.  Bien s\u00fbr, je serai demain, toute l\u2019heure, \u00e0 l\u2019\u00e9coute de \u00ab l\u00e0-bas si j\u2019y suis \u00bb pour entendre le propos du grand militant que j\u2019estime que j\u2019ai crois\u00e9, deux ou trois fois je crois, dans quelques r\u00e9unions ou conf\u00e9rences internationales.  Avec mes amiti\u00e9s ouvri\u00e8res  Patrick Seignon.<\/p>\n","protected":false},"excerpt":{"rendered":"<p>Bonjour Daniel Mermet, J\u2019ai entendu, ce jour 26 novembre, un tout petit bout de votre \u00e9mission. J\u2019ai entendu Tarik Ali [&hellip;]<\/p>\n","protected":false},"author":1,"featured_media":0,"comment_status":"open","ping_status":"open","sticky":false,"template":"","format":"standard","meta":{"sfsi_plus_gutenberg_text_before_share":"","sfsi_plus_gutenberg_show_text_before_share":"","sfsi_plus_gutenberg_icon_type":"","sfsi_plus_gutenberg_icon_alignemt":"","sfsi_plus_gutenburg_max_per_row":"","site-sidebar-layout":"default","site-content-layout":"","ast-site-content-layout":"default","site-content-style":"default","site-sidebar-style":"default","ast-global-header-display":"","ast-banner-title-visibility":"","ast-main-header-display":"","ast-hfb-above-header-display":"","ast-hfb-below-header-display":"","ast-hfb-mobile-header-display":"","site-post-title":"","ast-breadcrumbs-content":"","ast-featured-img":"","footer-sml-layout":"","ast-disable-related-posts":"","theme-transparent-header-meta":"","adv-header-id-meta":"","stick-header-meta":"","header-above-stick-meta":"","header-main-stick-meta":"","header-below-stick-meta":"","astra-migrate-meta-layouts":"default","ast-page-background-enabled":"default","ast-page-background-meta":{"desktop":{"background-color":"var(--ast-global-color-4)","background-image":"","background-repeat":"repeat","background-position":"center center","background-size":"auto","background-attachment":"scroll","background-type":"","background-media":"","overlay-type":"","overlay-color":"","overlay-opacity":"","overlay-gradient":""},"tablet":{"background-color":"","background-image":"","background-repeat":"repeat","background-position":"center center","background-size":"auto","background-attachment":"scroll","background-type":"","background-media":"","overlay-type":"","overlay-color":"","overlay-opacity":"","overlay-gradient":""},"mobile":{"background-color":"","background-image":"","background-repeat":"repeat","background-position":"center center","background-size":"auto","background-attachment":"scroll","background-type":"","background-media":"","overlay-type":"","overlay-color":"","overlay-opacity":"","overlay-gradient":""}},"ast-content-background-meta":{"desktop":{"background-color":"var(--ast-global-color-5)","background-image":"","background-repeat":"repeat","background-position":"center center","background-size":"auto","background-attachment":"scroll","background-type":"","background-media":"","overlay-type":"","overlay-color":"","overlay-opacity":"","overlay-gradient":""},"tablet":{"background-color":"var(--ast-global-color-5)","background-image":"","background-repeat":"repeat","background-position":"center center","background-size":"auto","background-attachment":"scroll","background-type":"","background-media":"","overlay-type":"","overlay-color":"","overlay-opacity":"","overlay-gradient":""},"mobile":{"background-color":"var(--ast-global-color-5)","background-image":"","background-repeat":"repeat","background-position":"center center","background-size":"auto","background-attachment":"scroll","background-type":"","background-media":"","overlay-type":"","overlay-color":"","overlay-opacity":"","overlay-gradient":""}},"footnotes":""},"categories":[16],"tags":[],"class_list":["post-1473","post","type-post","status-publish","format-standard","hentry","category-archives-cms"],"_links":{"self":[{"href":"https:\/\/lavoiedessansvoix.fr\/lavoie\/wp-json\/wp\/v2\/posts\/1473","targetHints":{"allow":["GET"]}}],"collection":[{"href":"https:\/\/lavoiedessansvoix.fr\/lavoie\/wp-json\/wp\/v2\/posts"}],"about":[{"href":"https:\/\/lavoiedessansvoix.fr\/lavoie\/wp-json\/wp\/v2\/types\/post"}],"author":[{"embeddable":true,"href":"https:\/\/lavoiedessansvoix.fr\/lavoie\/wp-json\/wp\/v2\/users\/1"}],"replies":[{"embeddable":true,"href":"https:\/\/lavoiedessansvoix.fr\/lavoie\/wp-json\/wp\/v2\/comments?post=1473"}],"version-history":[{"count":0,"href":"https:\/\/lavoiedessansvoix.fr\/lavoie\/wp-json\/wp\/v2\/posts\/1473\/revisions"}],"wp:attachment":[{"href":"https:\/\/lavoiedessansvoix.fr\/lavoie\/wp-json\/wp\/v2\/media?parent=1473"}],"wp:term":[{"taxonomy":"category","embeddable":true,"href":"https:\/\/lavoiedessansvoix.fr\/lavoie\/wp-json\/wp\/v2\/categories?post=1473"},{"taxonomy":"post_tag","embeddable":true,"href":"https:\/\/lavoiedessansvoix.fr\/lavoie\/wp-json\/wp\/v2\/tags?post=1473"}],"curies":[{"name":"wp","href":"https:\/\/api.w.org\/{rel}","templated":true}]}}